{"id":17253,"date":"2021-04-12T11:45:24","date_gmt":"2021-04-12T09:45:24","guid":{"rendered":"https:\/\/bisbalpenedes.com\/web\/?p=17253"},"modified":"2021-04-13T14:19:09","modified_gmt":"2021-04-13T12:19:09","slug":"agenda-cultural-de-sant-jordi-del-16-al-24-dabril-de-2021","status":"publish","type":"post","link":"https:\/\/bisbalpenedes.com\/web\/2021\/04\/12\/agenda-cultural-de-sant-jordi-del-16-al-24-dabril-de-2021\/","title":{"rendered":"Agenda Cultural de Sant Jordi: del 16 al 24 d&#8217;abril de 2021"},"content":{"rendered":"\n<p>La setmana vinent arriba Sant Jordi i la Regidoria de Cultura ha preparat un seguit d\u2019actes amb motiu d\u2019aquesta celebraci\u00f3. De moment s&#8217;han esgotat les places per a les activitats del dissabte 24 d&#8217;abril:<\/p>\n\n\n\n<p><br><strong>Des del divendres 16 d\u2019abril i fins al 21 de maig<\/strong> podreu visitar l\u2019exposici\u00f3 \u201cTota pedra fa paret. La pedra seca a Catalunya\u201d al CMC. Es tracta d\u2019una exposici\u00f3 de la Generalitat de Catalunya i l\u2019Associaci\u00f3 per la pedra seca i l\u2019arquitectura tradicional.<br><\/p>\n\n\n\n<p><strong>El dijous 22 d\u2019abril, a les 18:00h,<\/strong> a la Biblioteca (CMC): activitat infantil \u201cel drac devorador de pizzes\u201d, un conte humor\u00edstic de Sant Jordi.<\/p>\n\n\n\n<p><br><strong>El divendres 23 d\u2019abril, a les 18:30h,<\/strong> a la pista (pla\u00e7a Pau Casals): entrega dels premis del 13\u00e8 Concurs Literari de Sant Jordi i, a continuaci\u00f3, concert d\u2019havaneres a c\u00e0rrec del grup \u201cLes anxovetes\u201d.<\/p>\n\n\n\n<p><br><strong>IMPORTANT:<\/strong> Cal inscriure\u2019s pr\u00e8viament per participar en les activitats organitzades. Inscripcions per Whatsapp escrivint al <strong>684 416 843 i al 608 568 881.<\/strong><\/p>\n\n\n\n<hr class=\"wp-block-separator is-style-wide\"\/>\n\n\n\n<p><strong>CASTELLANO | <\/strong>La semana que viene llega Sant Jordi y la Concejal\u00eda de Cultura ha preparado varios actos con motivo de esta celebraci\u00f3n. De momento se han agotado las plazas para las actividades del s\u00e1bado 24 de abril:<\/p>\n\n\n\n<p><br><strong>Desde el viernes 16 de abril y hasta el 21 de mayo <\/strong>podr\u00e9is visitar la exposici\u00f3n \u201cTota pedra fa paret. La pedra seca a Catalunya\u201d en el CMC. Se trata de una exposici\u00f3n de la Generalitat de Catalunya y la Associaci\u00f3 per la pedra seca i l\u2019arquitectura tradicional.<\/p>\n\n\n\n<p><br><strong>El jueves 22 de abril, a las 18:00h,<\/strong> en la Biblioteca (CMC): actividad infantil \u201cel drac? devorador de pizzes\u201d (\u201cel drag\u00f3n devorador de pizzas\u201d, un cuento humor\u00edstico de Sant Jordi.<\/p>\n\n\n\n<p><br><strong>El viernes 23 de abril, a las 18:30h,<\/strong> en la pista (pla\u00e7a Pau Casals): entrega de los premios del 13\u00ba Concurso Literario de Sant Jordi y, a continuaci\u00f3n, concierto de habaneras a cargo del grupo \u201cLes anxovetes\u201d.<\/p>\n\n\n\n<p><br><strong>IMPORTANTE: <\/strong>Es necesario inscribirse previamente para participar en las actividades organizadas. Inscripciones por Whatsapp escribiendo<strong>al 684 416 843 y al 608 568 881.<\/strong><\/p>\n\n\n\n<p><\/p>\n","protected":false},"excerpt":{"rendered":"<p>La setmana vinent arriba Sant Jordi i la Regidoria de Cultura ha preparat un seguit d\u2019actes amb motiu d\u2019aquesta celebraci\u00f3. De moment s&#8217;han esgotat les places per a les activitats &hellip; <a href=\"https:\/\/bisbalpenedes.com\/web\/2021\/04\/12\/agenda-cultural-de-sant-jordi-del-16-al-24-dabril-de-2021\/\" class=\"more-link\">Read More<\/a><\/p>\n","protected":false},"author":4,"featured_media":17279,"comment_status":"closed","ping_status":"closed","sticky":false,"template":"","format":"standard","meta":[],"categories":[2942,13,8],"tags":[4441,459,180,225,589,393,4443,491,352,4442,64],"_links":{"self":[{"href":"https:\/\/bisbalpenedes.com\/web\/wp-json\/wp\/v2\/posts\/17253"}],"collection":[{"href":"https:\/\/bisbalpenedes.com\/web\/wp-json\/wp\/v2\/posts"}],"about":[{"href":"https:\/\/bisbalpenedes.com\/web\/wp-json\/wp\/v2\/types\/post"}],"author":[{"embeddable":true,"href":"https:\/\/bisbalpenedes.com\/web\/wp-json\/wp\/v2\/users\/4"}],"replies":[{"embeddable":true,"href":"https:\/\/bisbalpenedes.com\/web\/wp-json\/wp\/v2\/comments?post=17253"}],"version-history":[{"count":2,"href":"https:\/\/bisbalpenedes.com\/web\/wp-json\/wp\/v2\/posts\/17253\/revisions"}],"predecessor-version":[{"id":17280,"href":"https:\/\/bisbalpenedes.com\/web\/wp-json\/wp\/v2\/posts\/17253\/revisions\/17280"}],"wp:featuredmedia":[{"embeddable":true,"href":"https:\/\/bisbalpenedes.com\/web\/wp-json\/wp\/v2\/media\/17279"}],"wp:attachment":[{"href":"https:\/\/bisbalpenedes.com\/web\/wp-json\/wp\/v2\/media?parent=17253"}],"wp:term":[{"taxonomy":"category","embeddable":true,"href":"https:\/\/bisbalpenedes.com\/web\/wp-json\/wp\/v2\/categories?post=17253"},{"taxonomy":"post_tag","embeddable":true,"href":"https:\/\/bisbalpenedes.com\/web\/wp-json\/wp\/v2\/tags?post=17253"}],"curies":[{"name":"wp","href":"https:\/\/api.w.org\/{rel}","templated":true}]}}