{"id":17243,"date":"2021-04-09T13:25:26","date_gmt":"2021-04-09T11:25:26","guid":{"rendered":"https:\/\/bisbalpenedes.com\/web\/?p=17243"},"modified":"2021-04-11T19:22:02","modified_gmt":"2021-04-11T17:22:02","slug":"el-dissabte-17-dabril-a-les-19h-projectarem-la-pellicula-sentimental-del-cicle-gaudi-al-cmc","status":"publish","type":"post","link":"https:\/\/bisbalpenedes.com\/web\/2021\/04\/09\/el-dissabte-17-dabril-a-les-19h-projectarem-la-pellicula-sentimental-del-cicle-gaudi-al-cmc\/","title":{"rendered":"El dissabte 24 d&#8217;abril a les 19h projectarem la pel\u00b7l\u00edcula &#8220;Sentimental&#8221; del Cicle Gaud\u00ed al CMC"},"content":{"rendered":"\n<figure class=\"wp-block-embed is-type-video is-provider-youtube wp-block-embed-youtube wp-embed-aspect-16-9 wp-has-aspect-ratio\"><div class=\"wp-block-embed__wrapper\">\n<iframe loading=\"lazy\" title=\"Cicle Gaud\u00ed: &quot;Sentimental&quot;\" width=\"1170\" height=\"658\" src=\"https:\/\/www.youtube.com\/embed\/nJt6_eQvI6A?feature=oembed\" frameborder=\"0\" allow=\"accelerometer; autoplay; clipboard-write; encrypted-media; gyroscope; picture-in-picture\" allowfullscreen><\/iframe>\n<\/div><\/figure>\n\n\n\n<p>El proper dissabte 24 d\u2019abril, a les 19h, projectarem la pel\u00b7l\u00edcula Sentimental del Cicle Gaud\u00ed al CMC.<\/p>\n\n\n\n<p>El preu general de l\u2019entrada \u00e9s de 4,5\u20ac i s\u2019ofereix un preu redu\u00eft de 3\u20ac presentant el carnet de la Biblioteca Municipal de la Bisbal.<\/p>\n\n\n\n<p>Quant a la recaptaci\u00f3, aquesta es destinar\u00e0 a l\u2019entitat del poble que gestioni la venda d\u2019entrades en cada projecci\u00f3, en aquest cas l\u2019Associaci\u00f3 de Dones La Roca Foradada.<\/p>\n\n\n\n<p>Les taquilles s\u2019obriran 30 minuts abans amb l\u2019objectiu de tenir un control dels assistents i poder-los ubicar respectant totes les mesures de seguretat per la Covid-19. L\u2019aforament ser\u00e0 limitat.<\/p>\n\n\n\n<p><strong>FITXA T\u00c8CNICA<\/strong><\/p>\n\n\n\n<p>Direcci\u00f3: Cesc Gay<\/p>\n\n\n\n<p>Gui\u00f3: Cesc Gay<\/p>\n\n\n\n<p>Direcci\u00f3 de fotografia: Andreu Reb\u00e9s<\/p>\n\n\n\n<p>Muntatge: Liana Artigal<\/p>\n\n\n\n<p>So: Albert Gay, Laura Tom\u00e1s, Yasmina Pradera<\/p>\n\n\n\n<p>Estrena: Octubre 2020<\/p>\n\n\n\n<p>Durada: 81 min.<\/p>\n\n\n\n<p>G\u00e8nere: Com\u00e8dia<\/p>\n\n\n\n<p>Int\u00e8rprets: Javier C\u00e1mara, Bel\u00e9n Cuesta, Ana Griselda Siciliani, Alberto San Juan<\/p>\n\n\n\n<p><strong>SINOPSI<\/strong><\/p>\n\n\n\n<p>En Julio (Javier C\u00e1mara) i l\u2019Ana (Griselda Siciliani) fa m\u00e9s de quinze anys que estan junts. Formen una parella que ja no es mira ni es toca, I que ha fet del combat diari l\u2019ess\u00e8ncia de la seva relci\u00f3. Aquesta nit l\u2019Ana ha convidat a casa els seus nous ve\u00efns de dalt, en Salva (Alberto San Juan) i la Laura (Bel\u00e9n Cuesta), una parella m\u00e9s jove que ells, amable i simp\u00e0tica, per\u00f2 els \u201csorolls\u201d s\u2019han convertit en una mol\u00e8stia per a en Julio i l\u2019Ana\u2026<\/p>\n\n\n\n<p>La primera pel\u00b7l\u00edcula de Cesc Gay, despr\u00e9s de l\u2019\u00e8xit de \u201cTruman\u201d (2015) \u00e9s una reflexi\u00f3 sobre la vida en parella I la sexualitat que tracta amb ironia i humor temes com ara la conviv\u00e8ncia, la valentia, el sexe, l\u2019amor i l\u2019aparen\u00e7a.<\/p>\n\n\n\n<hr class=\"wp-block-separator is-style-wide\"\/>\n\n\n\n<p><strong>CASTELLANO | <\/strong>El pr\u00f3ximo s\u00e1bado 24 de abril, a las 19h, proyectaremos la pel\u00edcula Sentimental del Cicle Gaud\u00ed en el CMC.<\/p>\n\n\n\n<p>El precio general de la entrada es de 4,5\u20ac y se ofrece un precio reducido de 3\u20ac presentando el carn\u00e9 de la Biblioteca Municipal de la Bisbal.<\/p>\n\n\n\n<p>En cuanto a la recaudaci\u00f3n, esta se destinar\u00e1 a la entidad del pueblo que gestione la venta de entradas en cada proyecci\u00f3n, en este caso la Associaci\u00f3 de Dones La Roca Foradada.<\/p>\n\n\n\n<p>Las taquillas se abrir\u00e1n 30 minutos antes con el objetivo de tener un control de los asistentes y poderlos ubicar respetando todas las medidas de seguridad por la Covid-19. El aforo ser\u00e1 limitado.<\/p>\n\n\n\n<p><strong>FICHA T\u00c9CNICA<\/strong><\/p>\n\n\n\n<p>Direcci\u00f3n: Cesc Gay<\/p>\n\n\n\n<p>Guion: Cesc Gay<\/p>\n\n\n\n<p>Direcci\u00f3n de fotograf\u00eda: Andreu Reb\u00e9s<\/p>\n\n\n\n<p>Montaje: Liana Artigal<\/p>\n\n\n\n<p>Sonido: Albert Gay, Laura Tom\u00e1s, Yasmina *Pradera<\/p>\n\n\n\n<p>Estreno: Octubre 2020<\/p>\n\n\n\n<p>Duraci\u00f3n: 81 min.<\/p>\n\n\n\n<p>G\u00e9nero: Comedia<\/p>\n\n\n\n<p>Int\u00e9rpretes: Javier C\u00e1mara, Bel\u00e9n Cuesta, Ana Griselda Siciliani, Alberto San Juan<\/p>\n\n\n\n<p><strong>SINOPSIS<\/strong><\/p>\n\n\n\n<p>Julio (Javier C\u00e1mara) y Ana (Griselda Siciliani) hace m\u00e1s de quince a\u00f1os que est\u00e1n juntos. Forman una pareja que ya no se mira ni se toca, Y que ha hecho del combate diario la esencia de su relaci\u00f3n. Esta noche Ana ha invitado en casa sus nuevos vecinos de arriba, Salva (Alberto San Juan) y Laura (Bel\u00e9n Cuesta), una pareja m\u00e1s joven que ellos, amable y simp\u00e1tica, pero los \u201cruidos\u201d se han convertido en una molestia para en Julio y Ana\u2026<\/p>\n\n\n\n<p>La primera pel\u00edcula de Cesc Gay, despu\u00e9s del \u00e9xito de \u201cTruman\u201d (2015) es una reflexi\u00f3n sobre la vida en pareja Y la sexualidad que trata con iron\u00eda y humor temas como la convivencia, la valent\u00eda, el sexo, el amor y la apariencia.<\/p>\n","protected":false},"excerpt":{"rendered":"<p>El proper dissabte 24 d\u2019abril, a les 19h, projectarem la pel\u00b7l\u00edcula Sentimental del Cicle Gaud\u00ed al CMC. El preu general de l\u2019entrada \u00e9s de 4,5\u20ac i s\u2019ofereix un preu redu\u00eft &hellip; <a href=\"https:\/\/bisbalpenedes.com\/web\/2021\/04\/09\/el-dissabte-17-dabril-a-les-19h-projectarem-la-pellicula-sentimental-del-cicle-gaudi-al-cmc\/\" class=\"more-link\">Read More<\/a><\/p>\n","protected":false},"author":4,"featured_media":17251,"comment_status":"closed","ping_status":"closed","sticky":false,"template":"","format":"standard","meta":[],"categories":[2942,13,8],"tags":[4438,308,307,771,350,4439],"_links":{"self":[{"href":"https:\/\/bisbalpenedes.com\/web\/wp-json\/wp\/v2\/posts\/17243"}],"collection":[{"href":"https:\/\/bisbalpenedes.com\/web\/wp-json\/wp\/v2\/posts"}],"about":[{"href":"https:\/\/bisbalpenedes.com\/web\/wp-json\/wp\/v2\/types\/post"}],"author":[{"embeddable":true,"href":"https:\/\/bisbalpenedes.com\/web\/wp-json\/wp\/v2\/users\/4"}],"replies":[{"embeddable":true,"href":"https:\/\/bisbalpenedes.com\/web\/wp-json\/wp\/v2\/comments?post=17243"}],"version-history":[{"count":3,"href":"https:\/\/bisbalpenedes.com\/web\/wp-json\/wp\/v2\/posts\/17243\/revisions"}],"predecessor-version":[{"id":17250,"href":"https:\/\/bisbalpenedes.com\/web\/wp-json\/wp\/v2\/posts\/17243\/revisions\/17250"}],"wp:featuredmedia":[{"embeddable":true,"href":"https:\/\/bisbalpenedes.com\/web\/wp-json\/wp\/v2\/media\/17251"}],"wp:attachment":[{"href":"https:\/\/bisbalpenedes.com\/web\/wp-json\/wp\/v2\/media?parent=17243"}],"wp:term":[{"taxonomy":"category","embeddable":true,"href":"https:\/\/bisbalpenedes.com\/web\/wp-json\/wp\/v2\/categories?post=17243"},{"taxonomy":"post_tag","embeddable":true,"href":"https:\/\/bisbalpenedes.com\/web\/wp-json\/wp\/v2\/tags?post=17243"}],"curies":[{"name":"wp","href":"https:\/\/api.w.org\/{rel}","templated":true}]}}