{"id":17237,"date":"2021-04-09T11:27:43","date_gmt":"2021-04-09T09:27:43","guid":{"rendered":"https:\/\/bisbalpenedes.com\/web\/?p=17237"},"modified":"2021-04-09T11:27:52","modified_gmt":"2021-04-09T09:27:52","slug":"ja-esta-disponible-ledicio-de-marc-i-abril-de-2021-de-la-revista-municipal-torre-de-guaita","status":"publish","type":"post","link":"https:\/\/bisbalpenedes.com\/web\/2021\/04\/09\/ja-esta-disponible-ledicio-de-marc-i-abril-de-2021-de-la-revista-municipal-torre-de-guaita\/","title":{"rendered":"Ja est\u00e0 disponible l\u2019edici\u00f3 de mar\u00e7 i abril de 2021 de la Revista municipal Torre de Guaita"},"content":{"rendered":"\n<p>Ja s&#8217;ha publicat l&#8217;edici\u00f3 dels mesos de mar\u00e7 i abril de 2021 de la revista municipal Torre de Guaita i s&#8217;ha comen\u00e7at a repartir l&#8217;edici\u00f3 en paper.<\/p>\n\n\n\n<p>Us podeu descarregar la revista en format digital, aqu\u00ed: <a href=\"https:\/\/bisbalpenedes.com\/web\/wp-content\/uploads\/2021\/04\/Torre-de-guaita-2021-03.pdf\" target=\"_blank\" rel=\"noreferrer noopener\">https:\/\/bisbalpenedes.com\/web\/wp-content\/uploads\/2021\/04\/Torre-de-guaita-2021-03.pdf<\/a><\/p>\n\n\n\n<p><strong>Fe d&#8217;errades:<\/strong> a l&#8217;apartat d&#8217;agenda hi ha una errada: el llibre de Sant Jordi que es presentar\u00e0 el 24 d&#8217;abril \u00e9s del bisbalenc Jaume Mir\u00f3 (i no pas Jaume Borr\u00e0s, com figura a la revista).<\/p>\n\n\n\n<hr class=\"wp-block-separator is-style-wide\"\/>\n\n\n\n<p><strong>CASTELLANO |<\/strong> Ya se ha publicado la edici\u00f3n de los meses de marzo y abril de la revista municipal Torre de Guaita y se ha empezado a repartir la edici\u00f3n en papel.<\/p>\n\n\n\n<p>Os pod\u00e9is descargar la revista en formato digital, aqu\u00ed: <a href=\"https:\/\/bisbalpenedes.com\/web\/wp-content\/uploads\/2021\/04\/Torre-de-guaita-2021-03.pdf\" target=\"_blank\" rel=\"noreferrer noopener\">https:\/\/bisbalpenedes.com\/web\/wp-content\/uploads\/2021\/04\/Torre-de-guaita-2021-03.pdf<\/a><\/p>\n\n\n\n<p><strong>Fe de erratas: <\/strong>en el apartado de agenda hay un error: el libro de Sant Jordi que se presentar\u00e1 el 24 de abril es del bisbalense Jaume Mir\u00f3 (y no de Jaume Borr\u00e0s, como figura en la revista).<\/p>\n","protected":false},"excerpt":{"rendered":"<p>Ja s&#8217;ha publicat l&#8217;edici\u00f3 dels mesos de mar\u00e7 i abril de 2021 de la revista municipal Torre de Guaita i s&#8217;ha comen\u00e7at a repartir l&#8217;edici\u00f3 en paper. Us podeu descarregar &hellip; <a href=\"https:\/\/bisbalpenedes.com\/web\/2021\/04\/09\/ja-esta-disponible-ledicio-de-marc-i-abril-de-2021-de-la-revista-municipal-torre-de-guaita\/\" class=\"more-link\">Read More<\/a><\/p>\n","protected":false},"author":4,"featured_media":17238,"comment_status":"closed","ping_status":"closed","sticky":false,"template":"","format":"standard","meta":[],"categories":[8,2607],"tags":[393,2609,2608],"_links":{"self":[{"href":"https:\/\/bisbalpenedes.com\/web\/wp-json\/wp\/v2\/posts\/17237"}],"collection":[{"href":"https:\/\/bisbalpenedes.com\/web\/wp-json\/wp\/v2\/posts"}],"about":[{"href":"https:\/\/bisbalpenedes.com\/web\/wp-json\/wp\/v2\/types\/post"}],"author":[{"embeddable":true,"href":"https:\/\/bisbalpenedes.com\/web\/wp-json\/wp\/v2\/users\/4"}],"replies":[{"embeddable":true,"href":"https:\/\/bisbalpenedes.com\/web\/wp-json\/wp\/v2\/comments?post=17237"}],"version-history":[{"count":2,"href":"https:\/\/bisbalpenedes.com\/web\/wp-json\/wp\/v2\/posts\/17237\/revisions"}],"predecessor-version":[{"id":17240,"href":"https:\/\/bisbalpenedes.com\/web\/wp-json\/wp\/v2\/posts\/17237\/revisions\/17240"}],"wp:featuredmedia":[{"embeddable":true,"href":"https:\/\/bisbalpenedes.com\/web\/wp-json\/wp\/v2\/media\/17238"}],"wp:attachment":[{"href":"https:\/\/bisbalpenedes.com\/web\/wp-json\/wp\/v2\/media?parent=17237"}],"wp:term":[{"taxonomy":"category","embeddable":true,"href":"https:\/\/bisbalpenedes.com\/web\/wp-json\/wp\/v2\/categories?post=17237"},{"taxonomy":"post_tag","embeddable":true,"href":"https:\/\/bisbalpenedes.com\/web\/wp-json\/wp\/v2\/tags?post=17237"}],"curies":[{"name":"wp","href":"https:\/\/api.w.org\/{rel}","templated":true}]}}