{"id":17223,"date":"2021-04-14T10:00:00","date_gmt":"2021-04-14T08:00:00","guid":{"rendered":"https:\/\/bisbalpenedes.com\/web\/?p=17223"},"modified":"2021-04-14T10:44:30","modified_gmt":"2021-04-14T08:44:30","slug":"sadjudica-el-contacte-de-subministrament-de-mobiliari-per-a-diversos-equipaments","status":"publish","type":"post","link":"https:\/\/bisbalpenedes.com\/web\/2021\/04\/14\/sadjudica-el-contacte-de-subministrament-de-mobiliari-per-a-diversos-equipaments\/","title":{"rendered":"S\u2019adjudica el contracte de subministrament de mobiliari per a diversos equipaments"},"content":{"rendered":"\n<p>La Junta de govern del passat 1 d\u2019abril va aprovar, a petici\u00f3 de les regidories de Barris i Benestar Social, adjudicar el contracte de subministrament de mobiliari per equipar la Sala de plens, el local social de La Miralba i els dos habitatges socials municipals (les antigues cases dels mestres). El subministrament s\u2019ha adjudicat a l\u2019empresa Comercial Contel S.A. per un import de 10.312,77\u20ac (IVA incl\u00f2s). <\/p>\n\n\n\n<p>Durant el per\u00edode de licitaci\u00f3 es van rebre les propostes de tres empreses i el contracte s\u2019ha adjudicat a l\u2019empresa que ha obtingut una puntuaci\u00f3 m\u00e9s elevada segons el plec de cl\u00e0usules.<\/p>\n\n\n\n<p>El mobiliari que s\u2019inclou al contracte \u00e9s el seg\u00fcent:<\/p>\n\n\n\n<p>-Per als dos habitatges socials: dos llits complets, dues lliteres completes, sis tauletes de nit, quatre armaris, dues taules de menjador, vuit cadires de menjador.<\/p>\n\n\n\n<p>-Per a la Sala de Plens: 11 cadires per als membres del Consistori.<\/p>\n\n\n\n<p>-Local social de La Miralba:<\/p>\n\n\n\n<ul><li>Bar: cinc taules, vint cadires, quatre tamborets<\/li><li>Despatx: taula d\u2019oficina, buc amb tres calaixos, dos armaris, tres cadires<\/li><li>Sala de reunions: taula per a les reunions, vuit cadires, armari, cortina per a la porta exterior<\/li><\/ul>\n\n\n\n<hr class=\"wp-block-separator is-style-default\"\/>\n\n\n\n<p><strong>CASTELLANO |<\/strong> La Junta de gobierno del pasado 1 de abril aprob\u00f3, a petici\u00f3n de las concejal\u00edas de Barrios y Bienestar Social, adjudicar el contrato de suminstro de mobiliario para equipar la Sala de plenos, el local social de La Miralba y las dos viviendas sociales municipales (las antiguas casas de los maestros). El suministro ha sido adjudicado a la empresa Comercial Contel S.A. por un importe de 10.312,77\u20ac (IVA incluido).<\/p>\n\n\n\n<p>Durante el periodo de licitaci\u00f3n se recibieron las propuestas de tres empresas y el contrato se le ha adjudicado a la empresa que ha obtenido una puntuaci\u00f3n m\u00e1s elevada seg\u00fan el pliego de cl\u00e1usulas.<\/p>\n\n\n\n<p>El mobiliario que se incluye en el contrato es el siguiente:<\/p>\n\n\n\n<p>-Para las dos viviendas sociales: dos camas completas, dos literas completas, seis mesillas de noche, cuatro armarios, dos mesas de comedor, ocho sillas de comedor.<\/p>\n\n\n\n<p>-Para la Sala de Plenos: 11 sillas para los miembros del Consistorio<\/p>\n\n\n\n<p>-Local social de La Miralba:<\/p>\n\n\n\n<ul><li>Bar: cinco mesas, veinte sillas, cuatro taburetes.<\/li><li>Despacho: mesa de oficina, mueble con tres cajones, dos armarios, tres sillas.<\/li><li>Sala de reuniones: mesa para las reuniones, ocho sillas, armario, cortina para la puerta exterior.<\/li><\/ul>\n","protected":false},"excerpt":{"rendered":"<p>La Junta de govern del passat 1 d\u2019abril va aprovar, a petici\u00f3 de les regidories de Barris i Benestar Social, adjudicar el contracte de subministrament de mobiliari per equipar la &hellip; <a href=\"https:\/\/bisbalpenedes.com\/web\/2021\/04\/14\/sadjudica-el-contacte-de-subministrament-de-mobiliari-per-a-diversos-equipaments\/\" class=\"more-link\">Read More<\/a><\/p>\n","protected":false},"author":4,"featured_media":15977,"comment_status":"closed","ping_status":"closed","sticky":false,"template":"","format":"standard","meta":[],"categories":[4287,3851,8],"tags":[],"_links":{"self":[{"href":"https:\/\/bisbalpenedes.com\/web\/wp-json\/wp\/v2\/posts\/17223"}],"collection":[{"href":"https:\/\/bisbalpenedes.com\/web\/wp-json\/wp\/v2\/posts"}],"about":[{"href":"https:\/\/bisbalpenedes.com\/web\/wp-json\/wp\/v2\/types\/post"}],"author":[{"embeddable":true,"href":"https:\/\/bisbalpenedes.com\/web\/wp-json\/wp\/v2\/users\/4"}],"replies":[{"embeddable":true,"href":"https:\/\/bisbalpenedes.com\/web\/wp-json\/wp\/v2\/comments?post=17223"}],"version-history":[{"count":3,"href":"https:\/\/bisbalpenedes.com\/web\/wp-json\/wp\/v2\/posts\/17223\/revisions"}],"predecessor-version":[{"id":17306,"href":"https:\/\/bisbalpenedes.com\/web\/wp-json\/wp\/v2\/posts\/17223\/revisions\/17306"}],"wp:featuredmedia":[{"embeddable":true,"href":"https:\/\/bisbalpenedes.com\/web\/wp-json\/wp\/v2\/media\/15977"}],"wp:attachment":[{"href":"https:\/\/bisbalpenedes.com\/web\/wp-json\/wp\/v2\/media?parent=17223"}],"wp:term":[{"taxonomy":"category","embeddable":true,"href":"https:\/\/bisbalpenedes.com\/web\/wp-json\/wp\/v2\/categories?post=17223"},{"taxonomy":"post_tag","embeddable":true,"href":"https:\/\/bisbalpenedes.com\/web\/wp-json\/wp\/v2\/tags?post=17223"}],"curies":[{"name":"wp","href":"https:\/\/api.w.org\/{rel}","templated":true}]}}