{"id":17220,"date":"2021-04-07T19:00:00","date_gmt":"2021-04-07T17:00:00","guid":{"rendered":"https:\/\/bisbalpenedes.com\/web\/?p=17220"},"modified":"2021-04-07T17:17:07","modified_gmt":"2021-04-07T15:17:07","slug":"sadjudiquen-provisionalment-les-obres-de-lampliacio-del-local-social-de-can-gordei","status":"publish","type":"post","link":"https:\/\/bisbalpenedes.com\/web\/2021\/04\/07\/sadjudiquen-provisionalment-les-obres-de-lampliacio-del-local-social-de-can-gordei\/","title":{"rendered":"S\u2019adjudiquen provisionalment les obres de l\u2019ampliaci\u00f3 del local social de Can Gordei"},"content":{"rendered":"\n<p>La Junta de Govern del passat dijous 1 d\u2019abril va aprovar de forma provisional, a petici\u00f3 de la Regidoria de Barris, l\u2019adjudicaci\u00f3 de les obres d\u2019ampliaci\u00f3 i reforma del local social de Can Gordei i de les obres de construcci\u00f3 de la rampa d\u2019acc\u00e9s a la pista esportiva del local social. Ara, l\u2019empresa ha de presentar la documentaci\u00f3 justificativa per poder procedir a l\u2019adjudicaci\u00f3 definitiva del contracte.<\/p>\n\n\n\n<p>Durant el proc\u00e9s de licitaci\u00f3 de les obres s\u2019han rebut 6 propostes de 6 empreses diferents i s\u2019han adjudicat a l\u2019empresa que ha obtingut m\u00e9s puntuaci\u00f3 segons all\u00f2 que s\u2019indicava als plecs de cl\u00e0usules.<\/p>\n\n\n\n<p>L\u2019obra es finan\u00e7ar\u00e0 amb recursos de l\u2019Ajuntament i compta amb una subvenci\u00f3 del Pla d\u2019Acci\u00f3 Municipal (PAM) de la Diputaci\u00f3 de Tarragona.<\/p>\n\n\n\n<hr class=\"wp-block-separator is-style-wide\"\/>\n\n\n\n<p><strong>CASTELLANO |<\/strong> La Junta de Gobierno del pasado jueves 1 de abril aprob\u00f3 de forma provisional, a petici\u00f3n de la Concejal\u00eda de Barrios, la adjudicaci\u00f3n de las obras de ampliaci\u00f3n y reforma del local social de Can Gordei y de las obras de construcci\u00f3n de la rampa de acceso a la pista deportiva del local social. Ahora, la empresa tiene que presentar la documentaci\u00f3n justificativa para poder proceder a la adjudicaci\u00f3n definitiva del contrato.<\/p>\n\n\n\n<p>Durante el proceso de licitaci\u00f3n de las obras se han recibido 6 propuestas de 6 empresas distintas y se han adjudicado a la empresa que ha obtenido m\u00e1s puntuaci\u00f3n seg\u00fan lo que se indicaba en los pliegos de cl\u00e1usulas.<\/p>\n\n\n\n<p>La obra se financiar\u00e1 con recursos del Ayuntamiento y cuenta con una subvenci\u00f3n del Plan de Acci\u00f3n Municipal (PAM) de la Diputaci\u00f3n de Tarragona.<\/p>\n","protected":false},"excerpt":{"rendered":"<p>La Junta de Govern del passat dijous 1 d\u2019abril va aprovar de forma provisional, a petici\u00f3 de la Regidoria de Barris, l\u2019adjudicaci\u00f3 de les obres d\u2019ampliaci\u00f3 i reforma del local &hellip; <a href=\"https:\/\/bisbalpenedes.com\/web\/2021\/04\/07\/sadjudiquen-provisionalment-les-obres-de-lampliacio-del-local-social-de-can-gordei\/\" class=\"more-link\">Read More<\/a><\/p>\n","protected":false},"author":4,"featured_media":17221,"comment_status":"closed","ping_status":"closed","sticky":false,"template":"","format":"standard","meta":[],"categories":[4287,8],"tags":[],"_links":{"self":[{"href":"https:\/\/bisbalpenedes.com\/web\/wp-json\/wp\/v2\/posts\/17220"}],"collection":[{"href":"https:\/\/bisbalpenedes.com\/web\/wp-json\/wp\/v2\/posts"}],"about":[{"href":"https:\/\/bisbalpenedes.com\/web\/wp-json\/wp\/v2\/types\/post"}],"author":[{"embeddable":true,"href":"https:\/\/bisbalpenedes.com\/web\/wp-json\/wp\/v2\/users\/4"}],"replies":[{"embeddable":true,"href":"https:\/\/bisbalpenedes.com\/web\/wp-json\/wp\/v2\/comments?post=17220"}],"version-history":[{"count":1,"href":"https:\/\/bisbalpenedes.com\/web\/wp-json\/wp\/v2\/posts\/17220\/revisions"}],"predecessor-version":[{"id":17222,"href":"https:\/\/bisbalpenedes.com\/web\/wp-json\/wp\/v2\/posts\/17220\/revisions\/17222"}],"wp:featuredmedia":[{"embeddable":true,"href":"https:\/\/bisbalpenedes.com\/web\/wp-json\/wp\/v2\/media\/17221"}],"wp:attachment":[{"href":"https:\/\/bisbalpenedes.com\/web\/wp-json\/wp\/v2\/media?parent=17220"}],"wp:term":[{"taxonomy":"category","embeddable":true,"href":"https:\/\/bisbalpenedes.com\/web\/wp-json\/wp\/v2\/categories?post=17220"},{"taxonomy":"post_tag","embeddable":true,"href":"https:\/\/bisbalpenedes.com\/web\/wp-json\/wp\/v2\/tags?post=17220"}],"curies":[{"name":"wp","href":"https:\/\/api.w.org\/{rel}","templated":true}]}}