{"id":17217,"date":"2021-04-07T17:04:09","date_gmt":"2021-04-07T15:04:09","guid":{"rendered":"https:\/\/bisbalpenedes.com\/web\/?p=17217"},"modified":"2021-04-07T17:04:09","modified_gmt":"2021-04-07T15:04:09","slug":"saprova-un-contracte-de-neteja-i-desinfeccio-de-les-installacions-municipals","status":"publish","type":"post","link":"https:\/\/bisbalpenedes.com\/web\/2021\/04\/07\/saprova-un-contracte-de-neteja-i-desinfeccio-de-les-installacions-municipals\/","title":{"rendered":"S\u2019aprova un contracte de neteja i desinfecci\u00f3 de les instal\u00b7lacions municipals"},"content":{"rendered":"\n<p>El passat 1 d\u2019abril es va aprovar, mitjan\u00e7ant Decret d\u2019alcaldia, un contracte per al servei de neteja i desinfecci\u00f3 de les instal\u00b7lacions municipals amb una durada des del 6 d\u2019abril fins al 31 d\u2019agost de 2021. El contracte se li ha adjudicat a una empresa unipersonal bisbalenca per un m\u00e0xim de 664 hores i un import m\u00e0xim de 13.256,76\u20ac.<\/p>\n\n\n\n<p>El contracte inclou:<\/p>\n\n\n\n<ul><li>Neteja i desinfecci\u00f3 di\u00e0ria al migdia de l\u2019Escola Ull de Vent<\/li><li>Neteja i desinfecci\u00f3 a fons per a la posada en funcionament dels locals socials del Priorat i La Miralba, el Rac\u00f3 de la Gent Gran i els habitatges socials (antigues cases dels mestres)<\/li><li>Neteja i desinfecci\u00f3 puntual d\u2019espais municipals<\/li><\/ul>\n\n\n\n<p>Tenint en compte que el lloc de treball de personal de neteja \u00e9s b\u00e0sic per a l\u2019Ajuntament, ja que les funcions i tasques associades s\u00f3n necess\u00e0ries i imprescindibles per al correcte funcionament i manteniment de les instal\u00b7lacions municipals i que, a m\u00e9s, la neteja i desinfecci\u00f3 d\u2019equipaments \u00e9s ara m\u00e9s necess\u00e0ria que mai per a la prevenci\u00f3 de la COVID-19, l\u2019Ajuntament ha procedit a tirar endavant aquesta contractaci\u00f3 perqu\u00e8 no s\u2019ha pogut cobrir amb la borsa de treball municipal.<\/p>\n\n\n\n<p>El 2018 es va crear la borsa de treball del personal de neteja amb l\u2019objectiu de cobrir vacants, baixes, vacances i necessitats puntuals. El setembre de 2020 dues persones de la borsa de treball van ser avisades per dur a terme tasques de refor\u00e7 de neteja i desinfecci\u00f3 a les escoles, fins al mes de juliol. Una d\u2019aquestes persones va presentar baixa volunt\u00e0ria i no es va poder cobrir amb ning\u00fa altre de la borsa, ja que la resta de candidats\/es van al\u00b7legar que estaven treballant o que no els interessava la feina.<\/p>\n\n\n\n<p>L\u2019alcaldessa de la Bisbal del Pened\u00e8s, Agn\u00e8s Ferr\u00e9, ha explicat que \u201cestem treballant en unes noves bases i una nova convocat\u00f2ria per a la borsa de personal de neteja, amb l\u2019objectiu de poder donar resposta a les necessitats essencials que puguin sorgir causades per possibles vacants, incapacitats temporals, vacances i altres\u201d.<\/p>\n\n\n\n<hr class=\"wp-block-separator is-style-wide\"\/>\n\n\n\n<p><strong>CASTELLANO | <\/strong>El pasado 1 de abril se aprob\u00f3, mediante Decreto de alcald\u00eda, un contrato para el servicio de limpieza y desinfecci\u00f3n de las instalaciones municipales con una duraci\u00f3n desde el 6 de abril hasta el 31 de agosto de 2021. El contrato se le ha adjudicado a una empresa unipersonal de La Bisbal del Pened\u00e8s por un m\u00e1ximo de 664 horas y un importe m\u00e1ximo de 13.256,76\u20ac.<\/p>\n\n\n\n<p>El contrato incluye:<\/p>\n\n\n\n<ul><li>Limpieza y desinfecci\u00f3n diaria a mediod\u00eda de la Escuela Ull de Vent<\/li><li>Limpieza y desinfecci\u00f3n a fondo para la puesta en funcionamiento de los locales sociales del Priorat y La Miralba, del Rac\u00f3 de la Gent Gran y de las viviendas sociales (antiguas casas de los maestros)<\/li><li>Limpieza y desinfecci\u00f3n puntual de espacios municipales<\/li><\/ul>\n\n\n\n<p>Teniendo en cuenta que el puesto de trabajo de personal de limpieza es b\u00e1sico para el Ayuntamiento, puesto que las funciones y tareas asociadas son necesarias e imprescindibles para el correcto funcionamiento y mantenimiento de las instalaciones municipales y que, adem\u00e1s, la limpieza y desinfecci\u00f3n de equipamientos es ahora m\u00e1s necesaria que nunca para la prevenci\u00f3n de la COVID-19, el Ayuntamiento ha procedido a sacar adelante esta contrataci\u00f3n porque no se ha podido cubrir con la bolsa de trabajo municipal.<\/p>\n\n\n\n<p>El 2018 se cre\u00f3 la bolsa de trabajo del personal de limpieza con el objetivo de cubrir vacantes, bajas, vacaciones y necesidades puntuales. El septiembre de 2020 dos personas de la bolsa de trabajo fueron avisadas para llevar a cabo tareas de refuerzo de limpieza y desinfecci\u00f3n en las escuelas, hasta el mes de julio. Una de estas personas present\u00f3 baja voluntaria y no se pudo cubrir con nadie m\u00e1s de la bolsa, puesto que el resto de candidatos\/as alegaron que estaban trabajando o que no les interesaba el trabajo.<\/p>\n\n\n\n<p>La alcaldesa de la Bisbal del Pened\u00e8s, Agn\u00e8s Ferr\u00e9, ha explicado que \u201cestamos trabajando en unas nuevas bases y una nueva convocatoria para la bolsa de personal de limpieza, con el objetivo de poder dar respuesta a las necesidades esenciales que puedan surgir causadas por posibles vacantes, incapacidades temporales, vacaciones y otras\u201d.<\/p>\n","protected":false},"excerpt":{"rendered":"<p>El passat 1 d\u2019abril es va aprovar, mitjan\u00e7ant Decret d\u2019alcaldia, un contracte per al servei de neteja i desinfecci\u00f3 de les instal\u00b7lacions municipals amb una durada des del 6 d\u2019abril &hellip; <a href=\"https:\/\/bisbalpenedes.com\/web\/2021\/04\/07\/saprova-un-contracte-de-neteja-i-desinfeccio-de-les-installacions-municipals\/\" class=\"more-link\">Read More<\/a><\/p>\n","protected":false},"author":4,"featured_media":17218,"comment_status":"closed","ping_status":"closed","sticky":false,"template":"","format":"standard","meta":[],"categories":[2057,8],"tags":[3283,4435,361,3707],"_links":{"self":[{"href":"https:\/\/bisbalpenedes.com\/web\/wp-json\/wp\/v2\/posts\/17217"}],"collection":[{"href":"https:\/\/bisbalpenedes.com\/web\/wp-json\/wp\/v2\/posts"}],"about":[{"href":"https:\/\/bisbalpenedes.com\/web\/wp-json\/wp\/v2\/types\/post"}],"author":[{"embeddable":true,"href":"https:\/\/bisbalpenedes.com\/web\/wp-json\/wp\/v2\/users\/4"}],"replies":[{"embeddable":true,"href":"https:\/\/bisbalpenedes.com\/web\/wp-json\/wp\/v2\/comments?post=17217"}],"version-history":[{"count":1,"href":"https:\/\/bisbalpenedes.com\/web\/wp-json\/wp\/v2\/posts\/17217\/revisions"}],"predecessor-version":[{"id":17219,"href":"https:\/\/bisbalpenedes.com\/web\/wp-json\/wp\/v2\/posts\/17217\/revisions\/17219"}],"wp:featuredmedia":[{"embeddable":true,"href":"https:\/\/bisbalpenedes.com\/web\/wp-json\/wp\/v2\/media\/17218"}],"wp:attachment":[{"href":"https:\/\/bisbalpenedes.com\/web\/wp-json\/wp\/v2\/media?parent=17217"}],"wp:term":[{"taxonomy":"category","embeddable":true,"href":"https:\/\/bisbalpenedes.com\/web\/wp-json\/wp\/v2\/categories?post=17217"},{"taxonomy":"post_tag","embeddable":true,"href":"https:\/\/bisbalpenedes.com\/web\/wp-json\/wp\/v2\/tags?post=17217"}],"curies":[{"name":"wp","href":"https:\/\/api.w.org\/{rel}","templated":true}]}}