{"id":17215,"date":"2021-04-07T16:50:10","date_gmt":"2021-04-07T14:50:10","guid":{"rendered":"https:\/\/bisbalpenedes.com\/web\/?p=17215"},"modified":"2021-04-07T16:50:10","modified_gmt":"2021-04-07T14:50:10","slug":"saprova-la-liquidacio-definitiva-de-loperacio-juridica-complementaria-per-a-lincrement-de-la-potencia-electrica-del-poligon-les-planes","status":"publish","type":"post","link":"https:\/\/bisbalpenedes.com\/web\/2021\/04\/07\/saprova-la-liquidacio-definitiva-de-loperacio-juridica-complementaria-per-a-lincrement-de-la-potencia-electrica-del-poligon-les-planes\/","title":{"rendered":"S\u2019aprova la liquidaci\u00f3 definitiva de l\u2019operaci\u00f3 jur\u00eddica complement\u00e0ria per a l\u2019increment de la pot\u00e8ncia el\u00e8ctrica del pol\u00edgon Les Planes"},"content":{"rendered":"\n<p>La Junta de govern del passat dijous 1 d\u2019abril va aprovar, a petici\u00f3 de la Regidoria d\u2019Urbanisme, la liquidaci\u00f3 definitiva de l\u2019operaci\u00f3 jur\u00eddica complement\u00e0ria per a l\u2019increment de pot\u00e8ncia el\u00e8ctrica al pol\u00edgon Les Planes. Recordem que el desembre del 2020 es va aprovar provisionalment el compte de liquidaci\u00f3 definitiva que, el dijous passat, es va aprovar definitivament.<\/p>\n\n\n\n<p>El setembre de 2020 va acabar l\u2019obra per a l\u2019increment de pot\u00e8ncia el\u00e8ctrica als pol\u00edgons industrials. El cost total d\u2019aquesta obra, corresponent a les parcel\u00b7les del pol\u00edgon industrial Les Planes, es va valorar en 724.396,01\u20ac (IVA incl\u00f2s) i el pagament de les quotes ha anat a c\u00e0rrec dels propietaris de les parcel\u00b7les del pol\u00edgon industrial. El cost definitiu ha ascendit a 749.922,75\u20ac (IVA incl\u00f2s) i es requereix als propietaris que abonin la difer\u00e8ncia de 24.626,74\u20ac (a repartir entre totes les parcel\u00b7les en proporci\u00f3 a la seva superf\u00edcie).<\/p>\n\n\n\n<hr class=\"wp-block-separator is-style-wide\"\/>\n\n\n\n<p><strong>CASTELLANO |<\/strong> La Junta de gobierno del pasado jueves 1 de abril aprob\u00f3, a petici\u00f3n de la Concejal\u00eda de Urbanismo, la liquidaci\u00f3n definitiva de la operaci\u00f3n jur\u00eddica complementaria para el incremento de potencia el\u00e9ctrica en el pol\u00edgono Les Planes. Recordamos que en diciembre de 2020 se aprob\u00f3 provisionalmente la cuenta de liquidaci\u00f3n definitiva que, el jueves pasado, se aprob\u00f3 definitivamente.<\/p>\n\n\n\n<p>En septiembre de 2020 termin\u00f3 la obra para el incremento de potencia el\u00e9ctrica en los pol\u00edgonos industriales. El coste total de esta obra, correspondiente a las parcelas del pol\u00edgono industrial Les Planes, se valor\u00f3 en 724.396,01\u20ac (IVA incluido) y el pago de las cuotas ha ido a cargo de los propietarios de las parcelas del pol\u00edgono industrial. El coste definitivo ha ascendido a 749.922,75\u20ac (IVA incluido) y se les requiere a los propietarios que abonen la diferencia de 24.626,74\u20ac (a repartir entre todas las parcelas en proporci\u00f3n a su superficie).<\/p>\n","protected":false},"excerpt":{"rendered":"<p>La Junta de govern del passat dijous 1 d\u2019abril va aprovar, a petici\u00f3 de la Regidoria d\u2019Urbanisme, la liquidaci\u00f3 definitiva de l\u2019operaci\u00f3 jur\u00eddica complement\u00e0ria per a l\u2019increment de pot\u00e8ncia el\u00e8ctrica &hellip; <a href=\"https:\/\/bisbalpenedes.com\/web\/2021\/04\/07\/saprova-la-liquidacio-definitiva-de-loperacio-juridica-complementaria-per-a-lincrement-de-la-potencia-electrica-del-poligon-les-planes\/\" class=\"more-link\">Read More<\/a><\/p>\n","protected":false},"author":4,"featured_media":2502,"comment_status":"closed","ping_status":"closed","sticky":false,"template":"","format":"standard","meta":[],"categories":[8,15],"tags":[442,1790,4434,4292],"_links":{"self":[{"href":"https:\/\/bisbalpenedes.com\/web\/wp-json\/wp\/v2\/posts\/17215"}],"collection":[{"href":"https:\/\/bisbalpenedes.com\/web\/wp-json\/wp\/v2\/posts"}],"about":[{"href":"https:\/\/bisbalpenedes.com\/web\/wp-json\/wp\/v2\/types\/post"}],"author":[{"embeddable":true,"href":"https:\/\/bisbalpenedes.com\/web\/wp-json\/wp\/v2\/users\/4"}],"replies":[{"embeddable":true,"href":"https:\/\/bisbalpenedes.com\/web\/wp-json\/wp\/v2\/comments?post=17215"}],"version-history":[{"count":1,"href":"https:\/\/bisbalpenedes.com\/web\/wp-json\/wp\/v2\/posts\/17215\/revisions"}],"predecessor-version":[{"id":17216,"href":"https:\/\/bisbalpenedes.com\/web\/wp-json\/wp\/v2\/posts\/17215\/revisions\/17216"}],"wp:featuredmedia":[{"embeddable":true,"href":"https:\/\/bisbalpenedes.com\/web\/wp-json\/wp\/v2\/media\/2502"}],"wp:attachment":[{"href":"https:\/\/bisbalpenedes.com\/web\/wp-json\/wp\/v2\/media?parent=17215"}],"wp:term":[{"taxonomy":"category","embeddable":true,"href":"https:\/\/bisbalpenedes.com\/web\/wp-json\/wp\/v2\/categories?post=17215"},{"taxonomy":"post_tag","embeddable":true,"href":"https:\/\/bisbalpenedes.com\/web\/wp-json\/wp\/v2\/tags?post=17215"}],"curies":[{"name":"wp","href":"https:\/\/api.w.org\/{rel}","templated":true}]}}