{"id":17205,"date":"2021-04-02T09:00:00","date_gmt":"2021-04-02T07:00:00","guid":{"rendered":"https:\/\/bisbalpenedes.com\/web\/?p=17205"},"modified":"2021-04-01T12:54:53","modified_gmt":"2021-04-01T10:54:53","slug":"lajuntament-silluminara-de-blau-avui-2-dabril-amb-motiu-del-dia-mundial-de-conscienciacio-sobre-lautisme","status":"publish","type":"post","link":"https:\/\/bisbalpenedes.com\/web\/2021\/04\/02\/lajuntament-silluminara-de-blau-avui-2-dabril-amb-motiu-del-dia-mundial-de-conscienciacio-sobre-lautisme\/","title":{"rendered":"L&#8217;Ajuntament s&#8217;il\u00b7luminar\u00e0 de blau avui 2 d&#8217;abril amb motiu del Dia Mundial de Conscienciaci\u00f3 sobre l&#8217;Autisme"},"content":{"rendered":"\n<p>Avui \u00e9s el Dia Mundial de Conscienciaci\u00f3 sobre l\u2019Autisme i l\u2019Ajuntament se suma a aquesta commemoraci\u00f3. Per aquest motiu, aquest vespre la Casa de la Vila s\u2019il\u00b7luminar\u00e0 de color blau.<\/p>\n\n\n\n<p>Per a m\u00e9s informaci\u00f3 sobre l\u2019Autisme podeu accedir al web de l\u2019Associaci\u00f3 Aprenem Autisme: <a href=\"https:\/\/www.associacioaprenem.org\/2-dabril-dia-mundial-de-conscienciacio-de-lautisme-ens-connectem-mes-que-mai\/\">https:\/\/www.associacioaprenem.org\/2-dabril-dia-mundial-de-conscienciacio-de-lautisme-ens-connectem-mes-que-mai\/<\/a><\/p>\n\n\n\n<hr class=\"wp-block-separator is-style-wide\"\/>\n\n\n\n<p><strong>CASTELLANO | <\/strong>Hoy es el D\u00eda Mundial de Concienciaci\u00f3n sobre el Autismo y el Ayuntamiento se suma a esta conmemoraci\u00f3n. Por este motivo, al anochecer la casa consistorial se iluminar\u00e1 de color azul. Para m\u00e1s informaci\u00f3n sobre el Autismo pod\u00e9is acceder a la web de la Asociaci\u00f3n Aprenem Autisme: <a href=\"https:\/\/www.associacioaprenem.org\/es\/2-dabril-dia-mundial-de-conscienciacio-de-lautisme-ens-connectem-mes-que-mai\/\">https:\/\/www.associacioaprenem.org\/es\/2-dabril-dia-mundial-de-conscienciacio-de-lautisme-ens-connectem-mes-que-mai\/<\/a><\/p>\n\n\n\n<p>#AcasaDeBlau #ConnectatAlBlau #TotAniraBeAMB #LaBisbalDelPened\u00e8s #BaixPened\u00e8s #Pened\u00e8s<\/p>\n","protected":false},"excerpt":{"rendered":"<p>Avui \u00e9s el Dia Mundial de Conscienciaci\u00f3 sobre l\u2019Autisme i l\u2019Ajuntament se suma a aquesta commemoraci\u00f3. Per aquest motiu, aquest vespre la Casa de la Vila s\u2019il\u00b7luminar\u00e0 de color blau. &hellip; <a href=\"https:\/\/bisbalpenedes.com\/web\/2021\/04\/02\/lajuntament-silluminara-de-blau-avui-2-dabril-amb-motiu-del-dia-mundial-de-conscienciacio-sobre-lautisme\/\" class=\"more-link\">Read More<\/a><\/p>\n","protected":false},"author":4,"featured_media":17206,"comment_status":"closed","ping_status":"closed","sticky":false,"template":"","format":"standard","meta":[],"categories":[8,14],"tags":[4431,4430,4432],"_links":{"self":[{"href":"https:\/\/bisbalpenedes.com\/web\/wp-json\/wp\/v2\/posts\/17205"}],"collection":[{"href":"https:\/\/bisbalpenedes.com\/web\/wp-json\/wp\/v2\/posts"}],"about":[{"href":"https:\/\/bisbalpenedes.com\/web\/wp-json\/wp\/v2\/types\/post"}],"author":[{"embeddable":true,"href":"https:\/\/bisbalpenedes.com\/web\/wp-json\/wp\/v2\/users\/4"}],"replies":[{"embeddable":true,"href":"https:\/\/bisbalpenedes.com\/web\/wp-json\/wp\/v2\/comments?post=17205"}],"version-history":[{"count":1,"href":"https:\/\/bisbalpenedes.com\/web\/wp-json\/wp\/v2\/posts\/17205\/revisions"}],"predecessor-version":[{"id":17207,"href":"https:\/\/bisbalpenedes.com\/web\/wp-json\/wp\/v2\/posts\/17205\/revisions\/17207"}],"wp:featuredmedia":[{"embeddable":true,"href":"https:\/\/bisbalpenedes.com\/web\/wp-json\/wp\/v2\/media\/17206"}],"wp:attachment":[{"href":"https:\/\/bisbalpenedes.com\/web\/wp-json\/wp\/v2\/media?parent=17205"}],"wp:term":[{"taxonomy":"category","embeddable":true,"href":"https:\/\/bisbalpenedes.com\/web\/wp-json\/wp\/v2\/categories?post=17205"},{"taxonomy":"post_tag","embeddable":true,"href":"https:\/\/bisbalpenedes.com\/web\/wp-json\/wp\/v2\/tags?post=17205"}],"curies":[{"name":"wp","href":"https:\/\/api.w.org\/{rel}","templated":true}]}}