{"id":17197,"date":"2021-04-26T14:20:03","date_gmt":"2021-04-26T12:20:03","guid":{"rendered":"https:\/\/bisbalpenedes.com\/web\/?p=17197"},"modified":"2021-04-26T14:20:03","modified_gmt":"2021-04-26T12:20:03","slug":"informacio-sobre-el-termini-de-preinscripcions-de-la-llar-dinfants-loreneta","status":"publish","type":"post","link":"https:\/\/bisbalpenedes.com\/web\/2021\/04\/26\/informacio-sobre-el-termini-de-preinscripcions-de-la-llar-dinfants-loreneta\/","title":{"rendered":"Informaci\u00f3 sobre el termini de preinscripcions de la Llar d&#8217;Infants l&#8217;Oreneta"},"content":{"rendered":"\n<p>Us adjuntem un cartell informatiu sobre el termini per fer les preinscripcions a la Llar d&#8217;Infants l&#8217;Oreneta de La Bisbal del Pened\u00e8s. Per a m\u00e9s informaci\u00f3 podeu accedir al web <a href=\"http:\/\/emplenat i la documentaci\u00f3 acreditativa adjunta escanejada o fotografiada . Rebreu un correu confirmant la recepci\u00f3. Una vegada acabat el per\u00edode de preinscripci\u00f3 es publicaran al web de la llar les llistes de barem amb les dades personals anonimitzades.                                                                                                                          Del 18 al 21 de maig  Preinscripci\u00f3 presencial De manera excepcional i per les fam\u00edlies que els hi \u00e9s totalment impossible fer-ho de forma telem\u00e0tica del 18 al 21 de maig de 17:30 a 18:30 hores es pot formalitzar la preinscripci\u00f3 de forma presencial sempre amb cita pr\u00e8via al  tel\u00e8fon 619060379 .           Per una informaci\u00f3 m\u00e9s detallada visiteu la nostra p\u00e0gina web www.llardinfantsloreneta.cat\" target=\"_blank\" rel=\"noreferrer noopener\">www.llardinfantsloreneta.cat <\/a><\/p>\n\n\n\n<hr class=\"wp-block-separator is-style-wide\"\/>\n\n\n\n<p><strong>CASTELLANO |<\/strong> Os adjuntamos un cartel informativo sobre el plazo para hacer las preinscripciones en la Llar d&#8217;Infants l&#8217;Oreneta de La Bisbal del Pened\u00e8s. Para m\u00e1s informaci\u00f3n pod\u00e9is acceder a la web <a href=\"http:\/\/www.llardinfantsloreneta.cat\" target=\"_blank\" rel=\"noreferrer noopener\">www.llardinfantsloreneta.cat<\/a><\/p>\n","protected":false},"excerpt":{"rendered":"<p>Us adjuntem un cartell informatiu sobre el termini per fer les preinscripcions a la Llar d&#8217;Infants l&#8217;Oreneta de La Bisbal del Pened\u00e8s. Per a m\u00e9s informaci\u00f3 podeu accedir al web &hellip; <a href=\"https:\/\/bisbalpenedes.com\/web\/2021\/04\/26\/informacio-sobre-el-termini-de-preinscripcions-de-la-llar-dinfants-loreneta\/\" class=\"more-link\">Read More<\/a><\/p>\n","protected":false},"author":4,"featured_media":17198,"comment_status":"closed","ping_status":"closed","sticky":false,"template":"","format":"standard","meta":[],"categories":[3456,8],"tags":[1703,1539,1413],"_links":{"self":[{"href":"https:\/\/bisbalpenedes.com\/web\/wp-json\/wp\/v2\/posts\/17197"}],"collection":[{"href":"https:\/\/bisbalpenedes.com\/web\/wp-json\/wp\/v2\/posts"}],"about":[{"href":"https:\/\/bisbalpenedes.com\/web\/wp-json\/wp\/v2\/types\/post"}],"author":[{"embeddable":true,"href":"https:\/\/bisbalpenedes.com\/web\/wp-json\/wp\/v2\/users\/4"}],"replies":[{"embeddable":true,"href":"https:\/\/bisbalpenedes.com\/web\/wp-json\/wp\/v2\/comments?post=17197"}],"version-history":[{"count":2,"href":"https:\/\/bisbalpenedes.com\/web\/wp-json\/wp\/v2\/posts\/17197\/revisions"}],"predecessor-version":[{"id":17200,"href":"https:\/\/bisbalpenedes.com\/web\/wp-json\/wp\/v2\/posts\/17197\/revisions\/17200"}],"wp:featuredmedia":[{"embeddable":true,"href":"https:\/\/bisbalpenedes.com\/web\/wp-json\/wp\/v2\/media\/17198"}],"wp:attachment":[{"href":"https:\/\/bisbalpenedes.com\/web\/wp-json\/wp\/v2\/media?parent=17197"}],"wp:term":[{"taxonomy":"category","embeddable":true,"href":"https:\/\/bisbalpenedes.com\/web\/wp-json\/wp\/v2\/categories?post=17197"},{"taxonomy":"post_tag","embeddable":true,"href":"https:\/\/bisbalpenedes.com\/web\/wp-json\/wp\/v2\/tags?post=17197"}],"curies":[{"name":"wp","href":"https:\/\/api.w.org\/{rel}","templated":true}]}}