{"id":17195,"date":"2021-04-06T10:00:00","date_gmt":"2021-04-06T08:00:00","guid":{"rendered":"https:\/\/bisbalpenedes.com\/web\/?p=17195"},"modified":"2021-04-01T10:28:00","modified_gmt":"2021-04-01T08:28:00","slug":"saprova-un-contracte-menor-per-redactar-el-projecte-de-millora-de-les-infraestructures-del-barri-la-riba","status":"publish","type":"post","link":"https:\/\/bisbalpenedes.com\/web\/2021\/04\/06\/saprova-un-contracte-menor-per-redactar-el-projecte-de-millora-de-les-infraestructures-del-barri-la-riba\/","title":{"rendered":"S\u2019aprova un contracte menor per redactar el projecte de millora de les infraestructures del barri la Riba"},"content":{"rendered":"\n<p>La Junta de Govern Local d\u2019aquest dijous 1 d\u2019abril ha aprovat, a petici\u00f3 de la Regidoria d\u2019Urbanisme, un contracte menor per a la redacci\u00f3 del projecte de millora de les infraestructures del barri de la Riba amb l\u2019empresa Engiconserveis S.L. per un import de 9.922\u20ac (IVA incl\u00f2s).<\/p>\n\n\n\n<p>L\u2019Ajuntament de La Bisbal del Pened\u00e8s tirar\u00e0 endavant un projecte per cambiar:<\/p>\n\n\n\n<ul><li>L<strong>a xarxa d\u2019aigua:<\/strong> ja que les canonades s\u00f3n les m\u00e9s antigues del municipi i aix\u00f2 genera m\u00faltiples incid\u00e8ncies i fuites.<\/li><li><strong>L\u2019enllumenat p\u00fablic:<\/strong> es vol cambiar per un de m\u00e9s eficient, amb llumin\u00e0ria led.<\/li><li><strong>Soterrament de l\u2019enllumenat i la xarxa de telecomunicacions:<\/strong> a banda de soterrar el cablejat de l\u2019enllumenat p\u00fablic tamb\u00e9 s\u2019aprofitar\u00e0 l\u2019aixecament dels carrers per instal\u00b7lar la xarxa soterrada per a futures connexions de fibra \u00f2ptica o altres telecomunicacions.<\/li><\/ul>\n\n\n\n<p>L\u2019alcaldessa i responsable de l\u2019\u00e0rea d\u2019Urbanisme, Agn\u00e8s Ferr\u00e9, ha explicat que \u201cl\u2019Ajuntament de La Bisbal del Pened\u00e8s compta amb un projecte per a aquesta inversi\u00f3 anterior a l\u2019any 2007, per\u00f2 que mai es va arribar a dur a terme. Ara l\u2019empresa contractada refar\u00e0 el projecte, actualitzant-lo i adaptant-lo a la normativa actual\u201d.<\/p>\n\n\n\n<p>La inversi\u00f3 per millorar les infraestructures al barri de la Riba est\u00e0 prevista per a l\u2019any 2022 i compta amb les subvencions del Pla \u00danic d\u2019Obres i Serveis de la Generalitat de Catalunya (PUOSC) i del Pla d\u2019Acci\u00f3 Municipal (PAM) de la Diputaci\u00f3 de Tarragona.<\/p>\n\n\n\n<hr class=\"wp-block-separator is-style-wide\"\/>\n\n\n\n<p><strong>CASTELLANO |<\/strong> La Junta de Gobierno Local de este jueves 1 de abril ha aprobado, a petici\u00f3n de la Concejal\u00eda de Urbanismo, un contrato menor para la redacci\u00f3n del proyecto de mejora de las infraestructuras del barrio de la Riba con la empresa Engiconserveis S.L. por un importe de 9.922\u20ac (IVA incluido).<\/p>\n\n\n\n<p>El Ayuntamiento de La Bisbal del Pened\u00e8s sacar\u00e1 adelante un proyecto para cambiar:<\/p>\n\n\n\n<ul><li><strong>La red de agua: <\/strong>ya que las tuber\u00edas son las m\u00e1s antiguas del municipio y esto genera m\u00faltiples incidencias y fugas.<\/li><li><strong>El alumbrado p\u00fablico:<\/strong> se quiere cambiar por uno m\u00e1s eficiente, con luminaria led.<\/li><li><strong>Soterramiento del alumbrado y de la red de telecomunicaciones:<\/strong> aparte de soterrar el cableado del alumbrado p\u00fablico tambi\u00e9n se aprovechar\u00e1 el levantamiento de las calles para instalar la red soterrada para futuras conexiones de fibra \u00f3ptica u otras telecomunicaciones.<\/li><\/ul>\n\n\n\n<p>La alcaldesa y responsable del \u00e1rea de Urbanismo, Agn\u00e8s Ferr\u00e9, ha explicado que \u201cel Ayuntamiento de La Bisbal del Pened\u00e8s cuenta con un proyecto para esta inversi\u00f3n anterior al a\u00f1o 2007, pero que nunca se llev\u00f3 a realizar. Ahora la empresa contratada rehar\u00e1 el proyecto, actualiz\u00e1ndolo y adapt\u00e1ndolo a la normativa actual\u201d.<\/p>\n\n\n\n<p>La inversi\u00f3n para mejorar las infraestructuras en el barrio de la Riba est\u00e1 prevista para el a\u00f1o 2022 y cuenta con las subvenciones del Plan \u00danico de Obras y Servicios de la Generalitat de Catalunya (PUOSC) y del Plan de Acci\u00f3n Municipal (PAM) de la Diputaci\u00f3n de Tarragona.<\/p>\n","protected":false},"excerpt":{"rendered":"<p>La Junta de Govern Local d\u2019aquest dijous 1 d\u2019abril ha aprovat, a petici\u00f3 de la Regidoria d\u2019Urbanisme, un contracte menor per a la redacci\u00f3 del projecte de millora de les &hellip; <a href=\"https:\/\/bisbalpenedes.com\/web\/2021\/04\/06\/saprova-un-contracte-menor-per-redactar-el-projecte-de-millora-de-les-infraestructures-del-barri-la-riba\/\" class=\"more-link\">Read More<\/a><\/p>\n","protected":false},"author":4,"featured_media":11164,"comment_status":"closed","ping_status":"closed","sticky":false,"template":"","format":"standard","meta":[],"categories":[3085,8,15],"tags":[3115,248,4427,4279],"_links":{"self":[{"href":"https:\/\/bisbalpenedes.com\/web\/wp-json\/wp\/v2\/posts\/17195"}],"collection":[{"href":"https:\/\/bisbalpenedes.com\/web\/wp-json\/wp\/v2\/posts"}],"about":[{"href":"https:\/\/bisbalpenedes.com\/web\/wp-json\/wp\/v2\/types\/post"}],"author":[{"embeddable":true,"href":"https:\/\/bisbalpenedes.com\/web\/wp-json\/wp\/v2\/users\/4"}],"replies":[{"embeddable":true,"href":"https:\/\/bisbalpenedes.com\/web\/wp-json\/wp\/v2\/comments?post=17195"}],"version-history":[{"count":1,"href":"https:\/\/bisbalpenedes.com\/web\/wp-json\/wp\/v2\/posts\/17195\/revisions"}],"predecessor-version":[{"id":17196,"href":"https:\/\/bisbalpenedes.com\/web\/wp-json\/wp\/v2\/posts\/17195\/revisions\/17196"}],"wp:featuredmedia":[{"embeddable":true,"href":"https:\/\/bisbalpenedes.com\/web\/wp-json\/wp\/v2\/media\/11164"}],"wp:attachment":[{"href":"https:\/\/bisbalpenedes.com\/web\/wp-json\/wp\/v2\/media?parent=17195"}],"wp:term":[{"taxonomy":"category","embeddable":true,"href":"https:\/\/bisbalpenedes.com\/web\/wp-json\/wp\/v2\/categories?post=17195"},{"taxonomy":"post_tag","embeddable":true,"href":"https:\/\/bisbalpenedes.com\/web\/wp-json\/wp\/v2\/tags?post=17195"}],"curies":[{"name":"wp","href":"https:\/\/api.w.org\/{rel}","templated":true}]}}