{"id":17192,"date":"2021-04-03T10:00:00","date_gmt":"2021-04-03T08:00:00","guid":{"rendered":"https:\/\/bisbalpenedes.com\/web\/?p=17192"},"modified":"2021-04-01T10:15:58","modified_gmt":"2021-04-01T08:15:58","slug":"saprova-lannex-a-un-conveni-del-ccbp-de-serveis-socials-per-a-la-lluita-contra-la-violencia-de-genere","status":"publish","type":"post","link":"https:\/\/bisbalpenedes.com\/web\/2021\/04\/03\/saprova-lannex-a-un-conveni-del-ccbp-de-serveis-socials-per-a-la-lluita-contra-la-violencia-de-genere\/","title":{"rendered":"S\u2019aprova l\u2019annex a un conveni del CCBP de serveis socials per a la lluita contra la viol\u00e8ncia de g\u00e8nere"},"content":{"rendered":"\n<p>La Junta de Govern local, celebrada de forma extraordin\u00e0ria aquest dijous 1 d\u2019abril, ha aprovat a petici\u00f3 de la Regidoria de Benestar Social un annex al conveni amb el Consell Comarcal del Baix Pened\u00e8s de serveis socials per al 2021. Es tracta d\u2019un annex que inclou una ampliaci\u00f3 de l\u2019import destinat a la lluita contra la viol\u00e8ncia de g\u00e8nere en 2.296,31\u20ac. Aix\u00ed, l\u2019import total per a aquestes accions subvencionades ser\u00e0 de 3.608,11\u20ac i es destinar\u00e0 a finan\u00e7ar actuacions que es duran a terme abans del 30 de juny de 2021 en el marc del \u201cPacto de Estado contra la violencia de g\u00e9nero\u201d i que promouran els t\u00e8cnics del Consell Comarcal del Baix Pened\u00e8s.<\/p>\n\n\n\n<p>El gener de 2021 la Junta de Govern Local va aprovar la pr\u00f2rroga del conveni de cooperaci\u00f3 interadministrativa amb el Consell Comarcal del Baix Pened\u00e8s en mat\u00e8ria de serveis socials per un import total de 65.157,37\u20ac. Com El desembre de 2020 la Secretaria d\u2019Estat d\u2019Igualtat i Contra la Viol\u00e8ncia de G\u00e8nere, dins el Pacte d\u2019Estat contra la viol\u00e8ncia de g\u00e8nere, va establir el lliurament de fons per part dels municipis per treballar contra la viol\u00e8ncia de g\u00e8nere, ara la Junta de Govern Local ha ampliat aquest import.<\/p>\n\n\n\n<hr class=\"wp-block-separator is-style-wide\"\/>\n\n\n\n<p><strong>CASTELLANO <\/strong>| La Junta de Gobierno local, celebrada de forma extraordinaria este jueves 1 de abril, ha aprobado a petici\u00f3n de la Concejal\u00eda de Bienestar Social un anexo al convenio con el Consell comarcal del Baix Pened\u00e8s de servicios sociales para el 2021. Se trata de un anexo que incluye una ampliaci\u00f3n del importe destinado a la lucha contra la violencia de g\u00e9nero en 2.296,31\u20ac. As\u00ed, el importe total para estas acciones subvencionadas ser\u00e1 de 3.608,11\u20ac y se destinar\u00e1 a financiar actuaciones que se llevar\u00e1n a cabo antes del 30 de junio de 2021 en el marco del \u201cPacto de Estado contra la violencia de g\u00e9nero\u201d y que promover\u00e1n los t\u00e9cnicos del Consell Comarcal del Baix Pened\u00e8s.<\/p>\n\n\n\n<p>En enero de 2021 la Junta de Gobierno Local aprob\u00f3 la pr\u00f3rroga del convenio de cooperaci\u00f3n interadministrativa con el Consell Comarcal del Baix Pened\u00e8s en materia de servicios sociales por un importe total de 65.157,37\u20ac. Como en diciembre de 2020 la Secretar\u00eda de Estado de Igualdad y Contra la Violencia de G\u00e9nero, dentro del Pacto de Estado contra la violencia de g\u00e9nero, estableci\u00f3 la entrega de fondos por parte de los municipios para trabajar contra la violencia de g\u00e9nero, ahora la Junta de Gobierno Local ha ampliado este importe.<\/p>\n","protected":false},"excerpt":{"rendered":"<p>La Junta de Govern local, celebrada de forma extraordin\u00e0ria aquest dijous 1 d\u2019abril, ha aprovat a petici\u00f3 de la Regidoria de Benestar Social un annex al conveni amb el Consell &hellip; <a href=\"https:\/\/bisbalpenedes.com\/web\/2021\/04\/03\/saprova-lannex-a-un-conveni-del-ccbp-de-serveis-socials-per-a-la-lluita-contra-la-violencia-de-genere\/\" class=\"more-link\">Read More<\/a><\/p>\n","protected":false},"author":4,"featured_media":12681,"comment_status":"closed","ping_status":"closed","sticky":false,"template":"","format":"standard","meta":[],"categories":[3851,3137,3085,8],"tags":[1056,3445,948],"_links":{"self":[{"href":"https:\/\/bisbalpenedes.com\/web\/wp-json\/wp\/v2\/posts\/17192"}],"collection":[{"href":"https:\/\/bisbalpenedes.com\/web\/wp-json\/wp\/v2\/posts"}],"about":[{"href":"https:\/\/bisbalpenedes.com\/web\/wp-json\/wp\/v2\/types\/post"}],"author":[{"embeddable":true,"href":"https:\/\/bisbalpenedes.com\/web\/wp-json\/wp\/v2\/users\/4"}],"replies":[{"embeddable":true,"href":"https:\/\/bisbalpenedes.com\/web\/wp-json\/wp\/v2\/comments?post=17192"}],"version-history":[{"count":1,"href":"https:\/\/bisbalpenedes.com\/web\/wp-json\/wp\/v2\/posts\/17192\/revisions"}],"predecessor-version":[{"id":17193,"href":"https:\/\/bisbalpenedes.com\/web\/wp-json\/wp\/v2\/posts\/17192\/revisions\/17193"}],"wp:featuredmedia":[{"embeddable":true,"href":"https:\/\/bisbalpenedes.com\/web\/wp-json\/wp\/v2\/media\/12681"}],"wp:attachment":[{"href":"https:\/\/bisbalpenedes.com\/web\/wp-json\/wp\/v2\/media?parent=17192"}],"wp:term":[{"taxonomy":"category","embeddable":true,"href":"https:\/\/bisbalpenedes.com\/web\/wp-json\/wp\/v2\/categories?post=17192"},{"taxonomy":"post_tag","embeddable":true,"href":"https:\/\/bisbalpenedes.com\/web\/wp-json\/wp\/v2\/tags?post=17192"}],"curies":[{"name":"wp","href":"https:\/\/api.w.org\/{rel}","templated":true}]}}