{"id":17189,"date":"2021-04-01T12:00:00","date_gmt":"2021-04-01T10:00:00","guid":{"rendered":"https:\/\/bisbalpenedes.com\/web\/?p=17189"},"modified":"2021-04-01T10:05:38","modified_gmt":"2021-04-01T08:05:38","slug":"saprova-el-pagament-de-la-quota-per-al-2021-del-consorci-de-promocio-turistica-del-penedes","status":"publish","type":"post","link":"https:\/\/bisbalpenedes.com\/web\/2021\/04\/01\/saprova-el-pagament-de-la-quota-per-al-2021-del-consorci-de-promocio-turistica-del-penedes\/","title":{"rendered":"S\u2019aprova el pagament de la quota per al 2021 del Consorci de Promoci\u00f3 Tur\u00edstica del Pened\u00e8s"},"content":{"rendered":"\n<p>Aquest dijous 1 d\u2019abril s\u2019ha dut a terme una Junta de Govern extraordin\u00e0ria. En aquesta junta s\u2019ha aprovat, a petici\u00f3 de la Regidoria de Turisme, el pagament de la quota del Consorci de Promoci\u00f3 Tur\u00edstica del Pened\u00e8s per un import de 1.500\u20ac.<\/p>\n\n\n\n<p>El Consorci \u00e9s un organisme format per entitats p\u00fabliques i privades que es va crear amb l\u2019objectiu de promoure i impulsar pol\u00edtiques coordinades en l\u2019\u00e0mbit de la DO Pened\u00e8s. L\u2019Ajuntament de La Bisbal del Pened\u00e8s n\u2019\u00e9s membre des del mar\u00e7 de l\u2019any 2017 i la regidora de Turisme, Judith Vidal, \u00e9s la vicepresidenta 3a de l\u2019entitat.<\/p>\n\n\n\n<hr class=\"wp-block-separator is-style-default\"\/>\n\n\n\n<p><strong>CASTELLANO | <\/strong>Este jueves 1 de abril se ha llevado a cabo una Junta de Gobierno extraordinaria. En esta junta se ha aprobado, a petici\u00f3n de la Concejal\u00eda de Turismo, el pago de la cuota del Consorci de Promoci\u00f3 Tur\u00edstica del Pened\u00e8s por un importe de 1.500\u20ac.<\/p>\n\n\n\n<p>El Consorci es un organismo formado por entidades p\u00fablicas y privada que se cre\u00f3 con el objetivo de promover e impulsar pol\u00edticas coordinadas en el \u00e1mbito de la DO Pened\u00e8s. El Ayuntamiento de La Bisbal del Pened\u00e8s es miembro del Consorcio desde el mes de marzo del a\u00f1o 2017 y la conejala de Turismo, Judith Vidal, es la vicepresidenta 3\u00aa de la entidad.<\/p>\n","protected":false},"excerpt":{"rendered":"<p>Aquest dijous 1 d\u2019abril s\u2019ha dut a terme una Junta de Govern extraordin\u00e0ria. En aquesta junta s\u2019ha aprovat, a petici\u00f3 de la Regidoria de Turisme, el pagament de la quota &hellip; <a href=\"https:\/\/bisbalpenedes.com\/web\/2021\/04\/01\/saprova-el-pagament-de-la-quota-per-al-2021-del-consorci-de-promocio-turistica-del-penedes\/\" class=\"more-link\">Read More<\/a><\/p>\n","protected":false},"author":4,"featured_media":17190,"comment_status":"closed","ping_status":"closed","sticky":false,"template":"","format":"standard","meta":[],"categories":[3085,8,2510],"tags":[2798,1374,328],"_links":{"self":[{"href":"https:\/\/bisbalpenedes.com\/web\/wp-json\/wp\/v2\/posts\/17189"}],"collection":[{"href":"https:\/\/bisbalpenedes.com\/web\/wp-json\/wp\/v2\/posts"}],"about":[{"href":"https:\/\/bisbalpenedes.com\/web\/wp-json\/wp\/v2\/types\/post"}],"author":[{"embeddable":true,"href":"https:\/\/bisbalpenedes.com\/web\/wp-json\/wp\/v2\/users\/4"}],"replies":[{"embeddable":true,"href":"https:\/\/bisbalpenedes.com\/web\/wp-json\/wp\/v2\/comments?post=17189"}],"version-history":[{"count":1,"href":"https:\/\/bisbalpenedes.com\/web\/wp-json\/wp\/v2\/posts\/17189\/revisions"}],"predecessor-version":[{"id":17191,"href":"https:\/\/bisbalpenedes.com\/web\/wp-json\/wp\/v2\/posts\/17189\/revisions\/17191"}],"wp:featuredmedia":[{"embeddable":true,"href":"https:\/\/bisbalpenedes.com\/web\/wp-json\/wp\/v2\/media\/17190"}],"wp:attachment":[{"href":"https:\/\/bisbalpenedes.com\/web\/wp-json\/wp\/v2\/media?parent=17189"}],"wp:term":[{"taxonomy":"category","embeddable":true,"href":"https:\/\/bisbalpenedes.com\/web\/wp-json\/wp\/v2\/categories?post=17189"},{"taxonomy":"post_tag","embeddable":true,"href":"https:\/\/bisbalpenedes.com\/web\/wp-json\/wp\/v2\/tags?post=17189"}],"curies":[{"name":"wp","href":"https:\/\/api.w.org\/{rel}","templated":true}]}}