{"id":17179,"date":"2021-03-31T13:23:27","date_gmt":"2021-03-31T11:23:27","guid":{"rendered":"https:\/\/bisbalpenedes.com\/web\/?p=17179"},"modified":"2021-03-31T13:28:36","modified_gmt":"2021-03-31T11:28:36","slug":"el-17-dabril-arriba-la-comedia-sentimental-de-cesc-gay-a-la-bisbal","status":"publish","type":"post","link":"https:\/\/bisbalpenedes.com\/web\/2021\/03\/31\/el-17-dabril-arriba-la-comedia-sentimental-de-cesc-gay-a-la-bisbal\/","title":{"rendered":"El 24 d\u2019abril arriba la com\u00e8dia \u201cSentimental\u201d de Cesc Gay a la Bisbal"},"content":{"rendered":"\n<p>Aquest abril arriba la com\u00e8dia \u201cSentimental\u201d a la Bisbal del Pened\u00e8s, en el marc del Cicle Gaud\u00ed. La podreu veure el dissabte 24 d\u2019abril, a les 19h, a l\u2019Auditori Salb\u00e0 del CMC i la venda d\u2019entrades anir\u00e0 a c\u00e0rrec de l\u2019Associaci\u00f3 de Dones La Roca Foradada.<\/p>\n\n\n\n<p>\u201cSentimental\u201d, dirigida per Cesc Gay compta amb la participaci\u00f3 d\u2019actors com Javier C\u00e1mara, Griselda Siciliani, Alberto San Juan i Bel\u00e9n Cuesta. Aquesta pel\u00b7l\u00edcula ha rebut m\u00faltiples nominacions i reconeixements: un Premi Gaud\u00ed i un Premi Goya per a Alberto San Juan com a Millor Actor Secundari, la Medalla del C\u00edrculo de Escritores Cinematogr\u00e1ficos a Millor Gui\u00f3 per a Cesc Gay i un Premi Forqu\u00e9 a Millor Actor Protagonista per a Javier C\u00e1mara.<\/p>\n\n\n\n<p><strong>FITXA T\u00c8CNICA<\/strong><\/p>\n\n\n\n<p>Direcci\u00f3: Cesc Gay<\/p>\n\n\n\n<p>Gui\u00f3: Cesc Gay<\/p>\n\n\n\n<p>Fotografia: Andreu Reb\u00e9s<\/p>\n\n\n\n<p>Muntatge: Liana Artigal<\/p>\n\n\n\n<p>So: Albert Gay, Laura Tom\u00e1s, Yasmina Pradera<\/p>\n\n\n\n<p>Estrena: octubre de 2020<\/p>\n\n\n\n<p>Durada: 81 minuts<\/p>\n\n\n\n<p>G\u00e8nere: Com\u00e8dia<\/p>\n\n\n\n<p>Versi\u00f3: original en espanyol<\/p>\n\n\n\n<p>Repartiment: Javier C\u00e1mara, Bel\u00e9n Cuesta, Griselda Siciliani, Alberto San Juan<\/p>\n\n\n\n<p><strong>SINOPSI<\/strong><\/p>\n\n\n\n<p>En Julio (Javier C\u00e1mara) i l\u2019Ana (Griselda Siciliani) fa m\u00e9s de quinze anys que estan junts. Formen una parella que ja no es mira ni es toca, i que ha fet del combat diari l\u2019ess\u00e8ncia de la seva relaci\u00f3. Aquesta nit l\u2019Ana ha convidat a casa els seus ve\u00efns de dalt, en Salva (Alberto San Juan) i la Laura (Bel\u00e9n Cuesta), una parella m\u00e9s jove que ells, amable i simp\u00e0tica, per\u00f2 els \u201csorolls\u201d que fan s\u2019han convertit en una mol\u00e8stia per al Julio i l\u2019Ana&#8230;<\/p>\n\n\n\n<figure class=\"wp-block-embed is-type-video is-provider-youtube wp-block-embed-youtube wp-embed-aspect-16-9 wp-has-aspect-ratio\"><div class=\"wp-block-embed__wrapper\">\n<iframe loading=\"lazy\" title=\"Cicle Gaud\u00ed: &quot;Sentimental&quot;\" width=\"1170\" height=\"658\" src=\"https:\/\/www.youtube.com\/embed\/nJt6_eQvI6A?feature=oembed\" frameborder=\"0\" allow=\"accelerometer; autoplay; clipboard-write; encrypted-media; gyroscope; picture-in-picture\" allowfullscreen><\/iframe>\n<\/div><\/figure>\n\n\n\n<p>El preu general de l\u2019entrada \u00e9s de 4,5\u20ac i s\u2019ofereix un preu redu\u00eft de 3\u20ac presentant el carnet de la Biblioteca Municipal de la Bisbal.<\/p>\n\n\n\n<p>Quant a la recaptaci\u00f3, aquesta es destinar\u00e0 a l\u2019entitat del poble que gestioni la venda d\u2019entrades en cada projecci\u00f3.<\/p>\n\n\n\n<p>Les taquilles s\u2019obriran 30 minuts abans amb l\u2019objectiu de tenir un control dels assistents i poder-los ubicar respectant totes les mesures de seguretat per la Covid-19. L\u2019aforament ser\u00e0 limitat.<\/p>\n\n\n\n<hr class=\"wp-block-separator is-style-wide\"\/>\n\n\n\n<p><strong>CASTELLANO |<\/strong> Este abril llega la comedia \u201cSentimental\u201d en la Bisbal del Pened\u00e8s, en el marco del Cicle Gaud\u00ed. La podr\u00e9is ver el s\u00e1bado 24 de abril, a las 19h, en el Auditorio Salb\u00e0 del CMC y la venta de entradas ir\u00e1 a cargo de la Associaci\u00f3 de Dones La Roca Foradada.<\/p>\n\n\n\n<p>\u201cSentimental\u201d, dirigida por Cesc Gay cuenta con la participaci\u00f3n de actores como Javier C\u00e1mara, Griselda Siciliani, Alberto San Juan y Bel\u00e9n Cuesta. Esta pel\u00edcula ha recibido m\u00faltiples nominaciones y reconocimientos: un Premi Gaud\u00ed y un Premio Goya para Alberto San Juan como Mejor Actor Secundario, la Medalla del C\u00edrculo de Escritores Cinematogr\u00e1ficos a Mejor Guion para Cesc Gay y un Premio Forqu\u00e9 a Mejor Actor Protagonista para Javier C\u00e1mara.<\/p>\n\n\n\n<p><strong>FICHA T\u00c9CNICA<\/strong><\/p>\n\n\n\n<p>Direcci\u00f3n: Cesc Gay<\/p>\n\n\n\n<p>Gui\u00f3n: Cesc Gay<\/p>\n\n\n\n<p>Fotograf\u00eda: Andreu Reb\u00e9s<\/p>\n\n\n\n<p>Montaje: Liana Artigal<\/p>\n\n\n\n<p>Sonido: Albert Gay, Laura Tom\u00e1s, Yasmina Pradera<\/p>\n\n\n\n<p>Estreno: octubre de 2020<\/p>\n\n\n\n<p>Duraci\u00f3n: 81 minutos<\/p>\n\n\n\n<p>G\u00e9nero: Comedia<\/p>\n\n\n\n<p>Versi\u00f3n: original en espa\u00f1ol<\/p>\n\n\n\n<p>Reparto: Javier C\u00e1mara, Bel\u00e9n Cuesta, Griselda Siciliani, Alberto San Juan<\/p>\n\n\n\n<p><strong>SINOPSIS<\/strong><\/p>\n\n\n\n<p>Julio (Javier C\u00e1mara) y Ana (Griselda Siciliani) hace m\u00e1s de quince a\u00f1os que est\u00e1n juntos. Forman una pareja que ya no se mira ni se toca, y que ha hecho del combate diario la esencia de su relaci\u00f3n. Esta noche Ana ha invitado en casa sus vecinos de arriba, Salva (Alberto San Juan) y Laura (Bel\u00e9n Cuesta), una pareja m\u00e1s joven que ellos, amable y simp\u00e1tica, pero los \u201cruidos\u201d que hacen se han convertido en una molestia para Julio y Ana&#8230;<\/p>\n\n\n\n<p>El precio general de la entrada es de 4,5\u20ac y se ofrece un precio reducido de 3\u20ac presentando el carn\u00e9 de la Biblioteca Municipal de la Bisbal.<\/p>\n\n\n\n<p>En cuanto a la recaudaci\u00f3n, esta se destinar\u00e1 a la entidad del pueblo que gestione la venta de entradas en cada proyecci\u00f3n.<\/p>\n\n\n\n<p>Las taquillas se abrir\u00e1n 30 minutos antes con el objetivo de tener un control de los asistentes y poderlos ubicar respetando todas las medidas de seguridad por la Covid-19. El aforo ser\u00e1 limitado.<\/p>\n","protected":false},"excerpt":{"rendered":"<p>Aquest abril arriba la com\u00e8dia \u201cSentimental\u201d a la Bisbal del Pened\u00e8s, en el marc del Cicle Gaud\u00ed. La podreu veure el dissabte 24 d\u2019abril, a les 19h, a l\u2019Auditori Salb\u00e0 &hellip; <a href=\"https:\/\/bisbalpenedes.com\/web\/2021\/03\/31\/el-17-dabril-arriba-la-comedia-sentimental-de-cesc-gay-a-la-bisbal\/\" class=\"more-link\">Read More<\/a><\/p>\n","protected":false},"author":4,"featured_media":17180,"comment_status":"closed","ping_status":"closed","sticky":false,"template":"","format":"standard","meta":[],"categories":[2942,13,8],"tags":[1624,308,307],"_links":{"self":[{"href":"https:\/\/bisbalpenedes.com\/web\/wp-json\/wp\/v2\/posts\/17179"}],"collection":[{"href":"https:\/\/bisbalpenedes.com\/web\/wp-json\/wp\/v2\/posts"}],"about":[{"href":"https:\/\/bisbalpenedes.com\/web\/wp-json\/wp\/v2\/types\/post"}],"author":[{"embeddable":true,"href":"https:\/\/bisbalpenedes.com\/web\/wp-json\/wp\/v2\/users\/4"}],"replies":[{"embeddable":true,"href":"https:\/\/bisbalpenedes.com\/web\/wp-json\/wp\/v2\/comments?post=17179"}],"version-history":[{"count":2,"href":"https:\/\/bisbalpenedes.com\/web\/wp-json\/wp\/v2\/posts\/17179\/revisions"}],"predecessor-version":[{"id":17182,"href":"https:\/\/bisbalpenedes.com\/web\/wp-json\/wp\/v2\/posts\/17179\/revisions\/17182"}],"wp:featuredmedia":[{"embeddable":true,"href":"https:\/\/bisbalpenedes.com\/web\/wp-json\/wp\/v2\/media\/17180"}],"wp:attachment":[{"href":"https:\/\/bisbalpenedes.com\/web\/wp-json\/wp\/v2\/media?parent=17179"}],"wp:term":[{"taxonomy":"category","embeddable":true,"href":"https:\/\/bisbalpenedes.com\/web\/wp-json\/wp\/v2\/categories?post=17179"},{"taxonomy":"post_tag","embeddable":true,"href":"https:\/\/bisbalpenedes.com\/web\/wp-json\/wp\/v2\/tags?post=17179"}],"curies":[{"name":"wp","href":"https:\/\/api.w.org\/{rel}","templated":true}]}}