{"id":17175,"date":"2021-04-06T07:00:00","date_gmt":"2021-04-06T05:00:00","guid":{"rendered":"https:\/\/bisbalpenedes.com\/web\/?p=17175"},"modified":"2021-03-31T13:04:11","modified_gmt":"2021-03-31T11:04:11","slug":"avui-6-dabril-es-el-dia-mundial-de-lactivitat-fisica-dmaf","status":"publish","type":"post","link":"https:\/\/bisbalpenedes.com\/web\/2021\/04\/06\/avui-6-dabril-es-el-dia-mundial-de-lactivitat-fisica-dmaf\/","title":{"rendered":"Avui 6 d&#8217;abril \u00e9s el Dia Mundial de l&#8217;Activitat F\u00edsica (DMAF)"},"content":{"rendered":"\n<p>Avui 6 d\u2019abril \u00e9s el Dia Mundial de l\u2019Activitat F\u00edsica (DMAF). Des de la Federaci\u00f3 de Municipis de Catalunya y el CatSalut es promou aquesta jornada amb el lema \u201cCada pas compta\u201d amb l\u2019objectiu promoure l\u2019activitat f\u00edsica i reduir el sedentarisme com a elements fonamentals de salut i benestar.<\/p>\n\n\n\n<p>Aix\u00ed, es vol animar la ciutadania a fer activitats com ara caminar, anar en bicicleta, utilitzar les escales, nedar, ballar o fer marxa n\u00f2rdica, entre altres, sempre seguint les mesures de prevenci\u00f3 I les restriccions vigents. Podeu registrar la vostra activitat f\u00edsica en aquest enlla\u00e7:&nbsp;<a href=\"https:\/\/esport.gencat.cat\/ca\/arees_dactuacio\/activitat-fisica-i-salut\/dia-mundial-de-lactivitat-fisica-dmaf.-6-dabril\/DMAF-si-vols-registrar-te\">https:\/\/esport.gencat.cat\/ca\/arees_dactuacio\/activitat-fisica-i-salut\/dia-mundial-de-lactivitat-fisica-dmaf.-6-dabril\/DMAF-si-vols-registrar-te<\/a>&nbsp;i fer difusi\u00f3 de la vostra activitat publicant-ne fotos o v\u00eddeos a les xarxes socials amb les etiquetes #GentActiva #DMAF2021 #CadaPasCompta i #AFLaTevaAltraVacuna<\/p>\n\n\n\n<p>Per a m\u00e9s informaci\u00f3 podeu entrar al web:&nbsp;<a href=\"https:\/\/canalsalut.gencat.cat\/ca\/actualitat\/dies-mundials\/dia-mundial-activitat-fisica\/\">https:\/\/canalsalut.gencat.cat\/ca\/actualitat\/dies-mundials\/dia-mundial-activitat-fisica\/<\/a><\/p>\n\n\n\n<hr class=\"wp-block-separator is-style-wide\"\/>\n\n\n\n<p><strong>CASTELLANO&nbsp;<\/strong>| Hoy 6 de abril es el D\u00eda Mundial de la Actividad F\u00edsica (DMAF). Desde la Federaci\u00f3 de Municipis de Catalunya i el CatSalut se promueve esta jornada con el lema \u201cCada pas compta\u201d (Cada paso cuenta) con el objetivo de promover la actividad f\u00edsica y reducir el sedentarismo como elementos fundamentales de salud y bienestar.<\/p>\n\n\n\n<p>As\u00ed, se quiere animar a la ciudadan\u00eda a hacer actividades como por ejemplo caminar, ir en bicicleta, utilizar las escaleras, nadar, bailar o hacer marcha n\u00f3rdica, entre otras, siempre siguiendo las medidas de prevenci\u00f3n y las restricciones vigentes. Pod\u00e9is registrar vuestra actividad f\u00edsica en este enlace:&nbsp;<a href=\"https:\/\/esport.gencat.cat\/ca\/arees_dactuacio\/activitat-fisica-i-salut\/dia-mundial-de-lactivitat-fisica-dmaf.-6-dabril\/DMAF-si-vols-registrar-te\">https:\/\/esport.gencat.cat\/ca\/arees_dactuacio\/activitat-fisica-i-salut\/dia-mundial-de-lactivitat-fisica-dmaf.-6-dabril\/DMAF-si-vols-registrar-te<\/a>&nbsp;y hacer difusi\u00f3n de vuestra actividad f\u00edsica publicando fotos o v\u00eddeos en las redes sociales con las etiquetas #GentActiva #DMAF2021 #CadaPasCompta y #AFLaTevaAltraVacuna<\/p>\n\n\n\n<p>Para m\u00e1s informaci\u00f3n pod\u00e9is entrar en la web:&nbsp;<a href=\"https:\/\/canalsalut.gencat.cat\/ca\/actualitat\/dies-mundials\/dia-mundial-activitat-fisica\/index.html#googtrans(ca%7Ces\">https:\/\/canalsalut.gencat.cat\/ca\/actualitat\/dies-mundials\/dia-mundial-activitat-fisica\/index.html#googtrans(ca|es<\/a>)<\/p>\n","protected":false},"excerpt":{"rendered":"<p>Avui 6 d\u2019abril \u00e9s el Dia Mundial de l\u2019Activitat F\u00edsica (DMAF). Des de la Federaci\u00f3 de Municipis de Catalunya y el CatSalut es promou aquesta jornada amb el lema \u201cCada &hellip; <a href=\"https:\/\/bisbalpenedes.com\/web\/2021\/04\/06\/avui-6-dabril-es-el-dia-mundial-de-lactivitat-fisica-dmaf\/\" class=\"more-link\">Read More<\/a><\/p>\n","protected":false},"author":4,"featured_media":17177,"comment_status":"closed","ping_status":"closed","sticky":false,"template":"","format":"standard","meta":[],"categories":[8,14],"tags":[306,1299,145],"_links":{"self":[{"href":"https:\/\/bisbalpenedes.com\/web\/wp-json\/wp\/v2\/posts\/17175"}],"collection":[{"href":"https:\/\/bisbalpenedes.com\/web\/wp-json\/wp\/v2\/posts"}],"about":[{"href":"https:\/\/bisbalpenedes.com\/web\/wp-json\/wp\/v2\/types\/post"}],"author":[{"embeddable":true,"href":"https:\/\/bisbalpenedes.com\/web\/wp-json\/wp\/v2\/users\/4"}],"replies":[{"embeddable":true,"href":"https:\/\/bisbalpenedes.com\/web\/wp-json\/wp\/v2\/comments?post=17175"}],"version-history":[{"count":1,"href":"https:\/\/bisbalpenedes.com\/web\/wp-json\/wp\/v2\/posts\/17175\/revisions"}],"predecessor-version":[{"id":17176,"href":"https:\/\/bisbalpenedes.com\/web\/wp-json\/wp\/v2\/posts\/17175\/revisions\/17176"}],"wp:featuredmedia":[{"embeddable":true,"href":"https:\/\/bisbalpenedes.com\/web\/wp-json\/wp\/v2\/media\/17177"}],"wp:attachment":[{"href":"https:\/\/bisbalpenedes.com\/web\/wp-json\/wp\/v2\/media?parent=17175"}],"wp:term":[{"taxonomy":"category","embeddable":true,"href":"https:\/\/bisbalpenedes.com\/web\/wp-json\/wp\/v2\/categories?post=17175"},{"taxonomy":"post_tag","embeddable":true,"href":"https:\/\/bisbalpenedes.com\/web\/wp-json\/wp\/v2\/tags?post=17175"}],"curies":[{"name":"wp","href":"https:\/\/api.w.org\/{rel}","templated":true}]}}