{"id":17159,"date":"2021-03-31T10:21:57","date_gmt":"2021-03-31T08:21:57","guid":{"rendered":"https:\/\/bisbalpenedes.com\/web\/?p=17159"},"modified":"2021-03-31T10:21:57","modified_gmt":"2021-03-31T08:21:57","slug":"comenca-el-termini-per-abonar-la-taxa-de-recollida-descombraries-1r-rebut-i-limpost-sobre-vehicles-de-traccio-mecanica","status":"publish","type":"post","link":"https:\/\/bisbalpenedes.com\/web\/2021\/03\/31\/comenca-el-termini-per-abonar-la-taxa-de-recollida-descombraries-1r-rebut-i-limpost-sobre-vehicles-de-traccio-mecanica\/","title":{"rendered":"Comen\u00e7a el termini per abonar la taxa de recollida d&#8217;escombraries (1r rebut) i l&#8217;impost sobre vehicles de tracci\u00f3 mec\u00e0nica"},"content":{"rendered":"\n<p>Avui dimecres 31 de mar\u00e7 comen\u00e7a el termini per abonar, en per\u00edode voluntari, la taxa de recollida d&#8217;escombraries (primer rebut) i l&#8217;impost sobre vehicles de tracci\u00f3 mec\u00e0nica.<\/p>\n\n\n\n<p>Podeu fer el pagament a trav\u00e9s del web de BASE: <a rel=\"noreferrer noopener\" href=\"https:\/\/www.base.cat\/web\/ca\/ciutadans\/index.html?fbclid=IwAR3xKmOOsnVhLfmALm1GUagyQtlmO7hotamzMHgD27CyZyMLlqLxG-oWr8E\" target=\"_blank\">https:\/\/www.base.cat\/web\/ca\/ciutadans\/index.html<\/a><\/p>\n\n\n\n<hr class=\"wp-block-separator is-style-wide\"\/>\n\n\n\n<p>Hoy mi\u00e9rcoles 31 de marzo empieza el plazo para abonar, en periodo voluntario, la tasa de recogida de basuras (primer recibo) y el impuesto sobre veh\u00edculos de tracci\u00f3n mec\u00e1nica.<\/p>\n\n\n\n<p>Pod\u00e9is hacer el pago a trav\u00e9s de la web de BASE: <a rel=\"noreferrer noopener\" href=\"https:\/\/www.base.cat\/web\/ca\/ciutadans\/index.html?fbclid=IwAR3o4TvDOlr673U6-kPSwja3_9XT2GOZ7iI2loegfWd0BTM-Smg6-kgzlSI\" target=\"_blank\">https:\/\/www.base.cat\/web\/ca\/ciutadans\/index.html<\/a><\/p>\n\n\n\n<figure class=\"wp-block-image size-large\"><img loading=\"lazy\" width=\"711\" height=\"374\" src=\"https:\/\/bisbalpenedes.com\/web\/wp-content\/uploads\/2021\/03\/Captura-de-pantalla-2021-01-25-a-les-11.44.30.png\" alt=\"\" class=\"wp-image-17161\" srcset=\"https:\/\/bisbalpenedes.com\/web\/wp-content\/uploads\/2021\/03\/Captura-de-pantalla-2021-01-25-a-les-11.44.30.png 711w, https:\/\/bisbalpenedes.com\/web\/wp-content\/uploads\/2021\/03\/Captura-de-pantalla-2021-01-25-a-les-11.44.30-600x316.png 600w, https:\/\/bisbalpenedes.com\/web\/wp-content\/uploads\/2021\/03\/Captura-de-pantalla-2021-01-25-a-les-11.44.30-300x158.png 300w\" sizes=\"(max-width: 711px) 100vw, 711px\" \/><\/figure>\n","protected":false},"excerpt":{"rendered":"<p>Avui dimecres 31 de mar\u00e7 comen\u00e7a el termini per abonar, en per\u00edode voluntari, la taxa de recollida d&#8217;escombraries (primer rebut) i l&#8217;impost sobre vehicles de tracci\u00f3 mec\u00e0nica. Podeu fer el &hellip; <a href=\"https:\/\/bisbalpenedes.com\/web\/2021\/03\/31\/comenca-el-termini-per-abonar-la-taxa-de-recollida-descombraries-1r-rebut-i-limpost-sobre-vehicles-de-traccio-mecanica\/\" class=\"more-link\">Read More<\/a><\/p>\n","protected":false},"author":4,"featured_media":17160,"comment_status":"closed","ping_status":"closed","sticky":false,"template":"","format":"standard","meta":[],"categories":[2402,1628,8],"tags":[977,4422,2012,1130,976],"_links":{"self":[{"href":"https:\/\/bisbalpenedes.com\/web\/wp-json\/wp\/v2\/posts\/17159"}],"collection":[{"href":"https:\/\/bisbalpenedes.com\/web\/wp-json\/wp\/v2\/posts"}],"about":[{"href":"https:\/\/bisbalpenedes.com\/web\/wp-json\/wp\/v2\/types\/post"}],"author":[{"embeddable":true,"href":"https:\/\/bisbalpenedes.com\/web\/wp-json\/wp\/v2\/users\/4"}],"replies":[{"embeddable":true,"href":"https:\/\/bisbalpenedes.com\/web\/wp-json\/wp\/v2\/comments?post=17159"}],"version-history":[{"count":1,"href":"https:\/\/bisbalpenedes.com\/web\/wp-json\/wp\/v2\/posts\/17159\/revisions"}],"predecessor-version":[{"id":17162,"href":"https:\/\/bisbalpenedes.com\/web\/wp-json\/wp\/v2\/posts\/17159\/revisions\/17162"}],"wp:featuredmedia":[{"embeddable":true,"href":"https:\/\/bisbalpenedes.com\/web\/wp-json\/wp\/v2\/media\/17160"}],"wp:attachment":[{"href":"https:\/\/bisbalpenedes.com\/web\/wp-json\/wp\/v2\/media?parent=17159"}],"wp:term":[{"taxonomy":"category","embeddable":true,"href":"https:\/\/bisbalpenedes.com\/web\/wp-json\/wp\/v2\/categories?post=17159"},{"taxonomy":"post_tag","embeddable":true,"href":"https:\/\/bisbalpenedes.com\/web\/wp-json\/wp\/v2\/tags?post=17159"}],"curies":[{"name":"wp","href":"https:\/\/api.w.org\/{rel}","templated":true}]}}