{"id":17153,"date":"2021-03-30T12:05:08","date_gmt":"2021-03-30T10:05:08","guid":{"rendered":"https:\/\/bisbalpenedes.com\/web\/?p=17153"},"modified":"2021-03-30T12:11:22","modified_gmt":"2021-03-30T10:11:22","slug":"programacio-del-cicle-gaudi-i-entitats-que-gestionaran-la-taquilla-durant-les-properes-projeccions","status":"publish","type":"post","link":"https:\/\/bisbalpenedes.com\/web\/2021\/03\/30\/programacio-del-cicle-gaudi-i-entitats-que-gestionaran-la-taquilla-durant-les-properes-projeccions\/","title":{"rendered":"Programaci\u00f3 del Cicle Gaud\u00ed i entitats que gestionaran la taquilla durant les properes projeccions"},"content":{"rendered":"\n<p>Aquest dilluns s\u2019ha fet el sorteig de la gesti\u00f3 de la taquilla del Cicle Gaud\u00ed per als propers mesos. Les pel\u00b7l\u00edcules que es programaran pr\u00f2ximament i les entitats que gestionaran la taquilla seran:<\/p>\n\n\n\n<ul><li>Dissabte 17 d\u2019abril, a les 19h: <strong>Sentimental<\/strong> del director catal\u00e0 Cesc Gay. Gesti\u00f3 de la taquilla a c\u00e0rrec de l\u2019<strong>Associaci\u00f3 de Dones La Roca Foradada<\/strong>.<\/li><li>Dissabte 29 de maig, a les 19h: <strong>La vampira de Barcelona<\/strong>, guanyadora del Premi Gaud\u00ed a la millor pel\u00b7l\u00edcula. Gesti\u00f3 de la taquilla a c\u00e0rrec de <strong>Senderistes Bisbalencs.<\/strong><\/li><li>Dissabte 26 de juny, a les 19h: <strong>My Mexican Bretzel<\/strong>, de la cineasta catalana N\u00faria Gim\u00e9nez Lorang. Gesti\u00f3 de la taquilla a c\u00e0rrec de l\u2019<strong>Associaci\u00f3 de la Gent Gran de la Bisbal.<\/strong><\/li><\/ul>\n\n\n\n<p>Properament us ampliarem la informaci\u00f3 sobre cadascuna de les projeccions.<\/p>\n\n\n\n<hr class=\"wp-block-separator is-style-wide\"\/>\n\n\n\n<p><strong>CASTELLANO | <\/strong>Este lunes se ha hecho el sorteo de la gesti\u00f3n de la taquilla del Cicle Gaud\u00ed para los pr\u00f3ximos meses. Las peliculas que se programar\u00e1n pr\u00f3ximamente y las entidades que gestionar\u00e1n la taquilla ser\u00e1n:<\/p>\n\n\n\n<ul><li>S\u00e1bado 17 de abril, a las 19: <strong>Sentimental<\/strong> del director catal\u00e1n Cesc Gay. Gesti\u00f3n de la taquilla a cargo de la <strong>Associaci\u00f3 de Dones La Roca Foradada.<\/strong><\/li><li>S\u00e1bado 29 de mayo, a las 19h: <strong>La vampira de Barcelona<\/strong>, ganadora del Premio Gaud\u00ed a la mejor pel\u00edcula. Gesti\u00f3n de la taquilla a cargo de <strong>Senderistes Bisbalencs.<\/strong><\/li><li>S\u00e1bado 26 de junio, a las 19h: <strong>My Mexican Bretzel,<\/strong> de la cineasta catalana N\u00faria Gim\u00e9nez Lorang. Gesti\u00f3n de la taquilla a cargo de la <strong>Associaci\u00f3 de la Gent Gran de la Bisbal.<\/strong><\/li><\/ul>\n\n\n\n<p>Pr\u00f3ximamente os ampliaremos la informaci\u00f3n sobre cada una de las proyecciones.<\/p>\n","protected":false},"excerpt":{"rendered":"<p>Aquest dilluns s\u2019ha fet el sorteig de la gesti\u00f3 de la taquilla del Cicle Gaud\u00ed per als propers mesos. Les pel\u00b7l\u00edcules que es programaran pr\u00f2ximament i les entitats que gestionaran &hellip; <a href=\"https:\/\/bisbalpenedes.com\/web\/2021\/03\/30\/programacio-del-cicle-gaudi-i-entitats-que-gestionaran-la-taquilla-durant-les-properes-projeccions\/\" class=\"more-link\">Read More<\/a><\/p>\n","protected":false},"author":4,"featured_media":17154,"comment_status":"closed","ping_status":"closed","sticky":false,"template":"","format":"standard","meta":[],"categories":[2942,13,20,8],"tags":[308,307,754,4421],"_links":{"self":[{"href":"https:\/\/bisbalpenedes.com\/web\/wp-json\/wp\/v2\/posts\/17153"}],"collection":[{"href":"https:\/\/bisbalpenedes.com\/web\/wp-json\/wp\/v2\/posts"}],"about":[{"href":"https:\/\/bisbalpenedes.com\/web\/wp-json\/wp\/v2\/types\/post"}],"author":[{"embeddable":true,"href":"https:\/\/bisbalpenedes.com\/web\/wp-json\/wp\/v2\/users\/4"}],"replies":[{"embeddable":true,"href":"https:\/\/bisbalpenedes.com\/web\/wp-json\/wp\/v2\/comments?post=17153"}],"version-history":[{"count":4,"href":"https:\/\/bisbalpenedes.com\/web\/wp-json\/wp\/v2\/posts\/17153\/revisions"}],"predecessor-version":[{"id":17158,"href":"https:\/\/bisbalpenedes.com\/web\/wp-json\/wp\/v2\/posts\/17153\/revisions\/17158"}],"wp:featuredmedia":[{"embeddable":true,"href":"https:\/\/bisbalpenedes.com\/web\/wp-json\/wp\/v2\/media\/17154"}],"wp:attachment":[{"href":"https:\/\/bisbalpenedes.com\/web\/wp-json\/wp\/v2\/media?parent=17153"}],"wp:term":[{"taxonomy":"category","embeddable":true,"href":"https:\/\/bisbalpenedes.com\/web\/wp-json\/wp\/v2\/categories?post=17153"},{"taxonomy":"post_tag","embeddable":true,"href":"https:\/\/bisbalpenedes.com\/web\/wp-json\/wp\/v2\/tags?post=17153"}],"curies":[{"name":"wp","href":"https:\/\/api.w.org\/{rel}","templated":true}]}}