{"id":17123,"date":"2021-03-29T19:19:20","date_gmt":"2021-03-29T17:19:20","guid":{"rendered":"https:\/\/bisbalpenedes.com\/web\/?p=17123"},"modified":"2021-03-29T19:19:20","modified_gmt":"2021-03-29T17:19:20","slug":"laprovacio-inicial-de-la-modificacio-de-les-bases-de-les-subvencions-densenyament-estara-a-exposicio-publica-fins-al-13-de-maig-de-2021","status":"publish","type":"post","link":"https:\/\/bisbalpenedes.com\/web\/2021\/03\/29\/laprovacio-inicial-de-la-modificacio-de-les-bases-de-les-subvencions-densenyament-estara-a-exposicio-publica-fins-al-13-de-maig-de-2021\/","title":{"rendered":"L\u2019aprovaci\u00f3 inicial de la modificaci\u00f3 de les bases de les subvencions d\u2019Ensenyament estar\u00e0 a exposici\u00f3 p\u00fablica fins al 13 de maig de 2021"},"content":{"rendered":"\n<p>El Ple del passat 15 de mar\u00e7 de 2021 va aprovar la modificaci\u00f3 de les bases de subvencions per adaptar-les a novetats en les subvencions dels llibres de l\u2019escola i en les subvencions del menjador de l\u2019escola i la Llar d\u2019infants. Amb aquesta modificaci\u00f3 es facilita i agilitza la tramitaci\u00f3 de les convocat\u00f2ries de subvencions existents. Aquesta modificaci\u00f3 s\u2019ha publicat al <a href=\"https:\/\/www.diputaciodetarragona.cat\/ebop\/index.php?op=dwn&amp;tipus=i&amp;data=20210326&amp;anyp=2021&amp;num=02424&amp;v=i\">BOPT<\/a> i estar\u00e0 a exposici\u00f3 p\u00fablica fins al dijous 13 de maig.<\/p>\n\n\n\n<p>Enlla\u00e7 a la publicaci\u00f3 del web municipal: <a href=\"https:\/\/bisbalpenedes.com\/web\/portfolio\/subvencions-escolars\/\" target=\"_blank\" rel=\"noreferrer noopener\">https:\/\/bisbalpenedes.com\/web\/portfolio\/subvencions-escolars\/<\/a><\/p>\n\n\n\n<p>A continuaci\u00f3 s\u2019especifica la motivaci\u00f3 de la modificaci\u00f3:<\/p>\n\n\n\n<p>Subvencions dels llibres de l\u2019Escola Ull de Vent<\/p>\n\n\n\n<p>Fins a aquest curs es convocaven subvencions per a l\u2019adquisici\u00f3 dels llibres de text de P3 a 6\u00e8 de prim\u00e0ria de l\u2019Escola Ull de Vent, de manera que les fam\u00edlies pagaven els llibres i despr\u00e9s sol\u00b7licitaven les subvencions. Les fam\u00edlies que complien els requisits s\u2019hi presentaven i posteriorment s\u2019aprovaven els beneficiaris. Per facilitar l\u2019acc\u00e9s als llibres sociabilitzats de l\u2019escola, es va signar un conveni amb l\u2019AMPA de l\u2019Escola Ull de Vent per al curs 2020\/2021 perqu\u00e8 els alumnes poguessin tenir els llibres a classe el primer dia sense necessitat que els abonessin amb anterioritat.<\/p>\n\n\n\n<p>Com que a les bases de les subvencions d\u2019Ensenyament encara constava que la subvenci\u00f3 era a trav\u00e9s de convocat\u00f2ria per a fam\u00edlies, s\u2019han modificat per adaptar-les al nou model.<\/p>\n\n\n\n<p>Subvencions menjador escolar<\/p>\n\n\n\n<p>Abans, cada fam\u00edlia sol\u00b7licitava la subvenci\u00f3 quan s\u2019aprovava la convocat\u00f2ria. A principis d\u2019any s\u2019aprovaven els beneficiaris i es feien dos pagaments durant el curs (el tiquet costa 6,20\u20ac per alumne i dia i l\u2019Ajuntament subvenciona 1,70\u20ac per alumne i dia).<\/p>\n\n\n\n<p>Per agilitzar la convocat\u00f2ria, es va proposar modificar les bases i la convocat\u00f2ria de subvencions de menjador per subvencionar el 25% del preu del menjador de cada alumne per al curs, amb un m\u00e0xim de 250\u20ac per curs i alumne. Una vegada aprovada la convocat\u00f2ria i els beneficiaris, les fam\u00edlies benefici\u00e0ries hauran d\u2019aportar els rebuts pagats del menjador de tot el curs escolar i s\u2019aprovar\u00e0 un \u00fanic pagament del 25% dels rebuts aportats (amb un m\u00e0xim de 250\u20ac).<\/p>\n\n\n\n<hr class=\"wp-block-separator is-style-wide\"\/>\n\n\n\n<p><strong>CASTELLANO |<\/strong> El Pleno del pasado 15 de marzo de 2021 aprob\u00f3 la modificaci\u00f3n de las bases de subvenciones para adaptarlas a novedades en las subvenciones de los libros de la escuela y en las subvenciones del comedor de la escuela y la guarder\u00eda. Con esta modificaci\u00f3n se facilita y agiliza la tramitaci\u00f3n de las convocatorias de subvenciones existentes. Esta modificaci\u00f3n se ha publicado al <a href=\"https:\/\/www.diputaciodetarragona.cat\/ebop\/index.php?op=dwn&amp;tipus=i&amp;data=20210326&amp;anyp=2021&amp;num=02424&amp;v=i\">BOPT<\/a> y estar\u00e1 a exposici\u00f3n p\u00fablica hasta el jueves 13 de mayo.<\/p>\n\n\n\n<p>Enlace en la publicaci\u00f3n de la web municipal: <a href=\"https:\/\/bisbalpenedes.com\/web\/portfolio\/subvencions-escolars\/\" target=\"_blank\" rel=\"noreferrer noopener\">https:\/\/bisbalpenedes.com\/web\/portfolio\/subvencions-escolars\/<\/a><\/p>\n\n\n\n<p>A continuaci\u00f3n se especifica la motivaci\u00f3n de la modificaci\u00f3n:<\/p>\n\n\n\n<p>Subvenciones de los libros de la Escuela Ull de Vent<\/p>\n\n\n\n<p>Hasta este curso se convocaban subvenciones para la adquisici\u00f3n de los libros de texto de P3 a 6.\u00ba de primaria de la Escuela Ull de Vent, de forma que las familias pagaban los libros y despu\u00e9s solicitaban las subvenciones. Las familias que cumpl\u00edan los requisitos se presentaban y posteriormente se aprobaban los beneficiarios. Para facilitar el acceso a los libros sociabilizados de la escuela, se firm\u00f3 un convenio con el AMPA de la Escuela Ull de Vent para el curso 2020\/2021 para que los alumnos pudieran tener los libros a clase el primer d\u00eda sin necesidad que los abonaran con anterioridad.<\/p>\n\n\n\n<p>Como que en las bases de las subvenciones de Educaci\u00f3n todav\u00eda constaba que la subvenci\u00f3n era a trav\u00e9s de convocatoria para familias, se han modificado para adaptarlas al nuevo modelo.<\/p>\n\n\n\n<p>Subvenciones comedor escolar<\/p>\n\n\n\n<p>Antes, cada familia solicitaba la subvenci\u00f3n cuando se aprobaba la convocatoria. A principios de a\u00f1o se aprobaban los beneficiarios y se hac\u00edan dos pagos durante el curso (el ticket cuesta 6,20\u20ac por alumno y d\u00eda y el Ayuntamiento subvenciona 1,70\u20ac por alumno y d\u00eda).<\/p>\n\n\n\n<p>Para agilizar la convocatoria, se propuso modificar las bases y la convocatoria de subvenciones de comedor para subvencionar el 25% del precio del comedor de cada alumno para el curso, con un m\u00e1ximo de 250\u20ac por curso y alumno. Una vez aprobada la convocatoria y los beneficiarios, las familias beneficiarias tendr\u00e1n que aportar los recibos pagados del comedor de todo el curso escolar y se aprobar\u00e1 un \u00fanico pago del 25% de los recibos aportados (con un m\u00e1ximo de 250\u20ac).<\/p>\n","protected":false},"excerpt":{"rendered":"<p>El Ple del passat 15 de mar\u00e7 de 2021 va aprovar la modificaci\u00f3 de les bases de subvencions per adaptar-les a novetats en les subvencions dels llibres de l\u2019escola i &hellip; <a href=\"https:\/\/bisbalpenedes.com\/web\/2021\/03\/29\/laprovacio-inicial-de-la-modificacio-de-les-bases-de-les-subvencions-densenyament-estara-a-exposicio-publica-fins-al-13-de-maig-de-2021\/\" class=\"more-link\">Read More<\/a><\/p>\n","protected":false},"author":4,"featured_media":2675,"comment_status":"closed","ping_status":"closed","sticky":false,"template":"","format":"standard","meta":[],"categories":[3456,8],"tags":[287,862,3268,336,4420,102],"_links":{"self":[{"href":"https:\/\/bisbalpenedes.com\/web\/wp-json\/wp\/v2\/posts\/17123"}],"collection":[{"href":"https:\/\/bisbalpenedes.com\/web\/wp-json\/wp\/v2\/posts"}],"about":[{"href":"https:\/\/bisbalpenedes.com\/web\/wp-json\/wp\/v2\/types\/post"}],"author":[{"embeddable":true,"href":"https:\/\/bisbalpenedes.com\/web\/wp-json\/wp\/v2\/users\/4"}],"replies":[{"embeddable":true,"href":"https:\/\/bisbalpenedes.com\/web\/wp-json\/wp\/v2\/comments?post=17123"}],"version-history":[{"count":2,"href":"https:\/\/bisbalpenedes.com\/web\/wp-json\/wp\/v2\/posts\/17123\/revisions"}],"predecessor-version":[{"id":17148,"href":"https:\/\/bisbalpenedes.com\/web\/wp-json\/wp\/v2\/posts\/17123\/revisions\/17148"}],"wp:featuredmedia":[{"embeddable":true,"href":"https:\/\/bisbalpenedes.com\/web\/wp-json\/wp\/v2\/media\/2675"}],"wp:attachment":[{"href":"https:\/\/bisbalpenedes.com\/web\/wp-json\/wp\/v2\/media?parent=17123"}],"wp:term":[{"taxonomy":"category","embeddable":true,"href":"https:\/\/bisbalpenedes.com\/web\/wp-json\/wp\/v2\/categories?post=17123"},{"taxonomy":"post_tag","embeddable":true,"href":"https:\/\/bisbalpenedes.com\/web\/wp-json\/wp\/v2\/tags?post=17123"}],"curies":[{"name":"wp","href":"https:\/\/api.w.org\/{rel}","templated":true}]}}