{"id":17111,"date":"2021-03-26T16:31:13","date_gmt":"2021-03-26T14:31:13","guid":{"rendered":"https:\/\/bisbalpenedes.com\/web\/?p=17111"},"modified":"2021-03-26T17:32:24","modified_gmt":"2021-03-26T15:32:24","slug":"es-prorroguen-les-mesures-vigents-per-frenar-la-propagacio-de-la-covid-19-fins-al-9-dabril","status":"publish","type":"post","link":"https:\/\/bisbalpenedes.com\/web\/2021\/03\/26\/es-prorroguen-les-mesures-vigents-per-frenar-la-propagacio-de-la-covid-19-fins-al-9-dabril\/","title":{"rendered":"Es prorroguen les mesures vigents per frenar la propagaci\u00f3 de la COVID-19 fins al 9 d&#8217;abril"},"content":{"rendered":"\n<p>La Direcci\u00f3 General de Protecci\u00f3 Civil de la Generalitat de Catalunya ha informat que es prorroguen les mesures vigents per frenar la propagaci\u00f3 de la COVID-19 fins al 9 d&#8217;abril. Aquestes s\u00f3n les mesures vigents: <a rel=\"noreferrer noopener\" href=\"https:\/\/bisbalpenedes.com\/web\/2021\/03\/18\/mesures-vigents-per-frenar-la-propagacio-de-la-covid-19-fins-al-29-de-marc-a-les-00h\/\" target=\"_blank\">https:\/\/bisbalpenedes.com\/web\/2021\/03\/18\/mesures-vigents-per-frenar-la-propagacio-de-la-covid-19-fins-al-29-de-marc-a-les-00h\/<\/a><\/p>\n\n\n\n<hr class=\"wp-block-separator\"\/>\n\n\n\n<p><strong>CASTELLANO<\/strong>| La Direcci\u00f3n General de Protecci\u00f3n Civil de la Generalitat de Catalunya ha informado de que se prortogan las medidas vigentes para frenar la propagaci\u00f3n de la CCOVID-19 hasta el 9 de abril.<br>Estas son las medidas vigentes: <a rel=\"noreferrer noopener\" href=\"https:\/\/bisbalpenedes.com\/web\/2021\/03\/18\/mesures-vigents-per-frenar-la-propagacio-de-la-covid-19-fins-al-29-de-marc-a-les-00h\/\" target=\"_blank\">https:\/\/bisbalpenedes.com\/web\/2021\/03\/18\/mesures-vigents-per-frenar-la-propagacio-de-la-covid-19-fins-al-29-de-marc-a-les-00h\/<\/a><\/p>\n","protected":false},"excerpt":{"rendered":"<p>La Direcci\u00f3 General de Protecci\u00f3 Civil de la Generalitat de Catalunya ha informat que es prorroguen les mesures vigents per frenar la propagaci\u00f3 de la COVID-19 fins al 9 d&#8217;abril. &hellip; <a href=\"https:\/\/bisbalpenedes.com\/web\/2021\/03\/26\/es-prorroguen-les-mesures-vigents-per-frenar-la-propagacio-de-la-covid-19-fins-al-9-dabril\/\" class=\"more-link\">Read More<\/a><\/p>\n","protected":false},"author":4,"featured_media":17112,"comment_status":"closed","ping_status":"closed","sticky":false,"template":"","format":"standard","meta":[],"categories":[3636,8,14],"tags":[3550,3559,82],"_links":{"self":[{"href":"https:\/\/bisbalpenedes.com\/web\/wp-json\/wp\/v2\/posts\/17111"}],"collection":[{"href":"https:\/\/bisbalpenedes.com\/web\/wp-json\/wp\/v2\/posts"}],"about":[{"href":"https:\/\/bisbalpenedes.com\/web\/wp-json\/wp\/v2\/types\/post"}],"author":[{"embeddable":true,"href":"https:\/\/bisbalpenedes.com\/web\/wp-json\/wp\/v2\/users\/4"}],"replies":[{"embeddable":true,"href":"https:\/\/bisbalpenedes.com\/web\/wp-json\/wp\/v2\/comments?post=17111"}],"version-history":[{"count":2,"href":"https:\/\/bisbalpenedes.com\/web\/wp-json\/wp\/v2\/posts\/17111\/revisions"}],"predecessor-version":[{"id":17117,"href":"https:\/\/bisbalpenedes.com\/web\/wp-json\/wp\/v2\/posts\/17111\/revisions\/17117"}],"wp:featuredmedia":[{"embeddable":true,"href":"https:\/\/bisbalpenedes.com\/web\/wp-json\/wp\/v2\/media\/17112"}],"wp:attachment":[{"href":"https:\/\/bisbalpenedes.com\/web\/wp-json\/wp\/v2\/media?parent=17111"}],"wp:term":[{"taxonomy":"category","embeddable":true,"href":"https:\/\/bisbalpenedes.com\/web\/wp-json\/wp\/v2\/categories?post=17111"},{"taxonomy":"post_tag","embeddable":true,"href":"https:\/\/bisbalpenedes.com\/web\/wp-json\/wp\/v2\/tags?post=17111"}],"curies":[{"name":"wp","href":"https:\/\/api.w.org\/{rel}","templated":true}]}}