{"id":17092,"date":"2021-03-25T10:35:42","date_gmt":"2021-03-25T08:35:42","guid":{"rendered":"https:\/\/bisbalpenedes.com\/web\/?p=17092"},"modified":"2021-03-25T10:35:42","modified_gmt":"2021-03-25T08:35:42","slug":"la-regidoria-de-joventut-de-lajuntament-de-la-bisbal-del-penedes-ha-participat-en-la-reunio-de-representants-de-joventut-del-baix-penedes","status":"publish","type":"post","link":"https:\/\/bisbalpenedes.com\/web\/2021\/03\/25\/la-regidoria-de-joventut-de-lajuntament-de-la-bisbal-del-penedes-ha-participat-en-la-reunio-de-representants-de-joventut-del-baix-penedes\/","title":{"rendered":"La regidoria de Joventut de l&#8217;Ajuntament de La Bisbal del Pened\u00e8s ha participat en la reuni\u00f3 de representants de Joventut del Baix Pened\u00e8s"},"content":{"rendered":"\n<p>Aquest dimecres 24 de mar\u00e7 ha tingut lloc la reuni\u00f3 de representants pol\u00edtics i t\u00e8cnics de Joventut del Baix Pened\u00e8s per avaluar l&#8217;any anterior i programar el 2021. La reuni\u00f3 s&#8217;ha dut a terme al Centre C\u00edvic de la Joncosa del Montmell i ha comptat amb la participaci\u00f3 del regidor de Joventut de l&#8217;Ajuntament de La Bisbal del Pened\u00e8s, F\u00e8lix Villaz\u00e1n; i la t\u00e8cnica de Joventut municipal, Arantzazu Longares.<\/p>\n\n\n\n<hr class=\"wp-block-separator is-style-wide\"\/>\n\n\n\n<p>Este mi\u00e9rcoles 24 de marzo ha tenido lugar la reuni\u00f3n de representantes pol\u00edticos y t\u00e9cnicos de juventud del Baix Pened\u00e8s para evaluar el a\u00f1o anterior y programar el 2021. La reuni\u00f3n se ha llevado a cabo en el Centro C\u00edvico de la Joncosa del Montmell y ha contado con la participaci\u00f3n del concejal de Juventud del Ayuntamiento de La Bisbal del Pened\u00e8s, F\u00e8lix Villaz\u00e1n; y la t\u00e9cnica de Juventud municipal, Arantzazu Longares.<\/p>\n\n\n\n<figure class=\"wp-block-image size-large\"><img loading=\"lazy\" width=\"1024\" height=\"768\" src=\"https:\/\/bisbalpenedes.com\/web\/wp-content\/uploads\/2021\/03\/7e9700b3-4648-4d6a-ac81-be693a2b587f-1024x768.jpeg\" alt=\"\" class=\"wp-image-17093\" srcset=\"https:\/\/bisbalpenedes.com\/web\/wp-content\/uploads\/2021\/03\/7e9700b3-4648-4d6a-ac81-be693a2b587f-1024x768.jpeg 1024w, https:\/\/bisbalpenedes.com\/web\/wp-content\/uploads\/2021\/03\/7e9700b3-4648-4d6a-ac81-be693a2b587f-600x450.jpeg 600w, https:\/\/bisbalpenedes.com\/web\/wp-content\/uploads\/2021\/03\/7e9700b3-4648-4d6a-ac81-be693a2b587f-300x225.jpeg 300w, https:\/\/bisbalpenedes.com\/web\/wp-content\/uploads\/2021\/03\/7e9700b3-4648-4d6a-ac81-be693a2b587f-768x576.jpeg 768w, https:\/\/bisbalpenedes.com\/web\/wp-content\/uploads\/2021\/03\/7e9700b3-4648-4d6a-ac81-be693a2b587f-1536x1152.jpeg 1536w, https:\/\/bisbalpenedes.com\/web\/wp-content\/uploads\/2021\/03\/7e9700b3-4648-4d6a-ac81-be693a2b587f.jpeg 1600w\" sizes=\"(max-width: 1024px) 100vw, 1024px\" \/><figcaption>El regidor de Joventut, F\u00e8lix Villaz\u00e1n; i la t\u00e8cnica de Joventut, Arantzazu Longares<\/figcaption><\/figure>\n","protected":false},"excerpt":{"rendered":"<p>Aquest dimecres 24 de mar\u00e7 ha tingut lloc la reuni\u00f3 de representants pol\u00edtics i t\u00e8cnics de Joventut del Baix Pened\u00e8s per avaluar l&#8217;any anterior i programar el 2021. La reuni\u00f3 &hellip; <a href=\"https:\/\/bisbalpenedes.com\/web\/2021\/03\/25\/la-regidoria-de-joventut-de-lajuntament-de-la-bisbal-del-penedes-ha-participat-en-la-reunio-de-representants-de-joventut-del-baix-penedes\/\" class=\"more-link\">Read More<\/a><\/p>\n","protected":false},"author":4,"featured_media":17094,"comment_status":"closed","ping_status":"closed","sticky":false,"template":"","format":"standard","meta":[],"categories":[4269,8],"tags":[1332,4368,210,4413],"_links":{"self":[{"href":"https:\/\/bisbalpenedes.com\/web\/wp-json\/wp\/v2\/posts\/17092"}],"collection":[{"href":"https:\/\/bisbalpenedes.com\/web\/wp-json\/wp\/v2\/posts"}],"about":[{"href":"https:\/\/bisbalpenedes.com\/web\/wp-json\/wp\/v2\/types\/post"}],"author":[{"embeddable":true,"href":"https:\/\/bisbalpenedes.com\/web\/wp-json\/wp\/v2\/users\/4"}],"replies":[{"embeddable":true,"href":"https:\/\/bisbalpenedes.com\/web\/wp-json\/wp\/v2\/comments?post=17092"}],"version-history":[{"count":1,"href":"https:\/\/bisbalpenedes.com\/web\/wp-json\/wp\/v2\/posts\/17092\/revisions"}],"predecessor-version":[{"id":17095,"href":"https:\/\/bisbalpenedes.com\/web\/wp-json\/wp\/v2\/posts\/17092\/revisions\/17095"}],"wp:featuredmedia":[{"embeddable":true,"href":"https:\/\/bisbalpenedes.com\/web\/wp-json\/wp\/v2\/media\/17094"}],"wp:attachment":[{"href":"https:\/\/bisbalpenedes.com\/web\/wp-json\/wp\/v2\/media?parent=17092"}],"wp:term":[{"taxonomy":"category","embeddable":true,"href":"https:\/\/bisbalpenedes.com\/web\/wp-json\/wp\/v2\/categories?post=17092"},{"taxonomy":"post_tag","embeddable":true,"href":"https:\/\/bisbalpenedes.com\/web\/wp-json\/wp\/v2\/tags?post=17092"}],"curies":[{"name":"wp","href":"https:\/\/api.w.org\/{rel}","templated":true}]}}