{"id":17083,"date":"2021-03-24T16:00:00","date_gmt":"2021-03-24T14:00:00","guid":{"rendered":"https:\/\/bisbalpenedes.com\/web\/?p=17083"},"modified":"2021-03-24T14:41:11","modified_gmt":"2021-03-24T12:41:11","slug":"sobre-la-segona-convocatoria-de-subvencions-per-a-autonoms-i-petites-empreses-afectades-per-la-covid-19","status":"publish","type":"post","link":"https:\/\/bisbalpenedes.com\/web\/2021\/03\/24\/sobre-la-segona-convocatoria-de-subvencions-per-a-autonoms-i-petites-empreses-afectades-per-la-covid-19\/","title":{"rendered":"S\u2019obre la segona convocat\u00f2ria de subvencions per a aut\u00f2noms i petites empreses afectades per la COVID-19"},"content":{"rendered":"\n<p>Del 25 de mar\u00e7 al 26 d\u2019abril de 2021 es podran presentar les sol\u00b7licituds per a les subvencions dirigides a aut\u00f2noms i petites empreses (de fins a 10 treballadors) que s\u2019hagin vist afectades per la crisi sanit\u00e0ria de la COVID-19.<\/p>\n\n\n\n<p>Enlla\u00e7 a la convocat\u00f2ria del BOPT: <a href=\"https:\/\/www.diputaciodetarragona.cat\/ebop\/index.php?op=dwn&amp;tipus=i&amp;data=20210324&amp;anyp=2021&amp;num=02423&amp;v=i\">https:\/\/www.diputaciodetarragona.cat\/ebop\/index.php?op=dwn&amp;tipus=i&amp;data=20210324&amp;anyp=2021&amp;num=02423&amp;v=i<\/a><\/p>\n\n\n\n<p>Enlla\u00e7 a la documentaci\u00f3 a presentar: <a href=\"https:\/\/bisbalpenedes.com\/web\/portfolio\/subvencions-covid\/\">https:\/\/bisbalpenedes.com\/web\/portfolio\/subvencions-covid\/<\/a><\/p>\n\n\n\n<p>Si despr\u00e9s de llegir la informaci\u00f3 d\u2019aquesta p\u00e0gina i dels enlla\u00e7os teniu dubtes o necessiteu ajuda o assessorament sobre els requisits dels ajuts o la presentaci\u00f3 de documentaci\u00f3, podeu sol\u00b7licitar cita pr\u00e8via a l\u2019Ajuntament escrivint un correu electr\u00f2nic a <a href=\"mailto:elena@bisbalpenedes.com\">elena@bisbalpenedes.com<\/a> o trucant al 977688438 preguntant per la sra. Elena.<\/p>\n\n\n\n<p>Les sol\u00b7licituds s\u2019hauran de presentar de forma telem\u00e0tica.<\/p>\n\n\n\n<p><strong>BENEFICIARIS\/\u00c0RIES I REQUISITS<\/strong><\/p>\n\n\n\n<p>Persones treballadores aut\u00f2nomes:<\/p>\n\n\n\n<p>1.Estar donades d\u2019alta al R\u00e8gim Especial de Treballadors Aut\u00f2noms (RETA) o Mutualitat de Previsi\u00f3 Social amb anterioritat a l\u20191 de gener de 2020.<\/p>\n\n\n\n<p>2. No simultaniejar l\u2019activitat empresarial i\/o professional amb qualsevol altra activitat per compte d\u2019altre.<\/p>\n\n\n\n<p>3. Estar empadronades al municipi de la Bisbal del Pened\u00e8s amb anterioritat a l\u20191 de gener de 2020<\/p>\n\n\n\n<p>Petites empreses:<\/p>\n\n\n\n<p>1.Estar legalment constitu\u00efdes amb anterioritat a l\u20191 de gener de 2020.<\/p>\n\n\n\n<p>2.Tenir un m\u00e0xim de 10 treballadors\/es contractats\/des simult\u00e0niament al llarg dels diferents mesos compresos en el per\u00edode subvencionable.&nbsp;<\/p>\n\n\n\n<p>3.Tenir el centre de treball i\/o el domicili fiscal al municipi de la Bisbal del Pened\u00e8s.<\/p>\n\n\n\n<p>Aut\u00f2noms i petites empreses:<\/p>\n\n\n\n<p>1.Disposar de tots els permisos exigibles relatius a l\u2019activitat econ\u00f2mica que es desenvolupa.<\/p>\n\n\n\n<p>2.Tenir reducci\u00f3 en la facturaci\u00f3 anual de 2020, en comparaci\u00f3 amb la de 2019, del 20% o superior, com a conseq\u00fc\u00e8ncia de la crisi sanit\u00e0ria ocasionada per la Covid-19. En cas que l\u2019activitat econ\u00f2mica del\/la sol\u00b7licitant tingui una antiguitat que no permeti realitzar aquesta comparativa, es prendr\u00e0 com a refer\u00e8ncia la facturaci\u00f3 del darrer trimestre de 2019.<\/p>\n\n\n\n<p>3.No estar afectat\/da per cap de les prohibicions contingudes a l\u2019article 13 de la Llei 38\/2003, del 17 de novembre, general de subvencions.<\/p>\n\n\n\n<p>4.No ser deutor\/a per cap concepte davant de la Tresoreria General de la Seguretat Social (TGSS), l\u2019Ag\u00e8ncia Estatal d\u2019Administraci\u00f3 Tribut\u00e0ria (AEAT), l\u2019Ag\u00e8ncia Tribut\u00e0ria de Catalunya (ATC), i l\u2019Ajuntament de la Bisbal del Pened\u00e8s; o b\u00e9 disposar de la corresponent resoluci\u00f3 de pr\u00f2rroga, ajornament, morat\u00f2ria o qualsevol altra condici\u00f3 especial. Aquest requisit s\u2019haur\u00e0 de complir al llarg de tot el procediment.<\/p>\n\n\n\n<p>5.No haver estat sancionat\/da, amb resoluci\u00f3 ferma, per la comissi\u00f3 d\u2019una infracci\u00f3 greu o molt greu en mat\u00e8ria laboral en el darrer any.<\/p>\n\n\n\n<p>6.No haver estat sancionat\/da, amb resoluci\u00f3 ferma, amb la p\u00e8rdua de la possibilitat d\u2019obtenir subvencions.<\/p>\n\n\n\n<p><strong>QUANTIA INDIVIDUALITZADA DE LA SUBVENCI\u00d3<\/strong><strong><\/strong><\/p>\n\n\n\n<p>La quantia individualitzada de la subvenci\u00f3 a atorgar ser\u00e0 la resultant de l\u2019aplicaci\u00f3 dels criteris seg\u00fcents:<\/p>\n\n\n\n<figure class=\"wp-block-table\"><table><tbody><tr><td><em>% de reducci\u00f3 d\u2019ingressos<\/em><\/td><td><em>Sense treballadors\/es contractats\/des<\/em><\/td><td><em>Amb treballadors\/es contractats\/des<\/em><\/td><\/tr><tr><td><em>Entre el 20 i el 40%<\/em><\/td><td>900,00 \u20ac<\/td><td>1.200,00 \u20ac<\/td><\/tr><tr><td><em>M\u00e9s del 40%<\/em><\/td><td>1.500,00 \u20ac<\/td><td>1.800,00 \u20ac<\/td><\/tr><\/tbody><\/table><\/figure>\n\n\n\n<p>* En cas que l\u2019activitat econ\u00f2mica del\/la sol\u00b7licitant tingui una antiguitat que no permeti realitzar aquesta comparativa, es prendr\u00e0 com a refer\u00e8ncia la facturaci\u00f3 del darrer trimestre de 2019.<\/p>\n\n\n\n<p>* Es concedir\u00e0 una \u00fanica subvenci\u00f3 per sol\u00b7licitant.<\/p>\n\n\n\n<p><strong>TERMINIS<\/strong><\/p>\n\n\n\n<p>Del dijous 25 de mar\u00e7 al dilluns 26 d\u2019abril de 2021.<\/p>\n\n\n\n<p><strong>DOCUMENTACI\u00d3 A PRESENTAR<\/strong><\/p>\n\n\n\n<p>Aut\u00f2noms i petites empreses:<\/p>\n\n\n\n<p>1.Els 3 models omplerts i signats (el de dades banc\u00e0ries ha de portar segell i firma de l\u2019entitat banc\u00e0ria o un certificat bancari de titularitat del n\u00famero de compte on ingressar la subvenci\u00f3).<\/p>\n\n\n\n<p>2.C\u00f2pia de la documentaci\u00f3 acreditativa de la identitat de la persona f\u00edsica o jur\u00eddica sol\u00b7licitant: NIF, NIE o CIF.<\/p>\n\n\n\n<p>3. Certificat actualitzat de la situaci\u00f3 censal de l\u2019Ag\u00e8ncia Tribut\u00e0ria, que indiqui l\u2019activitat econ\u00f2mica, la data d\u2019alta, el domicili fiscal i, si escau, la localitzaci\u00f3 del centre de treball.<\/p>\n\n\n\n<p>4.Models 390 d\u2019IVA i\/o model 190 d\u2019IRPF dels anys 2019 i 2020, com a documentaci\u00f3 acreditativa d\u2019haver registrat una reducci\u00f3 en la facturaci\u00f3 anual de 2020, en comparaci\u00f3 amb la de 2019, del 20% o superior, a conseq\u00fc\u00e8ncia de la crisi sanit\u00e0ria ocasionada per la Covid-19. En cas que l\u2019activitat econ\u00f2mica del\/la sol\u00b7licitant tingui una antiguitat que no permeti realitzar aquesta comparativa, es prendr\u00e0 com a refer\u00e8ncia la facturaci\u00f3 del darrer trimestre de 2019.<\/p>\n\n\n\n<p>Aut\u00f2noms:<\/p>\n\n\n\n<p>1.En el cas de les persones treballadores aut\u00f2nomes, certificat d\u2019alta al R\u00e8gim Especial de Treballadors Aut\u00f2noms (RETA) o Mutualitat de Previsi\u00f3 Social corresponent.<\/p>\n\n\n\n<p>Petites empreses:<\/p>\n\n\n\n<p>1.En el cas de les empreses, c\u00f2pia de l\u2019escriptura o document de constituci\u00f3.<\/p>\n\n\n\n<p>2.Si tenen treballadors, c\u00f2pies de la Relaci\u00f3 Nominal de Treballadors (RNT) i del Rebut de Liquidaci\u00f3 de Cotitzacions (RLC) relatius a la Seguretat Social dels treballadors\/es contractats\/des corresponents a l\u2019any 2020 (antics TC1 i TC2).<\/p>\n\n\n\n<p>En el cas que els documents exigits ja siguin a l\u2019Ajuntament, poden no presentar-los fent constar la data i l\u2019\u00f2rgan o depend\u00e8ncia en qu\u00e8 es van presentar o emetre.<\/p>\n\n\n\n<p>En cas que no s\u2019aporti tota la documentaci\u00f3 o no compleixi els requisits establerts, se li requerir\u00e0 perqu\u00e8 en el termini de 10 dies h\u00e0bils esmeni el defecte o adjunti els documents perceptius. Si no ho fa, s\u2019entendr\u00e0 que desisteix de la seva sol\u00b7licitud.<\/p>\n\n\n\n<hr class=\"wp-block-separator is-style-wide\"\/>\n\n\n\n<p>CASTELLANO <strong>| Se abre la segunda convocatoria de subvenciones para familias afectadas por la COVID-19<\/strong><\/p>\n\n\n\n<p>Del 25 de marzo al 26 de abril de 2021 se podr\u00e1n presentar las solicitudes para las subvenciones dirigidas a aut\u00f3nomos y peque\u00f1as empresas (de hasta 10 trabajadores) que se hayan visto afectadas por la crisis sanitaria de la COVID-19.<\/p>\n\n\n\n<p>Enlace a la convocatoria del BOPT: <a href=\"https:\/\/www.diputaciodetarragona.cat\/ebop\/index.php?op=dwn&amp;tipus=i&amp;data=20210324&amp;anyp=2021&amp;num=02423&amp;v=i\">https:\/\/www.diputaciodetarragona.cat\/ebop\/index.php?op=dwn&amp;tipus=i&amp;data=20210324&amp;anyp=2021&amp;num=02423&amp;v=i<\/a><\/p>\n\n\n\n<p>Enlace a la documentaci\u00f3n a presentar: <a href=\"https:\/\/bisbalpenedes.com\/web\/portfolio\/subvencions-covid\/\">https:\/\/bisbalpenedes.com\/web\/portfolio\/subvencions-covid\/<\/a><\/p>\n\n\n\n<p>Si despu\u00e9s de leer la informaci\u00f3n de esta p\u00e1gina y de los enlaces ten\u00e9is dudas o necesit\u00e1is ayuda o asesoramiento sobre los requisitos de las ayudas o la presentaci\u00f3n de documentaci\u00f3n, pod\u00e9is solicitar cita previa al Ayuntamiento escribiendo un correo electr\u00f3nico a <a href=\"mailto:elena@bisbalpenedes.com\">elena@bisbalpenedes.com<\/a> o trucando al 977688438 preguntando por la sra. Elena.<\/p>\n\n\n\n<p>Las solicitudes se tendr\u00e1n que presentar de forma telem\u00e1tica.<\/p>\n\n\n\n<p><strong><u>BENEFICIARIOS\/ARIES Y REQUISITOS<\/u><\/strong><\/p>\n\n\n\n<p><strong>Personas trabajadoras aut\u00f3nomas:<\/strong><\/p>\n\n\n\n<p>1.Estar dadas de alta al R\u00e9gimen Especial de Trabajadores Aut\u00f3nomos (RETA) o Mutualidad de Previsi\u00f3n Social con anterioridad al 1 de enero de 2020.<\/p>\n\n\n\n<p>2. No simultanear la actividad empresarial y\/o profesional con cualquier otra actividad por cuenta de otro.<\/p>\n\n\n\n<p>3. Estar empadronadas en el municipio de la Bisbal del Pened\u00e8s con anterioridad al 1 de enero de 2020<\/p>\n\n\n\n<p><strong>Peque\u00f1as empresas:<\/strong><\/p>\n\n\n\n<p>1.Estar legalmente constituidas con anterioridad al 1 de enero de 2020.<\/p>\n\n\n\n<p>2.Tener un m\u00e1ximo de 10 trabajadores\/se contratados\/das simult\u00e1neamente a lo largo de los diferentes meses comprendidos en el periodo subvencionable.<\/p>\n\n\n\n<p>3.Tener el centro de trabajo y\/o el domicilio fiscal en el municipio de la Bisbal del Pened\u00e8s.<\/p>\n\n\n\n<p><strong>Aut\u00f3nomos y peque\u00f1as empresas:<\/strong><\/p>\n\n\n\n<p>1.Disponer de todos los permisos exigibles relativos a la actividad econ\u00f3mica que se desarrolla.<\/p>\n\n\n\n<p>2.Tener reducci\u00f3n en la facturaci\u00f3n anual de 2020, en comparaci\u00f3n con la de 2019, del 20% o superior, como consecuencia de la crisis sanitaria ocasionada por la Covid-19. En caso de que la actividad econ\u00f3mica del\/la solicitante tenga una antig\u00fcedad que no permita realizar esta comparativa, se tomar\u00e1 como referencia la facturaci\u00f3n del \u00faltimo trimestre de 2019.<\/p>\n\n\n\n<p>3.No estar afectado\/da por ninguno de las prohibiciones contenidas en el art\u00edculo 13 de la Ley 38\/2003, del 17 de noviembre, general de subvenciones.<\/p>\n\n\n\n<p>4.No ser deudor\/a por ning\u00fan concepto ante la Tesorer\u00eda General de la Seguridad Social (TGSS), la Agencia Estatal de Administraci\u00f3n Tributaria (AEAT), la Agencia Tributaria de Catalu\u00f1a (*ATC), y el Ayuntamiento de la Bisbal del Pened\u00e8s; o bien disponer de la correspondiente resoluci\u00f3n de pr\u00f3rroga, aplazamiento, moratoria o cualquier otra condici\u00f3n especial. Este requisito se tendr\u00e1 que cumplir a lo largo de todo el procedimiento.<\/p>\n\n\n\n<p>5.No haber sido sancionado\/da, con resoluci\u00f3n firme, por la comisi\u00f3n de una infracci\u00f3n grave o muy grave en materia laboral en el \u00faltimo a\u00f1o.<\/p>\n\n\n\n<p>6.No haber sido sancionado\/da, con resoluci\u00f3n firme, con la p\u00e9rdida de la posibilidad de obtener subvenciones.<\/p>\n\n\n\n<p><strong>CUANT\u00cdA INDIVIDUALIZADA DE LA SUBVENCI\u00d3N<\/strong><\/p>\n\n\n\n<p>La cuant\u00eda individualizada de la subvenci\u00f3n a otorgar ser\u00e1 la resultante de la aplicaci\u00f3n de los criterios siguientes:<\/p>\n\n\n\n<figure class=\"wp-block-table\"><table><tbody><tr><td><em>% de reducci\u00f3n de ingresos<\/em><\/td><td><em>Sin trabajadores\/as contratados\/as<\/em><\/td><td><em>Con trabajadores\/as contratados\/as<\/em><\/td><\/tr><tr><td><em>Entre el 20 y el 40%<\/em><\/td><td>900,00 \u20ac<\/td><td>1.200,00 \u20ac<\/td><\/tr><tr><td><em>M\u00e1s del 40%<\/em><\/td><td>1.500,00 \u20ac<\/td><td>1.800,00 \u20ac<\/td><\/tr><\/tbody><\/table><\/figure>\n\n\n\n<p>* En el caso de que la actividad econ\u00f3mica del\/la solicitante tenga una antig\u00fcedad que no permita realizar esta comparativa, se tomar\u00e1 como referencia la facturaci\u00f3n del \u00faltimo trimestre de 2019.<\/p>\n\n\n\n<p>* Se conceder\u00e1 una \u00fanica subvenci\u00f3n por solicitante.<\/p>\n\n\n\n<p><strong>PLAZOS<\/strong><\/p>\n\n\n\n<p>Del jueves 25 de marzo al lunes 26 de abril de 2021.<\/p>\n\n\n\n<p><strong>DOCUMENTACI\u00d3N A PRESENTAR<\/strong><\/p>\n\n\n\n<p><strong>Aut\u00f3nomos y peque\u00f1as empresas:<\/strong><\/p>\n\n\n\n<p>1.Los 3 modelos llenados y firmados (lo de datos bancarios tiene que llevar sello y firma de la entidad bancaria o un certificado bancario de titularidad del n\u00famero de cuenta donde ingresar la subvenci\u00f3n).<\/p>\n\n\n\n<p>2.Copia de la documentaci\u00f3n acreditativa de la identidad de la persona f\u00edsica o jur\u00eddica solicitante: NIF, NIE o CIF.<\/p>\n\n\n\n<p>3. Certificado actualizado de la situaci\u00f3n censal de la Agencia Tributaria, que indique la actividad econ\u00f3mica, la fecha de alta, el domicilio fiscal y, si procede, la localizaci\u00f3n del centro de trabajo.<\/p>\n\n\n\n<p>4.Modelos 390 de IVA y\/o modelo 190 de IRPF de los a\u00f1os 2019 y 2020, como documentaci\u00f3n acreditativa de haber registrado una reducci\u00f3n en la facturaci\u00f3n anual de 2020, en comparaci\u00f3n con la de 2019, del 20% o superior, a consecuencia de la crisis sanitaria ocasionada por la Covid-19. En caso de que la actividad econ\u00f3mica del\/la solicitante tenga una antig\u00fcedad que no permita realizar esta comparativa, se tomar\u00e1 como referencia la facturaci\u00f3n del \u00faltimo trimestre de 2019.<\/p>\n\n\n\n<p><strong>Aut\u00f3nomos:<\/strong><\/p>\n\n\n\n<p>1.En el caso de las personas trabajadoras aut\u00f3nomas, certificado de alta al R\u00e9gimen Especial de Trabajadores Aut\u00f3nomos (RETA) o Mutualidad de Previsi\u00f3n Social correspondiente.<\/p>\n\n\n\n<p><strong>Peque\u00f1as empresas:<\/strong><\/p>\n\n\n\n<p>1.En el caso de las empresas, copia de la escritura o documento de constituci\u00f3n.<\/p>\n\n\n\n<p>2.si tienen trabajadores, copias de la Relaci\u00f3n Nominal de Trabajadores (RNT) y del Recibo de Liquidaci\u00f3n de Cotizaciones (RLC) relativos a la Seguridad Social de los trabajadores\/se contratados\/das correspondientes en 2020 (antiguos TC1 y TC2).<\/p>\n\n\n\n<p>En el supuesto de que los documentos exigidos ya est\u00e9n en el Ayuntamiento, podan no presentarlos haciendo constar la fecha y el \u00f3rgano o dependencia en que se presentaron o emitir.<\/p>\n\n\n\n<p>En caso de que no se aporte toda la documentaci\u00f3n o no cumpla los requisitos establecidos, se le requerir\u00e1 porque en el plazo de 10 d\u00edas h\u00e1biles enmiende el defecto o adjunte los documentos perceptivos. Si no lo hace, se entender\u00e1 que ceja en su solicitud.<\/p>\n","protected":false},"excerpt":{"rendered":"<p>Del 25 de mar\u00e7 al 26 d\u2019abril de 2021 es podran presentar les sol\u00b7licituds per a les subvencions dirigides a aut\u00f2noms i petites empreses (de fins a 10 treballadors) que &hellip; <a href=\"https:\/\/bisbalpenedes.com\/web\/2021\/03\/24\/sobre-la-segona-convocatoria-de-subvencions-per-a-autonoms-i-petites-empreses-afectades-per-la-covid-19\/\" class=\"more-link\">Read More<\/a><\/p>\n","protected":false},"author":4,"featured_media":14717,"comment_status":"closed","ping_status":"closed","sticky":false,"template":"","format":"standard","meta":[],"categories":[1575],"tags":[4412,3559,162,393,102],"_links":{"self":[{"href":"https:\/\/bisbalpenedes.com\/web\/wp-json\/wp\/v2\/posts\/17083"}],"collection":[{"href":"https:\/\/bisbalpenedes.com\/web\/wp-json\/wp\/v2\/posts"}],"about":[{"href":"https:\/\/bisbalpenedes.com\/web\/wp-json\/wp\/v2\/types\/post"}],"author":[{"embeddable":true,"href":"https:\/\/bisbalpenedes.com\/web\/wp-json\/wp\/v2\/users\/4"}],"replies":[{"embeddable":true,"href":"https:\/\/bisbalpenedes.com\/web\/wp-json\/wp\/v2\/comments?post=17083"}],"version-history":[{"count":1,"href":"https:\/\/bisbalpenedes.com\/web\/wp-json\/wp\/v2\/posts\/17083\/revisions"}],"predecessor-version":[{"id":17084,"href":"https:\/\/bisbalpenedes.com\/web\/wp-json\/wp\/v2\/posts\/17083\/revisions\/17084"}],"wp:featuredmedia":[{"embeddable":true,"href":"https:\/\/bisbalpenedes.com\/web\/wp-json\/wp\/v2\/media\/14717"}],"wp:attachment":[{"href":"https:\/\/bisbalpenedes.com\/web\/wp-json\/wp\/v2\/media?parent=17083"}],"wp:term":[{"taxonomy":"category","embeddable":true,"href":"https:\/\/bisbalpenedes.com\/web\/wp-json\/wp\/v2\/categories?post=17083"},{"taxonomy":"post_tag","embeddable":true,"href":"https:\/\/bisbalpenedes.com\/web\/wp-json\/wp\/v2\/tags?post=17083"}],"curies":[{"name":"wp","href":"https:\/\/api.w.org\/{rel}","templated":true}]}}