{"id":17079,"date":"2021-03-24T13:14:06","date_gmt":"2021-03-24T11:14:06","guid":{"rendered":"https:\/\/bisbalpenedes.com\/web\/?p=17079"},"modified":"2021-03-24T13:18:38","modified_gmt":"2021-03-24T11:18:38","slug":"el-padro-dhabitants-de-la-bisbal-del-penedes-a-data-d1-de-gener-de-2021-es-de-3-900-habitants","status":"publish","type":"post","link":"https:\/\/bisbalpenedes.com\/web\/2021\/03\/24\/el-padro-dhabitants-de-la-bisbal-del-penedes-a-data-d1-de-gener-de-2021-es-de-3-900-habitants\/","title":{"rendered":"El padr\u00f3 d\u2019habitants de La Bisbal del Pened\u00e8s en data d\u20191 de gener de 2021 \u00e9s de 3.900 habitants"},"content":{"rendered":"\n<p>L\u2019alcaldessa de La Bisbal del Pened\u00e8s, Agn\u00e8s Ferr\u00e9, va signar un Decret d\u2019alcaldia el passat 19 de mar\u00e7 per aprovar la revisi\u00f3 del padr\u00f3 municipal amb refer\u00e8ncia a l\u20191 de gener de 2021 amb un nombre total de 3.900 habitants empadronats. Aquesta dada suposa un increment de 215 ve\u00efns i ve\u00efnes a La Bisbal del Pened\u00e8s, tenint en compte que l\u20191 de gener de 2020 el padr\u00f3 era de 3.685 habitants.<\/p>\n\n\n\n<p>L\u2019alcaldessa ha explicat que \u201cel motiu principal d\u2019aquest increment ha estat el canvi de resid\u00e8ncia pels efectes de la COVID-19, ja que moltes fam\u00edlies busquen un habitatge en un municipi m\u00e9s petit. Moltes fam\u00edlies provenen de ciutats mitjanes i grans i han triat La Bisbal per la seva situaci\u00f3 geogr\u00e0fica, ja que est\u00e0 molt ben comunicada, i tamb\u00e9 pel fet que aqu\u00ed poden trobar tranquil\u00b7litat i habitatges m\u00e9s grans amb pati o jard\u00ed\u201d. Ferr\u00e9 ha afegit que \u201cel fet que disposem de fibra \u00f2ptica a tot el municipi ha estat clau tamb\u00e9 per l\u2019arribada de nous ve\u00efns, ja que comptar amb una bona connexi\u00f3 afavoreix el teletreball\u201d. L\u2019alcaldessa ha afegit que \u201cen alguns casos s\u00f3n ve\u00efns que ja tenien una segona resid\u00e8ncia a la Bisbal i que s\u2019hi han quedat a viure i, en altres casos, han adquirit habitatges privats o propietat d\u2019entitats financeres\u201d.<\/p>\n\n\n\n<p>La Bisbal del Pened\u00e8s continua donant la benvinguda als nous empadronats per\u00f2, tenint en compte la situaci\u00f3 sanit\u00e0ria, no es fa en un acte p\u00fablic. L\u2019alcaldessa rep els nous empadronats al seu despatx perqu\u00e8 puguin traslladar-li els seus dubtes i preguntes i els nous ve\u00efns reben una bossa amb informaci\u00f3 sobre el municipi, com ara els serveis p\u00fablics que s\u2019hi ofereixen, les festes que s\u2019hi celebren, el llistat d\u2019entitats de la vila, informaci\u00f3 sobre el servei de bus, la revista municipal, un pl\u00e0nol del municipi o el calendari de pagament d\u2019impostos i tributs. Quan l\u2019acte es feia de forma col\u00b7lectiva, aquest finalitzava amb un petit refrigeri. Com que ara no es pot fer, l\u2019Ajuntament de la Bisbal del Pened\u00e8s entrega, com a detall de benvinguda, una ampolla de cava o de vi de Cellers Domenys, amb l\u2019objectiu tamb\u00e9 de donar a con\u00e8ixer els productes locals.&nbsp;<\/p>\n\n\n\n<hr class=\"wp-block-separator is-style-wide\"\/>\n\n\n\n<p><strong>CASTELLANO |<\/strong> La alcaldesa de La Bisbal del Pened\u00e8s, Agn\u00e8s Ferr\u00e9, firm\u00f3 un Decreto de alcald\u00eda el pasado 19 de marzo para aprobar la revisi\u00f3n del padr\u00f3n municipal con referencia al 1 de enero de 2021 con un n\u00famero total de 3.900 habitantes empadronados. Este dato supone un incremento de 215 vecinos y vecinas en La Bisbal del Pened\u00e8s, teniendo en cuenta que el 1 de enero de 2020 el padr\u00f3n era de 3.685 habitantes.<\/p>\n\n\n\n<p>La alcaldesa ha explicado que \u201cEl motivo principal de este incremento ha sido el cambio de residencia por los efectos de la COVID-19, ya que muchas familias buscan una vivienda en un municipio m\u00e1s peque\u00f1o. Muchas familias provienen de ciudades medianas y grandes y han escogido La Bisbal por su situaci\u00f3n geogr\u00e1fica, ya que est\u00e1 muy bien comunicada, y tambi\u00e9n por el hecho de que aqu\u00ed pueden encontrar tranquilidad y viviendas m\u00e1s grandes con patio o jard\u00edn\u201d. Ferr\u00e9 ha a\u00f1adido que \u201cel hecho de que dispongamos de fibra \u00f3ptica en todo el municipio ha sido clave tambi\u00e9n de la llegada de nuevos vecinos, ya que contar con una buena conexi\u00f3n favorece el teletrabajo\u201d. La alcaldesa ha a\u00f1adido que \u201cEn algunos casos son vecinos que ya ten\u00edan una segunda residencia en la Bisbal y que se han quedado a vivir aqu\u00ed y, en otros casos, han adquirido viviendas privadas o propiedad de entidades financieras\u201d.<\/p>\n\n\n\n<p>La Bisbal del Pened\u00e8s contin\u00faa dando la bienvenida a los nuevos empadronados, pero teniendo en cuenta la situaci\u00f3n sanitaria, no se hace en un acto p\u00fablico. La alcaldesa recibe a los nuevos empadronados en su despacho para que puedan trasladarle sus dudas y preguntas y los nuevos vecinos reciben una bolsa con informaci\u00f3n sobre el municipio, como por ejemplo los servicios p\u00fablicos que se ofrecen, las fiestas que se celebran, el listado de entidades del pueblo, informaci\u00f3n sobre el servicio de bus, la revista municipal, un plano del municipio o el calendario de pago de impuestos y tributos. En cuanto al acto que se hac\u00eda de forma colectiva, este finalizaba con un peque\u00f1o refrigerio. Como que ahora no se puede hacer, el Ayuntamiento de la Bisbal del Pened\u00e8s entrega, como detalle de bienvenida, una botella de cava o de vino de Cellers Domenys, con el objetivo tambi\u00e9n de dar a conocer los productos locales.<\/p>\n","protected":false},"excerpt":{"rendered":"<p>L\u2019alcaldessa de La Bisbal del Pened\u00e8s, Agn\u00e8s Ferr\u00e9, va signar un Decret d\u2019alcaldia el passat 19 de mar\u00e7 per aprovar la revisi\u00f3 del padr\u00f3 municipal amb refer\u00e8ncia a l\u20191 de &hellip; <a href=\"https:\/\/bisbalpenedes.com\/web\/2021\/03\/24\/el-padro-dhabitants-de-la-bisbal-del-penedes-a-data-d1-de-gener-de-2021-es-de-3-900-habitants\/\" class=\"more-link\">Read More<\/a><\/p>\n","protected":false},"author":4,"featured_media":15216,"comment_status":"closed","ping_status":"closed","sticky":false,"template":"","format":"standard","meta":[],"categories":[8],"tags":[3831,2893],"_links":{"self":[{"href":"https:\/\/bisbalpenedes.com\/web\/wp-json\/wp\/v2\/posts\/17079"}],"collection":[{"href":"https:\/\/bisbalpenedes.com\/web\/wp-json\/wp\/v2\/posts"}],"about":[{"href":"https:\/\/bisbalpenedes.com\/web\/wp-json\/wp\/v2\/types\/post"}],"author":[{"embeddable":true,"href":"https:\/\/bisbalpenedes.com\/web\/wp-json\/wp\/v2\/users\/4"}],"replies":[{"embeddable":true,"href":"https:\/\/bisbalpenedes.com\/web\/wp-json\/wp\/v2\/comments?post=17079"}],"version-history":[{"count":2,"href":"https:\/\/bisbalpenedes.com\/web\/wp-json\/wp\/v2\/posts\/17079\/revisions"}],"predecessor-version":[{"id":17081,"href":"https:\/\/bisbalpenedes.com\/web\/wp-json\/wp\/v2\/posts\/17079\/revisions\/17081"}],"wp:featuredmedia":[{"embeddable":true,"href":"https:\/\/bisbalpenedes.com\/web\/wp-json\/wp\/v2\/media\/15216"}],"wp:attachment":[{"href":"https:\/\/bisbalpenedes.com\/web\/wp-json\/wp\/v2\/media?parent=17079"}],"wp:term":[{"taxonomy":"category","embeddable":true,"href":"https:\/\/bisbalpenedes.com\/web\/wp-json\/wp\/v2\/categories?post=17079"},{"taxonomy":"post_tag","embeddable":true,"href":"https:\/\/bisbalpenedes.com\/web\/wp-json\/wp\/v2\/tags?post=17079"}],"curies":[{"name":"wp","href":"https:\/\/api.w.org\/{rel}","templated":true}]}}