{"id":17067,"date":"2021-03-24T08:56:56","date_gmt":"2021-03-24T06:56:56","guid":{"rendered":"https:\/\/bisbalpenedes.com\/web\/?p=17067"},"modified":"2021-03-24T08:56:56","modified_gmt":"2021-03-24T06:56:56","slug":"els-dies-3-i-4-dabril-torna-el-teatre-per-pasqua-a-la-societat","status":"publish","type":"post","link":"https:\/\/bisbalpenedes.com\/web\/2021\/03\/24\/els-dies-3-i-4-dabril-torna-el-teatre-per-pasqua-a-la-societat\/","title":{"rendered":"Els dies 3 i 4 d\u2019abril torna el teatre per Pasqua a la Societat"},"content":{"rendered":"\n<p>El dissabte 3 i el diumenge 4 d\u2019abril, a les 19h, la Societat Cultural i Recreativa Bisbalenca acollir\u00e0 la seva tradicional representaci\u00f3 de teatre per Pasqua. En aquesta ocasi\u00f3, l\u2019elenc de la Societat oferir\u00e0 \u201cFragments d\u2019homes\u201d basats en l\u2019obra Homes! de T de teatre amb Vinyet Poch, Nona Catal\u00e0, Otger Guasch, Pau Mir\u00f3 i Marc Ferr\u00e9.<\/p>\n\n\n\n<p>Per accedir a les representacions cal fer reserva pr\u00e8via fins al dijous abans de la representaci\u00f3 al bar de la Societat o al correu electr\u00f2nic <a href=\"mailto:lasocietat@gmail.com\">lasocietat@gmail.com<\/a> i caldr\u00e0 complir totes les mesures de prevenci\u00f3 per la COVID-19. L\u2019organitzaci\u00f3 recomana assistir amb antelaci\u00f3 als actes per evitar cues.<\/p>\n\n\n\n<hr class=\"wp-block-separator is-style-wide\"\/>\n\n\n\n<p><strong>CASTELLANO | <\/strong>El s\u00e1bado 3 y el domingo 4 de abril, a las 19h, la Societat Cultural i Recreativa Bisbalenca acoger\u00e1 su tradicional representaci\u00f3n de teatro por Pascua. En esta ocasi\u00f3n, el elenco de la Societat ofrecer\u00e1 \u201cFragments d\u2019homes\u201d basados en la obra Homes! de T de teatre con Vinyet Poch, Nona Catal\u00e0, Otger Guasch, Pau Mir\u00f3 y Marc Ferr\u00e9.<\/p>\n\n\n\n<p>Para acceder a las representaciones ser\u00e1 necesario hacer una reserva previa hasta el jueves antes de la representaci\u00f3n en el bar de la Societat o en el correo electr\u00f3nico <a href=\"mailto:lasocietat@gmail.com\">lasocietat@gmail.com<\/a> y ser\u00e1 necesario cumplir todas las medidas de prevenci\u00f3n por la COVID-19. La organizaci\u00f3n recomienda asistir con antelaci\u00f3n a los actos para evitar colas.<\/p>\n","protected":false},"excerpt":{"rendered":"<p>El dissabte 3 i el diumenge 4 d\u2019abril, a les 19h, la Societat Cultural i Recreativa Bisbalenca acollir\u00e0 la seva tradicional representaci\u00f3 de teatre per Pasqua. En aquesta ocasi\u00f3, l\u2019elenc &hellip; <a href=\"https:\/\/bisbalpenedes.com\/web\/2021\/03\/24\/els-dies-3-i-4-dabril-torna-el-teatre-per-pasqua-a-la-societat\/\" class=\"more-link\">Read More<\/a><\/p>\n","protected":false},"author":4,"featured_media":17068,"comment_status":"closed","ping_status":"closed","sticky":false,"template":"","format":"standard","meta":[],"categories":[2942,13,20,8],"tags":[225,351,2776,285,2937],"_links":{"self":[{"href":"https:\/\/bisbalpenedes.com\/web\/wp-json\/wp\/v2\/posts\/17067"}],"collection":[{"href":"https:\/\/bisbalpenedes.com\/web\/wp-json\/wp\/v2\/posts"}],"about":[{"href":"https:\/\/bisbalpenedes.com\/web\/wp-json\/wp\/v2\/types\/post"}],"author":[{"embeddable":true,"href":"https:\/\/bisbalpenedes.com\/web\/wp-json\/wp\/v2\/users\/4"}],"replies":[{"embeddable":true,"href":"https:\/\/bisbalpenedes.com\/web\/wp-json\/wp\/v2\/comments?post=17067"}],"version-history":[{"count":1,"href":"https:\/\/bisbalpenedes.com\/web\/wp-json\/wp\/v2\/posts\/17067\/revisions"}],"predecessor-version":[{"id":17069,"href":"https:\/\/bisbalpenedes.com\/web\/wp-json\/wp\/v2\/posts\/17067\/revisions\/17069"}],"wp:featuredmedia":[{"embeddable":true,"href":"https:\/\/bisbalpenedes.com\/web\/wp-json\/wp\/v2\/media\/17068"}],"wp:attachment":[{"href":"https:\/\/bisbalpenedes.com\/web\/wp-json\/wp\/v2\/media?parent=17067"}],"wp:term":[{"taxonomy":"category","embeddable":true,"href":"https:\/\/bisbalpenedes.com\/web\/wp-json\/wp\/v2\/categories?post=17067"},{"taxonomy":"post_tag","embeddable":true,"href":"https:\/\/bisbalpenedes.com\/web\/wp-json\/wp\/v2\/tags?post=17067"}],"curies":[{"name":"wp","href":"https:\/\/api.w.org\/{rel}","templated":true}]}}