{"id":17064,"date":"2021-03-23T22:28:01","date_gmt":"2021-03-23T20:28:01","guid":{"rendered":"https:\/\/bisbalpenedes.com\/web\/?p=17064"},"modified":"2021-03-23T22:28:01","modified_gmt":"2021-03-23T20:28:01","slug":"lalcaldessa-i-responsable-de-larea-docupacio-i-la-regidora-de-comerc-han-visitat-la-cambra-de-comerc-aquest-dimarts","status":"publish","type":"post","link":"https:\/\/bisbalpenedes.com\/web\/2021\/03\/23\/lalcaldessa-i-responsable-de-larea-docupacio-i-la-regidora-de-comerc-han-visitat-la-cambra-de-comerc-aquest-dimarts\/","title":{"rendered":"L&#8217;alcaldessa i responsable de l&#8217;\u00e0rea d&#8217;Ocupaci\u00f3 i la regidora de Comer\u00e7 han visitat la Cambra de Comer\u00e7 aquest dimarts"},"content":{"rendered":"\n<p>L\u2019alcaldessa i responsable de l\u2019\u00e0rea d\u2019Ocupaci\u00f3, Agn\u00e8s Ferr\u00e9; i la regidora de Comer\u00e7, Judith Vidal; han visitat avui dimarts 23 de mar\u00e7 la Cambra de Comer\u00e7 de Tarragona per reunir-se amb la seva presidenta, Laura Roig\u00e9; i el cap de projectes i competitivitat de la Cambra, Jordi C\u00e0ceres. Durant la reuni\u00f3 s\u2019ha fet un balan\u00e7 molt positiu de les activitats que es van dur a terme durant l\u2019any 2020, com ara la formaci\u00f3 sobre Instagram adre\u00e7ada al teixit comercial local i la campanya comercial \u201cTroba la Llum del Nadal\u201d. Ambdues parts han comen\u00e7at a treballar en properes col\u00b7laboracions formatives per a diversos col\u00b7lectius \u2013entre ells els joves- i tamb\u00e9 relacionades amb accions en el sector comercial.<\/p>\n\n\n\n<p>Durant la visita, l&#8217;alcaldessa ha signat el Llibre d&#8217;Honor de la Cambra.<\/p>\n\n\n\n<hr class=\"wp-block-separator is-style-wide\"\/>\n\n\n\n<p><strong>CASTELLANO |<\/strong> La alcaldesa y responsable del \u00e1rea de Ocupaci\u00f3n, Agn\u00e8s Ferr\u00e9; y la concejala de Comercio, Judith Vidal; han visitado hoy martes 23 de marzo la C\u00e1mara de Comercio de Tarragona para reunirse con su presidenta, Laura Roig\u00e9; y el jefe de proyectos y competitividad de la C\u00e1mara, Jordi C\u00e0ceres. Durante la reuni\u00f3n se ha hecho un balance muy positivo de las actividades que se llevaron a cabo durante el a\u00f1o 2020, como por ejemplo la formaci\u00f3n sobre Instagram dirigida al tejido comercial local y la campa\u00f1a comercial \u201cTroba la Llum del Nadal\u201d.<\/p>\n\n\n\n<p>Ambas partes han empezado a trabajar en pr\u00f3ximas colaboraciones formativas para varios colectivos \u2013entre ellos los j\u00f3venes- y tambi\u00e9n relacionadas con acciones en el sector comercial.<\/p>\n\n\n\n<p>Durante la visita, la alcaldesa ha firmado el Libro de Honor de la C\u00e1mara.<\/p>\n\n\n\n<p><\/p>\n","protected":false},"excerpt":{"rendered":"<p>L\u2019alcaldessa i responsable de l\u2019\u00e0rea d\u2019Ocupaci\u00f3, Agn\u00e8s Ferr\u00e9; i la regidora de Comer\u00e7, Judith Vidal; han visitat avui dimarts 23 de mar\u00e7 la Cambra de Comer\u00e7 de Tarragona per reunir-se &hellip; <a href=\"https:\/\/bisbalpenedes.com\/web\/2021\/03\/23\/lalcaldessa-i-responsable-de-larea-docupacio-i-la-regidora-de-comerc-han-visitat-la-cambra-de-comerc-aquest-dimarts\/\" class=\"more-link\">Read More<\/a><\/p>\n","protected":false},"author":4,"featured_media":17065,"comment_status":"closed","ping_status":"closed","sticky":false,"template":"","format":"standard","meta":[],"categories":[3860,8,9],"tags":[],"_links":{"self":[{"href":"https:\/\/bisbalpenedes.com\/web\/wp-json\/wp\/v2\/posts\/17064"}],"collection":[{"href":"https:\/\/bisbalpenedes.com\/web\/wp-json\/wp\/v2\/posts"}],"about":[{"href":"https:\/\/bisbalpenedes.com\/web\/wp-json\/wp\/v2\/types\/post"}],"author":[{"embeddable":true,"href":"https:\/\/bisbalpenedes.com\/web\/wp-json\/wp\/v2\/users\/4"}],"replies":[{"embeddable":true,"href":"https:\/\/bisbalpenedes.com\/web\/wp-json\/wp\/v2\/comments?post=17064"}],"version-history":[{"count":1,"href":"https:\/\/bisbalpenedes.com\/web\/wp-json\/wp\/v2\/posts\/17064\/revisions"}],"predecessor-version":[{"id":17066,"href":"https:\/\/bisbalpenedes.com\/web\/wp-json\/wp\/v2\/posts\/17064\/revisions\/17066"}],"wp:featuredmedia":[{"embeddable":true,"href":"https:\/\/bisbalpenedes.com\/web\/wp-json\/wp\/v2\/media\/17065"}],"wp:attachment":[{"href":"https:\/\/bisbalpenedes.com\/web\/wp-json\/wp\/v2\/media?parent=17064"}],"wp:term":[{"taxonomy":"category","embeddable":true,"href":"https:\/\/bisbalpenedes.com\/web\/wp-json\/wp\/v2\/categories?post=17064"},{"taxonomy":"post_tag","embeddable":true,"href":"https:\/\/bisbalpenedes.com\/web\/wp-json\/wp\/v2\/tags?post=17064"}],"curies":[{"name":"wp","href":"https:\/\/api.w.org\/{rel}","templated":true}]}}