{"id":17062,"date":"2021-03-23T20:00:11","date_gmt":"2021-03-23T18:00:11","guid":{"rendered":"https:\/\/bisbalpenedes.com\/web\/?p=17062"},"modified":"2021-03-23T20:00:11","modified_gmt":"2021-03-23T18:00:11","slug":"sinicia-el-termini-de-licitacio-per-a-la-venda-dun-percentatge-duna-parcella-del-poligon-industrial-les-planes-baixes","status":"publish","type":"post","link":"https:\/\/bisbalpenedes.com\/web\/2021\/03\/23\/sinicia-el-termini-de-licitacio-per-a-la-venda-dun-percentatge-duna-parcella-del-poligon-industrial-les-planes-baixes\/","title":{"rendered":"S\u2019inicia el termini de licitaci\u00f3 per a la venda d\u2019un percentatge d\u2019una parcel\u00b7la del pol\u00edgon industrial Les Planes Baixes"},"content":{"rendered":"\n<p>La Junta de Govern del dilluns 22 de mar\u00e7 de 2021 va aprovar l\u2019expedient i els plecs de cl\u00e0usules de la venda d\u2019una part d\u2019una parcel\u00b7la del pol\u00edgon industrial Les Planes Baixes. Aquesta proposta \u00e9s compet\u00e8ncia del Ple, per\u00f2 es va aprovar amb compet\u00e8ncies delegades, aprovades mitjan\u00e7ant l\u2019acord plenari del 4 de juliol de 2019. En tractar-se d\u2019un punt amb compet\u00e8ncies del Ple i estar en situaci\u00f3 de pand\u00e8mia, el punt de l\u2019ordre del dia no es va fer amb p\u00fablic per\u00f2 s\u00ed que es va enregistrar per poder garantir-ne la publicitat. Es pot veure a l\u2019enlla\u00e7: <a href=\"https:\/\/youtu.be\/a3IXtZt0yBk\">https:\/\/youtu.be\/a3IXtZt0yBk<\/a>. Els regidors i les regidores de l\u2019oposici\u00f3 van rebre la informaci\u00f3 sobre la proposta i tamb\u00e9 se\u2019ls va comunicar l\u2019opci\u00f3 d\u2019assistir a la Junta de Govern durant l\u2019explicaci\u00f3 i votaci\u00f3 d\u2019aquest punt.<\/p>\n\n\n\n<p>L\u2019Ajuntament \u00e9s propietari d\u2019un 33,64% d\u2019una parcel\u00b7la de 3.532,54m2 i el 66,36% \u00e9s propietat d\u2019una empresa que, a finals de l\u2019any 2020 va realitzar una oferta de compra per la part de la parcel\u00b7la que \u00e9s propietat de l\u2019Ajuntament de la Bisbal del Pened\u00e8s per un import de 529.904,03\u20ac. &nbsp;L\u2019Ajuntament de La Bisbal del Pened\u00e8s ha rebut informe favorable de la Direcci\u00f3 general de l\u2019Administraci\u00f3 local del Departament de Governaci\u00f3, Administracions P\u00fabliques i Habitatge, despr\u00e9s que l\u2019Ajuntament sol\u00b7licit\u00e9s informe previ, i \u00e9s per aix\u00f2 que ara es tira endavant la licitaci\u00f3.<\/p>\n\n\n\n<p>Tota la informaci\u00f3 sobre els plecs de cl\u00e0usules i l\u2019anunci de licitaci\u00f3 es pot trobar al Perfil del Contractant: <a href=\"https:\/\/contractaciopublica.gencat.cat\/ecofin_pscp\/AppJava\/notice.pscp?reqCode=viewCn&amp;idDoc=78492014&amp;lawType\">https:\/\/contractaciopublica.gencat.cat\/ecofin_pscp\/AppJava\/notice.pscp?reqCode=viewCn&amp;idDoc=78492014&amp;lawType<\/a>= S\u2019hi poden presentar propostes fins al 7 d\u2019abril de 2021 a les 15h.<\/p>\n\n\n\n<p>L\u2019alcaldessa de La Bisbal del Pened\u00e8s, Agn\u00e8s Ferr\u00e9, ha explicat que \u201cels diners d\u2019aquesta venda es destinaran al projecte de canvi i soterrament de l\u2019enllumenat p\u00fablic i de les canonades d\u2019aigua del barri de la Riba previst per al 2022. Es tracta d\u2019un projecte que tindr\u00e0 un cost de m\u00e9s d\u2019un mili\u00f3 d\u2019euros i que es finan\u00e7ar\u00e0, en part, amb la subvenci\u00f3 del Pla \u00danic d\u2019Obres i Serveis de Catalunya (PUOSC) 2020\/24 amb un import de 273.360,26\u20ac i amb el Pla d\u2019Acci\u00f3 Municipal (PAM) amb un import de 335.000\u20ac.<\/p>\n\n\n\n<hr class=\"wp-block-separator is-style-wide\"\/>\n\n\n\n<p><strong>CASTELLANO |<\/strong> La Junta de Gobierno del lunes 22 de marzo de 2021 aprob\u00f3 el expediente y los pliegos de cl\u00e1usulas de la venta de una parte de una parcela del pol\u00edgono industrial Las Planes Baixes. Esta propuesta es competencia del Pleno, pero se aprob\u00f3 con competencias delegadas, aprobadas mediante el acuerdo plenario del 4 de julio de 2019. Al tratarse de un punto con competencias del Pleno y estar en situaci\u00f3n de pandemia, el punto del orden del d\u00eda no se hizo con p\u00fablico pero s\u00ed que se grab\u00f3 para poder garantizar la publicidad. Se puede ver en el enlace: <a href=\"https:\/\/youtu.be\/a3ixtzt0ybk\">https:\/\/youtu.be\/a3ixtzt0ybk<\/a> \u00a0Los concejales y las concejalas de la oposici\u00f3n recibieron la informaci\u00f3n sobre la propuesta y tambi\u00e9n se les comunic\u00f3 la opci\u00f3n de asistir a la Junta de Gobierno durante la explicaci\u00f3n y votaci\u00f3n de este punto.<\/p>\n\n\n\n<p><br>El Ayuntamiento es propietario de un 33,64% de una parcela de 3.532,54m2\u00a0y el 66,36% es propiedad de una empresa que, a finales del a\u00f1o 2020 realiz\u00f3 una oferta de compra por la parte de la parcela que es propiedad del Ayuntamiento de la Bisbal del Pened\u00e8s por un importe de 529.904,03\u20ac. El Ayuntamiento de La Bisbal del Pened\u00e8s ha recibido informe favorable de la Direcci\u00f3n general de la Administraci\u00f3n local del Departamento de Gobernaci\u00f3n, Administraciones P\u00fablicas y Vivienda, despu\u00e9s de que el Ayuntamiento solicitara informe previo, y es por eso que ahora se sale adelante la licitaci\u00f3n.<\/p>\n\n\n\n<p><br>Toda la informaci\u00f3n sobre los pliegos de cl\u00e1usulas y el anuncio de licitaci\u00f3n se puede encontrar al Perfil del Contratante: <a href=\"https:\/\/contractaciopublica.gencat.cat\/ecofin_pscp\/appjava\/notice.pscp?reqcode=viewcn&amp;iddoc=78492014&amp;lawtype\">https:\/\/contractaciopublica.gencat.cat\/ecofin_pscp\/appjava\/notice.pscp?reqcode=viewcn&amp;iddoc=78492014&amp;lawtype<\/a>= Se pueden presentar propuestas desde hoy y hasta el 7 de abril de 2021 a las 15h.<\/p>\n\n\n\n<p><br>La alcaldesa de La Bisbal del Pened\u00e8s, Agn\u00e8s&nbsp;Ferr\u00e9, ha explicado que \u201cel dinero de esta venta se destinar\u00e1 al proyecto de cambio y soterramiento del alumbrado p\u00fablico y de las ca\u00f1er\u00edas de agua del barrio de la Riba previsto para el 2022. Se trata de un proyecto que tendr\u00e1 un coste de m\u00e1s de un mill\u00f3n de euros y que se financiar\u00e1, en parte, con la subvenci\u00f3n del Plan \u00danico de Obras y Servicios de Catalunya (PUOSC)&nbsp;2020\/24 con un importe de 273.360,26\u20ac y con el Plan de Acci\u00f3n Municipal (PAM) con un importe de 335.000\u20ac.<\/p>\n","protected":false},"excerpt":{"rendered":"<p>La Junta de Govern del dilluns 22 de mar\u00e7 de 2021 va aprovar l\u2019expedient i els plecs de cl\u00e0usules de la venda d\u2019una part d\u2019una parcel\u00b7la del pol\u00edgon industrial Les &hellip; <a href=\"https:\/\/bisbalpenedes.com\/web\/2021\/03\/23\/sinicia-el-termini-de-licitacio-per-a-la-venda-dun-percentatge-duna-parcella-del-poligon-industrial-les-planes-baixes\/\" class=\"more-link\">Read More<\/a><\/p>\n","protected":false},"author":4,"featured_media":4853,"comment_status":"closed","ping_status":"closed","sticky":false,"template":"","format":"standard","meta":[],"categories":[3278,8,15],"tags":[2770,2573,199],"_links":{"self":[{"href":"https:\/\/bisbalpenedes.com\/web\/wp-json\/wp\/v2\/posts\/17062"}],"collection":[{"href":"https:\/\/bisbalpenedes.com\/web\/wp-json\/wp\/v2\/posts"}],"about":[{"href":"https:\/\/bisbalpenedes.com\/web\/wp-json\/wp\/v2\/types\/post"}],"author":[{"embeddable":true,"href":"https:\/\/bisbalpenedes.com\/web\/wp-json\/wp\/v2\/users\/4"}],"replies":[{"embeddable":true,"href":"https:\/\/bisbalpenedes.com\/web\/wp-json\/wp\/v2\/comments?post=17062"}],"version-history":[{"count":1,"href":"https:\/\/bisbalpenedes.com\/web\/wp-json\/wp\/v2\/posts\/17062\/revisions"}],"predecessor-version":[{"id":17063,"href":"https:\/\/bisbalpenedes.com\/web\/wp-json\/wp\/v2\/posts\/17062\/revisions\/17063"}],"wp:featuredmedia":[{"embeddable":true,"href":"https:\/\/bisbalpenedes.com\/web\/wp-json\/wp\/v2\/media\/4853"}],"wp:attachment":[{"href":"https:\/\/bisbalpenedes.com\/web\/wp-json\/wp\/v2\/media?parent=17062"}],"wp:term":[{"taxonomy":"category","embeddable":true,"href":"https:\/\/bisbalpenedes.com\/web\/wp-json\/wp\/v2\/categories?post=17062"},{"taxonomy":"post_tag","embeddable":true,"href":"https:\/\/bisbalpenedes.com\/web\/wp-json\/wp\/v2\/tags?post=17062"}],"curies":[{"name":"wp","href":"https:\/\/api.w.org\/{rel}","templated":true}]}}