{"id":1706,"date":"2016-06-15T17:07:41","date_gmt":"2016-06-15T11:07:41","guid":{"rendered":"http:\/\/bisbalpenedes.com\/web\/?p=1706"},"modified":"2016-06-15T17:07:41","modified_gmt":"2016-06-15T11:07:41","slug":"exposicio-records","status":"publish","type":"post","link":"https:\/\/bisbalpenedes.com\/web\/2016\/06\/15\/exposicio-records\/","title":{"rendered":"Exposicio Records"},"content":{"rendered":"<p>L\u2019Associaci\u00f3 de la Gent Gran organitza amb motiu de la rememoraci\u00f3 de l\u2019antiga Festa Major Petita per Santa Margarida els dies 16 i 17 de juliol<br \/>\nuna exposici\u00f3 anomenada<br \/>\nRECORDS<br \/>\n\u00c9s per aquest motiu que demanem als socis i amics aportacions de: postals, fotografies, estris, roba antiga o qualsevol objecte dels que guardava la iaia a la calaixera o a les golfes<br \/>\nTots els objectes seran exposats &#8230; i es premiar\u00e0 el m\u00e9s curi\u00f2s, el m\u00e9s antic i el m\u00e9s art\u00edstic en un acte el dia 17 a les 20h<br \/>\nRecollida de records:<br \/>\nels dies 14 i 15 de juliol 18:00 a 20:00h<br \/>\nal local de la Gent Gran<br \/>\nGr\u00e0cies<br \/>\n<a href=\"http:\/\/bisbalpenedes.com\/web\/wp-content\/uploads\/2016\/06\/exposicio_records_gentgran_2016.jpg\"><img loading=\"lazy\" src=\"http:\/\/bisbalpenedes.com\/web\/wp-content\/uploads\/2016\/06\/exposicio_records_gentgran_2016-796x1024.jpg\" alt=\"\" title=\"exposicio_records_gentgran_2016\" width=\"630\" height=\"810\" class=\"alignleft size-large wp-image-1707\" srcset=\"https:\/\/bisbalpenedes.com\/web\/wp-content\/uploads\/2016\/06\/exposicio_records_gentgran_2016-796x1024.jpg 796w, https:\/\/bisbalpenedes.com\/web\/wp-content\/uploads\/2016\/06\/exposicio_records_gentgran_2016-600x771.jpg 600w, https:\/\/bisbalpenedes.com\/web\/wp-content\/uploads\/2016\/06\/exposicio_records_gentgran_2016-233x300.jpg 233w, https:\/\/bisbalpenedes.com\/web\/wp-content\/uploads\/2016\/06\/exposicio_records_gentgran_2016.jpg 875w\" sizes=\"(max-width: 630px) 100vw, 630px\" \/><\/a><\/p>\n","protected":false},"excerpt":{"rendered":"<p>L\u2019Associaci\u00f3 de la Gent Gran organitza amb motiu de la rememoraci\u00f3 de l\u2019antiga Festa Major Petita per Santa Margarida els dies 16 i 17 de juliol una exposici\u00f3 anomenada RECORDS &hellip; <a href=\"https:\/\/bisbalpenedes.com\/web\/2016\/06\/15\/exposicio-records\/\" class=\"more-link\">Read More<\/a><\/p>\n","protected":false},"author":1,"featured_media":1707,"comment_status":"closed","ping_status":"closed","sticky":false,"template":"","format":"standard","meta":[],"categories":[13],"tags":[86],"_links":{"self":[{"href":"https:\/\/bisbalpenedes.com\/web\/wp-json\/wp\/v2\/posts\/1706"}],"collection":[{"href":"https:\/\/bisbalpenedes.com\/web\/wp-json\/wp\/v2\/posts"}],"about":[{"href":"https:\/\/bisbalpenedes.com\/web\/wp-json\/wp\/v2\/types\/post"}],"author":[{"embeddable":true,"href":"https:\/\/bisbalpenedes.com\/web\/wp-json\/wp\/v2\/users\/1"}],"replies":[{"embeddable":true,"href":"https:\/\/bisbalpenedes.com\/web\/wp-json\/wp\/v2\/comments?post=1706"}],"version-history":[{"count":1,"href":"https:\/\/bisbalpenedes.com\/web\/wp-json\/wp\/v2\/posts\/1706\/revisions"}],"predecessor-version":[{"id":1708,"href":"https:\/\/bisbalpenedes.com\/web\/wp-json\/wp\/v2\/posts\/1706\/revisions\/1708"}],"wp:featuredmedia":[{"embeddable":true,"href":"https:\/\/bisbalpenedes.com\/web\/wp-json\/wp\/v2\/media\/1707"}],"wp:attachment":[{"href":"https:\/\/bisbalpenedes.com\/web\/wp-json\/wp\/v2\/media?parent=1706"}],"wp:term":[{"taxonomy":"category","embeddable":true,"href":"https:\/\/bisbalpenedes.com\/web\/wp-json\/wp\/v2\/categories?post=1706"},{"taxonomy":"post_tag","embeddable":true,"href":"https:\/\/bisbalpenedes.com\/web\/wp-json\/wp\/v2\/tags?post=1706"}],"curies":[{"name":"wp","href":"https:\/\/api.w.org\/{rel}","templated":true}]}}