{"id":17059,"date":"2021-03-23T20:06:49","date_gmt":"2021-03-23T18:06:49","guid":{"rendered":"https:\/\/bisbalpenedes.com\/web\/?p=17059"},"modified":"2021-03-24T09:21:53","modified_gmt":"2021-03-24T07:21:53","slug":"la-bisbal-del-penedes-oferira-una-exposicio-fotografica-i-una-taula-rodona-el-diumenge-dels-tres-tombs-el-proper-diumenge-28-de-marc","status":"publish","type":"post","link":"https:\/\/bisbalpenedes.com\/web\/2021\/03\/23\/la-bisbal-del-penedes-oferira-una-exposicio-fotografica-i-una-taula-rodona-el-diumenge-dels-tres-tombs-el-proper-diumenge-28-de-marc\/","title":{"rendered":"La Bisbal del Pened\u00e8s oferir\u00e0 una exposici\u00f3 fotogr\u00e0fica i una taula rodona el diumenge dels Tres Tombs (28 de mar\u00e7)"},"content":{"rendered":"\n<p>L\u2019Ajuntament de La Bisbal del Pened\u00e8s s\u2019adapta a les circumst\u00e0ncies sanit\u00e0ries actuals i organitza una exposici\u00f3 i una taula rodona sobre els Tres Tombs, ja que enguany no podran sortir els carros, els cavalls i els seus genets. Els actes tindran lloc el diumenge 28 de mar\u00e7. A les 11:30h s\u2019inaugurar\u00e0 l\u2019exposici\u00f3 fotogr\u00e0fica \u201cRecords dels Tres Tombs\u201d. El mateix dia, a partir de les 17:00h, tindr\u00e0 lloc la taula rodona: Passat i futur dels Tres Tombs.<\/p>\n\n\n\n<p>L\u2019exposici\u00f3 fotogr\u00e0fica es podr\u00e0 visitar el diumenge 28 de mar\u00e7 al Centre Municipal de Cultura i estar\u00e0 formada per imatges de l\u2019Ajuntament de La Bisbal del Pened\u00e8s i fotografies cedides des de l\u2019antiga Associaci\u00f3 dels Tres Tombs de la Bisbal, la Federaci\u00f3 Catalana dels Tres Tombs i tamb\u00e9 per diverses persones del municipi. La taula rodona es far\u00e0 a la pla\u00e7a Major i comptar\u00e0 amb la participaci\u00f3 de Joan Ca\u00f1\u00eds, Arnau Cugat, Josep Costa, Pere Alba i V\u00edctor Ib\u00e0\u00f1ez. Moderar\u00e0 el debat la T\u00e0nia Guasch de la Federaci\u00f3 Catalana dels Tres Tombs. Hi haur\u00e0 tortell de Sant Antoni del Forn de les Escales i del Forn Aresmar per a tots els assistents. Per accedir a la taula rodona caldr\u00e0 reservar via WhatasApp als n\u00fameros 684 416 843 i 608 568 881.<\/p>\n\n\n\n<p>Tots els actes es faran amb les mesures de la COVID-19 de dist\u00e0ncies i higiene de mans i ser\u00e0 obligatori l\u2019\u00fas de la mascareta.<\/p>\n\n\n\n<hr class=\"wp-block-separator is-style-wide\"\/>\n\n\n\n<p><strong>CASTELLANO |<\/strong> El Ayuntamiento de La Bisbal del Pened\u00e8s se adapta a las circunstancias sanitarias actuales y organiza una exposici\u00f3n y una mesa redonda sobre los Tres Tombs, ya que este a\u00f1o no podr\u00e1n salir los carros, los caballos y sus jinetes. Los actos tendr\u00e1n lugar el domingo 28 de marzo. A las 11:30h se inaugurar\u00e1 la exposici\u00f3n fotogr\u00e1fica \u201cRecords dels Tres Tombs\u201d. El mismo d\u00eda, a partir de las 17h, tendr\u00e1 lugar la mesa redonda: Pasado y futuro de los Tres Tombs.<\/p>\n\n\n\n<p>La exposici\u00f3n fotogr\u00e1fica se podr\u00e1 visitar del domingo 28 de marzo en el Centre Municipal de Cultura y estar\u00e1 formada por im\u00e1genes del Ayuntamiento de La Bisbal del Pened\u00e8s y fotograf\u00edas cedidas desde la antigua Asociaci\u00f3n dels Tres Tombs de la Bisbal, la Federaci\u00f3 Catalana dels Tres Tombs y tambi\u00e9n por varias personas del municipio. &nbsp;La mesa redonda se har\u00e1 en la plaza Major y contar\u00e1 con la participaci\u00f3n de Joan Ca\u00f1\u00eds, Arnau Cugat, Josep Costa, Pere Alba y V\u00edctor Ib\u00e0\u00f1ez. Moderar\u00e1 el debate T\u00e0nia Guasch de la Federaci\u00f3 Catalana dels Tres Tombs. Habr\u00e1 rosc\u00f3n de San Antonio del Forn de Les Escales y del Forn Aresmar para todos los asistentes. Para acceder a la mesa redonda ser\u00e1 necesario reservar v\u00eda WhatsApp al 684 416 843 y 608 568 881.<\/p>\n\n\n\n<p>Todos los actos se har\u00e1n con las medidas de la COVID-19 de distancias e higiene de manos y ser\u00e1 obligatorio el uso de la mascarilla.<\/p>\n","protected":false},"excerpt":{"rendered":"<p>L\u2019Ajuntament de La Bisbal del Pened\u00e8s s\u2019adapta a les circumst\u00e0ncies sanit\u00e0ries actuals i organitza una exposici\u00f3 i una taula rodona sobre els Tres Tombs, ja que enguany no podran sortir &hellip; <a href=\"https:\/\/bisbalpenedes.com\/web\/2021\/03\/23\/la-bisbal-del-penedes-oferira-una-exposicio-fotografica-i-una-taula-rodona-el-diumenge-dels-tres-tombs-el-proper-diumenge-28-de-marc\/\" class=\"more-link\">Read More<\/a><\/p>\n","protected":false},"author":4,"featured_media":17060,"comment_status":"closed","ping_status":"closed","sticky":false,"template":"","format":"standard","meta":[],"categories":[8],"tags":[],"_links":{"self":[{"href":"https:\/\/bisbalpenedes.com\/web\/wp-json\/wp\/v2\/posts\/17059"}],"collection":[{"href":"https:\/\/bisbalpenedes.com\/web\/wp-json\/wp\/v2\/posts"}],"about":[{"href":"https:\/\/bisbalpenedes.com\/web\/wp-json\/wp\/v2\/types\/post"}],"author":[{"embeddable":true,"href":"https:\/\/bisbalpenedes.com\/web\/wp-json\/wp\/v2\/users\/4"}],"replies":[{"embeddable":true,"href":"https:\/\/bisbalpenedes.com\/web\/wp-json\/wp\/v2\/comments?post=17059"}],"version-history":[{"count":2,"href":"https:\/\/bisbalpenedes.com\/web\/wp-json\/wp\/v2\/posts\/17059\/revisions"}],"predecessor-version":[{"id":17077,"href":"https:\/\/bisbalpenedes.com\/web\/wp-json\/wp\/v2\/posts\/17059\/revisions\/17077"}],"wp:featuredmedia":[{"embeddable":true,"href":"https:\/\/bisbalpenedes.com\/web\/wp-json\/wp\/v2\/media\/17060"}],"wp:attachment":[{"href":"https:\/\/bisbalpenedes.com\/web\/wp-json\/wp\/v2\/media?parent=17059"}],"wp:term":[{"taxonomy":"category","embeddable":true,"href":"https:\/\/bisbalpenedes.com\/web\/wp-json\/wp\/v2\/categories?post=17059"},{"taxonomy":"post_tag","embeddable":true,"href":"https:\/\/bisbalpenedes.com\/web\/wp-json\/wp\/v2\/tags?post=17059"}],"curies":[{"name":"wp","href":"https:\/\/api.w.org\/{rel}","templated":true}]}}