{"id":17052,"date":"2021-03-23T14:14:12","date_gmt":"2021-03-23T12:14:12","guid":{"rendered":"https:\/\/bisbalpenedes.com\/web\/?p=17052"},"modified":"2021-03-23T14:19:24","modified_gmt":"2021-03-23T12:19:24","slug":"17052","status":"publish","type":"post","link":"https:\/\/bisbalpenedes.com\/web\/2021\/03\/23\/17052\/","title":{"rendered":"Punt de l&#8217;ordre del dia de la Junta de Govern Local del 22\/03\/21 amb compet\u00e8ncies delegades del Ple"},"content":{"rendered":"\n<p><strong>La Junta de Govern del dilluns 22 de mar\u00e7 inclo\u00efa -i va aprovar- un punt amb Compet\u00e8ncies Delegades del Ple:&nbsp;<\/strong><\/p>\n\n\n\n<p>\u25aa\ufe0fAprovaci\u00f3 de <strong>l\u2019expedient i els plecs de cl\u00e0usules de la venda d\u2019una part d\u2019una parcel\u00b7la del pol\u00edgon de Les Planes Baixes<\/strong><\/p>\n\n\n\n<p><strong>Les sessions de la Junta de Govern Local no s\u00f3n p\u00fabliques per\u00f2 quan s\u2019actua amb compet\u00e8ncies delegades del Ple, la sessi\u00f3 se sotmet als mateixos requisits de publicitat que les sessions del Ple, que s\u00ed que s\u00f3n p\u00fabliques. Aix\u00ed ho va declarar la STS 161\/2013, de 26 de setembre. Tenint en compte les mesures preses per evitar la propagaci\u00f3 de la COVID-19, aquests punts de l\u2019ordre del dia de la Junta de Govern Local no s&#8217;han votat amb p\u00fablic, sin\u00f3 que s&#8217;han gravat en v\u00eddeo i ara el publiquem per poder garantir aix\u00ed la seva publicitat. Per tot plegat, els regidors i regidores de l\u2019oposici\u00f3 -que no formen part de la Junta de Govern local- van rebre la informaci\u00f3 sobre la proposta a la seva b\u00fastia de correu electr\u00f2nic la setmana passada.\u00a0<\/strong><\/p>\n\n\n\n<figure class=\"wp-block-embed is-type-video is-provider-youtube wp-block-embed-youtube wp-embed-aspect-16-9 wp-has-aspect-ratio\"><div class=\"wp-block-embed__wrapper\">\n<iframe loading=\"lazy\" title=\"Punt de l&#039;ordre del dia de la Junta de Govern Local del 22\/03\/21 amb compet\u00e8ncies delegades del Ple\" width=\"1170\" height=\"658\" src=\"https:\/\/www.youtube.com\/embed\/a3IXtZt0yBk?feature=oembed\" frameborder=\"0\" allow=\"accelerometer; autoplay; clipboard-write; encrypted-media; gyroscope; picture-in-picture\" allowfullscreen><\/iframe>\n<\/div><\/figure>\n\n\n\n<p>La Junta de Gobierno del lunes 22 de marzo inclu\u00eda -y aprob\u00f3- un punto con Competencias Delegadas del Pleno:\u00a0<\/p>\n\n\n\n<p>Aprobaci\u00f3n del expediente y los pliegos de cl\u00e1usulas de la venta de una parte de una parcela del pol\u00edgono de Les Planes Baixes<\/p>\n\n\n\n<p><strong>Las sesiones de la Junta de Gobierno Local no son p\u00fablicas, pero cuando se act\u00faa con competencias delegadas del Pleno, la sesi\u00f3n se somete a los mismos requisitos de publicidad que las sesiones del Pleno, que s\u00ed que son p\u00fablicas. As\u00ed lo declar\u00f3 la STS 161\/2013, de 26 de septiembre. Teniendo en cuenta las medidas tomadas para evitar la propagaci\u00f3n de la COVID-19, estos puntos del orden del d\u00eda de la Junta de Gobierno Local no se han votado con p\u00fablico, sino que se han grabado en v\u00eddeo y ahora lo publicamos para poder garantizar as\u00ed su publicidad. Por todo ello, los concejales y concejalas de la oposici\u00f3n -que no forman parte de la Junta de Gobierno local- recibieron la informaci\u00f3n sobre la propuesta en su buz\u00f3n de correo electr\u00f3nico la semana pasada.<\/strong><\/p>\n","protected":false},"excerpt":{"rendered":"<p>La Junta de Govern del dilluns 22 de mar\u00e7 inclo\u00efa -i va aprovar- un punt amb Compet\u00e8ncies Delegades del Ple:&nbsp; \u25aa\ufe0fAprovaci\u00f3 de l\u2019expedient i els plecs de cl\u00e0usules de la &hellip; <a href=\"https:\/\/bisbalpenedes.com\/web\/2021\/03\/23\/17052\/\" class=\"more-link\">Read More<\/a><\/p>\n","protected":false},"author":4,"featured_media":17053,"comment_status":"closed","ping_status":"closed","sticky":false,"template":"","format":"standard","meta":[],"categories":[3085,8,2250],"tags":[4175,686,777],"_links":{"self":[{"href":"https:\/\/bisbalpenedes.com\/web\/wp-json\/wp\/v2\/posts\/17052"}],"collection":[{"href":"https:\/\/bisbalpenedes.com\/web\/wp-json\/wp\/v2\/posts"}],"about":[{"href":"https:\/\/bisbalpenedes.com\/web\/wp-json\/wp\/v2\/types\/post"}],"author":[{"embeddable":true,"href":"https:\/\/bisbalpenedes.com\/web\/wp-json\/wp\/v2\/users\/4"}],"replies":[{"embeddable":true,"href":"https:\/\/bisbalpenedes.com\/web\/wp-json\/wp\/v2\/comments?post=17052"}],"version-history":[{"count":3,"href":"https:\/\/bisbalpenedes.com\/web\/wp-json\/wp\/v2\/posts\/17052\/revisions"}],"predecessor-version":[{"id":17056,"href":"https:\/\/bisbalpenedes.com\/web\/wp-json\/wp\/v2\/posts\/17052\/revisions\/17056"}],"wp:featuredmedia":[{"embeddable":true,"href":"https:\/\/bisbalpenedes.com\/web\/wp-json\/wp\/v2\/media\/17053"}],"wp:attachment":[{"href":"https:\/\/bisbalpenedes.com\/web\/wp-json\/wp\/v2\/media?parent=17052"}],"wp:term":[{"taxonomy":"category","embeddable":true,"href":"https:\/\/bisbalpenedes.com\/web\/wp-json\/wp\/v2\/categories?post=17052"},{"taxonomy":"post_tag","embeddable":true,"href":"https:\/\/bisbalpenedes.com\/web\/wp-json\/wp\/v2\/tags?post=17052"}],"curies":[{"name":"wp","href":"https:\/\/api.w.org\/{rel}","templated":true}]}}