{"id":17044,"date":"2021-03-22T20:38:24","date_gmt":"2021-03-22T18:38:24","guid":{"rendered":"https:\/\/bisbalpenedes.com\/web\/?p=17044"},"modified":"2021-03-22T20:38:54","modified_gmt":"2021-03-22T18:38:54","slug":"lajuntament-sillumina-de-blau-amb-motiu-del-dia-mundial-de-laigua","status":"publish","type":"post","link":"https:\/\/bisbalpenedes.com\/web\/2021\/03\/22\/lajuntament-sillumina-de-blau-amb-motiu-del-dia-mundial-de-laigua\/","title":{"rendered":"L&#8217;Ajuntament s&#8217;il\u00b7lumina de blau amb motiu del Dia Mundial de l&#8217;aigua"},"content":{"rendered":"\n<p>L&#8217;Ajuntament de La Bisbal del Pened\u00e8s s&#8217;il\u00b7lumina avui de color blau amb motiu del Dia Mundial de l&#8217;aigua. Enguany el lema \u00e9s #Water2me (qu\u00e8 \u00e9s l&#8217;aigua per a tu) i es vol posar \u00e8mfasi al valor o al significat que t\u00e9 l&#8217;aigua per cadasc\u00fa de nosaltres. Per a m\u00e9s informaci\u00f3 podeu accedir al web: <a rel=\"noreferrer noopener\" href=\"http:\/\/aca.gencat.cat\/ca\/laca\/campanyes-i-divulgacio\/dia-mundial-de-laigua\/\" target=\"_blank\">http:\/\/aca.gencat.cat\/ca\/laca\/campanyes-i-divulgacio\/dia-mundial-de-laigua\/<\/a><\/p>\n\n\n\n<hr class=\"wp-block-separator\"\/>\n\n\n\n<p>El Ayuntamiento de La Bisbal del Pened\u00e8s se ilumina hoy de color azul con motivo del D\u00eda Mundial del agua. Este a\u00f1o el lema es #Water2me (qu\u00e9 es el agua para ti) y se quiere poner \u00e9nfasis en el valor o en el significado que tiene el agua para cada uno de nosotros. Para m\u00e1s informaci\u00f3n pod\u00e9is acceder a la web: <a href=\"http:\/\/aca.gencat.cat\/ca\/laca\/campanyes-i-divulgacio\/dia-mundial-de-laigua\/\" target=\"_blank\" rel=\"noreferrer noopener\">http:\/\/aca.gencat.cat\/ca\/laca\/campanyes-i-divulgacio\/dia-mundial-de-laigua\/<\/a><\/p>\n\n\n\n<h1><\/h1>\n","protected":false},"excerpt":{"rendered":"<p>L&#8217;Ajuntament de La Bisbal del Pened\u00e8s s&#8217;il\u00b7lumina avui de color blau amb motiu del Dia Mundial de l&#8217;aigua. Enguany el lema \u00e9s #Water2me (qu\u00e8 \u00e9s l&#8217;aigua per a tu) i &hellip; <a href=\"https:\/\/bisbalpenedes.com\/web\/2021\/03\/22\/lajuntament-sillumina-de-blau-amb-motiu-del-dia-mundial-de-laigua\/\" class=\"more-link\">Read More<\/a><\/p>\n","protected":false},"author":4,"featured_media":17045,"comment_status":"closed","ping_status":"closed","sticky":false,"template":"","format":"standard","meta":[],"categories":[2402,8],"tags":[2866,4409],"_links":{"self":[{"href":"https:\/\/bisbalpenedes.com\/web\/wp-json\/wp\/v2\/posts\/17044"}],"collection":[{"href":"https:\/\/bisbalpenedes.com\/web\/wp-json\/wp\/v2\/posts"}],"about":[{"href":"https:\/\/bisbalpenedes.com\/web\/wp-json\/wp\/v2\/types\/post"}],"author":[{"embeddable":true,"href":"https:\/\/bisbalpenedes.com\/web\/wp-json\/wp\/v2\/users\/4"}],"replies":[{"embeddable":true,"href":"https:\/\/bisbalpenedes.com\/web\/wp-json\/wp\/v2\/comments?post=17044"}],"version-history":[{"count":2,"href":"https:\/\/bisbalpenedes.com\/web\/wp-json\/wp\/v2\/posts\/17044\/revisions"}],"predecessor-version":[{"id":17047,"href":"https:\/\/bisbalpenedes.com\/web\/wp-json\/wp\/v2\/posts\/17044\/revisions\/17047"}],"wp:featuredmedia":[{"embeddable":true,"href":"https:\/\/bisbalpenedes.com\/web\/wp-json\/wp\/v2\/media\/17045"}],"wp:attachment":[{"href":"https:\/\/bisbalpenedes.com\/web\/wp-json\/wp\/v2\/media?parent=17044"}],"wp:term":[{"taxonomy":"category","embeddable":true,"href":"https:\/\/bisbalpenedes.com\/web\/wp-json\/wp\/v2\/categories?post=17044"},{"taxonomy":"post_tag","embeddable":true,"href":"https:\/\/bisbalpenedes.com\/web\/wp-json\/wp\/v2\/tags?post=17044"}],"curies":[{"name":"wp","href":"https:\/\/api.w.org\/{rel}","templated":true}]}}