{"id":17038,"date":"2021-03-20T12:30:13","date_gmt":"2021-03-20T10:30:13","guid":{"rendered":"https:\/\/bisbalpenedes.com\/web\/?p=17038"},"modified":"2021-03-20T12:30:13","modified_gmt":"2021-03-20T10:30:13","slug":"el-periodico-de-catalunya-ha-dedicat-un-article-a-parlar-de-la-gestio-de-la-covid-19-als-municipis-catalans-entre-ells-la-bisbal-del-penedes","status":"publish","type":"post","link":"https:\/\/bisbalpenedes.com\/web\/2021\/03\/20\/el-periodico-de-catalunya-ha-dedicat-un-article-a-parlar-de-la-gestio-de-la-covid-19-als-municipis-catalans-entre-ells-la-bisbal-del-penedes\/","title":{"rendered":"El Peri\u00f3dico de Catalunya ha dedicat un article a parlar de la gesti\u00f3 de la COVID-19 als municipis catalans, entre ells, La Bisbal del Pened\u00e8s"},"content":{"rendered":"\n<p>L&#8217;alcaldessa de La Bisbal del Pened\u00e8s, Agn\u00e8s Ferr\u00e9, ha estat una de les seleccionades per apar\u00e8ixer a l&#8217;article que El Peri\u00f3dico de Catalunya ha dedicat, aquest dijous, a la gesti\u00f3 de la COVID-19 als municipis catalans. Us adjuntem la p\u00e0gina 35 de la publicaci\u00f3 on l&#8217;alcaldessa parla de La Bisbal del Pened\u00e8s.<\/p>\n\n\n\n<hr class=\"wp-block-separator is-style-wide\"\/>\n\n\n\n<p><strong>CASTELLANO |<\/strong> La alcaldesa de La Bisbal del Pened\u00e8s, Agn\u00e8s Ferr\u00e9, ha sido una de las seleccionadas para aparecer en el art\u00edculo que El Peri\u00f3dico de Catalunya ha dedicado, este jueves, a la gesti\u00f3n de la COVID-19 en los municipios catalanes. Os adjuntamos la p\u00e1gina 35 de la publicaci\u00f3n, donde la alcaldesa habla de La Bisbal del Pened\u00e8s.<\/p>\n","protected":false},"excerpt":{"rendered":"<p>L&#8217;alcaldessa de La Bisbal del Pened\u00e8s, Agn\u00e8s Ferr\u00e9, ha estat una de les seleccionades per apar\u00e8ixer a l&#8217;article que El Peri\u00f3dico de Catalunya ha dedicat, aquest dijous, a la gesti\u00f3 &hellip; <a href=\"https:\/\/bisbalpenedes.com\/web\/2021\/03\/20\/el-periodico-de-catalunya-ha-dedicat-un-article-a-parlar-de-la-gestio-de-la-covid-19-als-municipis-catalans-entre-ells-la-bisbal-del-penedes\/\" class=\"more-link\">Read More<\/a><\/p>\n","protected":false},"author":4,"featured_media":17039,"comment_status":"closed","ping_status":"closed","sticky":false,"template":"","format":"standard","meta":[],"categories":[4095,8],"tags":[1151,3559,4407,393],"_links":{"self":[{"href":"https:\/\/bisbalpenedes.com\/web\/wp-json\/wp\/v2\/posts\/17038"}],"collection":[{"href":"https:\/\/bisbalpenedes.com\/web\/wp-json\/wp\/v2\/posts"}],"about":[{"href":"https:\/\/bisbalpenedes.com\/web\/wp-json\/wp\/v2\/types\/post"}],"author":[{"embeddable":true,"href":"https:\/\/bisbalpenedes.com\/web\/wp-json\/wp\/v2\/users\/4"}],"replies":[{"embeddable":true,"href":"https:\/\/bisbalpenedes.com\/web\/wp-json\/wp\/v2\/comments?post=17038"}],"version-history":[{"count":1,"href":"https:\/\/bisbalpenedes.com\/web\/wp-json\/wp\/v2\/posts\/17038\/revisions"}],"predecessor-version":[{"id":17040,"href":"https:\/\/bisbalpenedes.com\/web\/wp-json\/wp\/v2\/posts\/17038\/revisions\/17040"}],"wp:featuredmedia":[{"embeddable":true,"href":"https:\/\/bisbalpenedes.com\/web\/wp-json\/wp\/v2\/media\/17039"}],"wp:attachment":[{"href":"https:\/\/bisbalpenedes.com\/web\/wp-json\/wp\/v2\/media?parent=17038"}],"wp:term":[{"taxonomy":"category","embeddable":true,"href":"https:\/\/bisbalpenedes.com\/web\/wp-json\/wp\/v2\/categories?post=17038"},{"taxonomy":"post_tag","embeddable":true,"href":"https:\/\/bisbalpenedes.com\/web\/wp-json\/wp\/v2\/tags?post=17038"}],"curies":[{"name":"wp","href":"https:\/\/api.w.org\/{rel}","templated":true}]}}