{"id":17034,"date":"2021-03-18T22:20:00","date_gmt":"2021-03-18T20:20:00","guid":{"rendered":"https:\/\/bisbalpenedes.com\/web\/?p=17034"},"modified":"2021-03-20T12:15:39","modified_gmt":"2021-03-20T10:15:39","slug":"petit-incendi-extingit-a-la-pineda-de-santa-cristina","status":"publish","type":"post","link":"https:\/\/bisbalpenedes.com\/web\/2021\/03\/18\/petit-incendi-extingit-a-la-pineda-de-santa-cristina\/","title":{"rendered":"Petit incendi extingit a La Pineda de Santa Cristina"},"content":{"rendered":"\n<p>Els Bombers i els Mossos d&#8217;Esquadra han intervingut aquesta nit per apagar un petit incendi que s&#8217;ha declarat en uns arbustos d&#8217;un terreny ubicat a la cantonada entre el carrer Segri\u00e0 i el carrer de Les Garrigues de La Pineda de Santa Cristina. Es desconeix l&#8217;origen del foc. No s&#8217;ha lamentat cap dany personal ni material. Agra\u00efm la col\u00b7laboraci\u00f3 d&#8217;ambd\u00f3s cossos, dels ve\u00efns i tamb\u00e9 la pres\u00e8ncia d&#8217;un membre de l&#8217;ADF Clot de Bou que s&#8217;ha despla\u00e7at fins a la zona per informar la resta de companys de si era necessari activar algun equip d&#8217;extinci\u00f3 d&#8217;incendis.-<\/p>\n\n\n\n<hr class=\"wp-block-separator is-style-wide\"\/>\n\n\n\n<p>CASTELLANO |\u00a0Los Bomberos y los Mossos d&#8217;Esquadra han intervenido esta noche para apagar un peque\u00f1o incendio que se ha declarado en unos arbustos de un terreno ubicado en la esquina entre la calle Segri\u00e0 y la calle de Les Garrigues de La Pineda de Santa Cristina. Se desconoce el origen del fuego. No se ha lamentado ning\u00fan da\u00f1o personal ni material. Agradecemos la colaboraci\u00f3n de ambos cuerpos, de los vecinos y tambi\u00e9n la presencia de un miembro de la ADF Clot de Bou que se ha desplazado hasta la zona para informar de si era necesario activar alg\u00fan equipo de extinci\u00f3n de incendios.<\/p>\n","protected":false},"excerpt":{"rendered":"<p>Els Bombers i els Mossos d&#8217;Esquadra han intervingut aquesta nit per apagar un petit incendi que s&#8217;ha declarat en uns arbustos d&#8217;un terreny ubicat a la cantonada entre el carrer &hellip; <a href=\"https:\/\/bisbalpenedes.com\/web\/2021\/03\/18\/petit-incendi-extingit-a-la-pineda-de-santa-cristina\/\" class=\"more-link\">Read More<\/a><\/p>\n","protected":false},"author":4,"featured_media":17035,"comment_status":"closed","ping_status":"closed","sticky":false,"template":"","format":"standard","meta":[],"categories":[8],"tags":[1775,3651,2107,473,622],"_links":{"self":[{"href":"https:\/\/bisbalpenedes.com\/web\/wp-json\/wp\/v2\/posts\/17034"}],"collection":[{"href":"https:\/\/bisbalpenedes.com\/web\/wp-json\/wp\/v2\/posts"}],"about":[{"href":"https:\/\/bisbalpenedes.com\/web\/wp-json\/wp\/v2\/types\/post"}],"author":[{"embeddable":true,"href":"https:\/\/bisbalpenedes.com\/web\/wp-json\/wp\/v2\/users\/4"}],"replies":[{"embeddable":true,"href":"https:\/\/bisbalpenedes.com\/web\/wp-json\/wp\/v2\/comments?post=17034"}],"version-history":[{"count":1,"href":"https:\/\/bisbalpenedes.com\/web\/wp-json\/wp\/v2\/posts\/17034\/revisions"}],"predecessor-version":[{"id":17036,"href":"https:\/\/bisbalpenedes.com\/web\/wp-json\/wp\/v2\/posts\/17034\/revisions\/17036"}],"wp:featuredmedia":[{"embeddable":true,"href":"https:\/\/bisbalpenedes.com\/web\/wp-json\/wp\/v2\/media\/17035"}],"wp:attachment":[{"href":"https:\/\/bisbalpenedes.com\/web\/wp-json\/wp\/v2\/media?parent=17034"}],"wp:term":[{"taxonomy":"category","embeddable":true,"href":"https:\/\/bisbalpenedes.com\/web\/wp-json\/wp\/v2\/categories?post=17034"},{"taxonomy":"post_tag","embeddable":true,"href":"https:\/\/bisbalpenedes.com\/web\/wp-json\/wp\/v2\/tags?post=17034"}],"curies":[{"name":"wp","href":"https:\/\/api.w.org\/{rel}","templated":true}]}}