{"id":17026,"date":"2021-03-20T11:54:55","date_gmt":"2021-03-20T09:54:55","guid":{"rendered":"https:\/\/bisbalpenedes.com\/web\/?p=17026"},"modified":"2021-03-20T11:54:55","modified_gmt":"2021-03-20T09:54:55","slug":"el-consell-comarcal-del-baix-penedes-ha-obert-el-termini-per-sollicitar-el-servei-de-transport-escolar-per-al-curs-escolar-2021-2022","status":"publish","type":"post","link":"https:\/\/bisbalpenedes.com\/web\/2021\/03\/20\/el-consell-comarcal-del-baix-penedes-ha-obert-el-termini-per-sollicitar-el-servei-de-transport-escolar-per-al-curs-escolar-2021-2022\/","title":{"rendered":"El Consell Comarcal del Baix Pened\u00e8s ha obert el termini per sol\u00b7licitar el servei de Transport escolar per al curs escolar 2021-2022"},"content":{"rendered":"\n<p>La Regidoria d\u2019Ensenyament us informa que el Consell Comarcal del Baix Pened\u00e8s inicia, el proper dilluns 22 de mar\u00e7 de 2021, el termini de sol\u00b7licitud del servei de transport escolar del curs escolar 2021-2022 per als alumnes d\u2019Educaci\u00f3 Infantil i Prim\u00e0ria i ESO i Educaci\u00f3 Especial.<\/p>\n\n\n\n<p>Enguany les sol\u00b7licituds s\u2019hauran de presentar de forma telem\u00e0tica, a trav\u00e9s de la seu electr\u00f2nica de la p\u00e0gina del Departament d\u2019Ensenyament del Consell Comarcal del Baix Pened\u00e8s: <a href=\"http:\/\/www.ccbp.cat\/index.php\/el-consell\/serveis-i-tramits\/serveis-al-ciutada\/educacio\">http:\/\/www.ccbp.cat\/index.php\/el-consell\/serveis-i-tramits\/serveis-al-ciutada\/educacio<\/a>.<\/p>\n\n\n\n<p>En aquest enlla\u00e7 trobareu tota la informaci\u00f3 i el detall de la documentaci\u00f3 que haureu d\u2019adjuntar: <a href=\"http:\/\/www.ccbp.cat\/index.php\/actualitat\/notic\/1205-el-consell-comarcal-del-baix-penedes-obre-el-periode-per-a-fer-la-sol-licitud-del-servei-de-transport-escolar-per-al-curs-escolar-2021-2022\">http:\/\/www.ccbp.cat\/index.php\/actualitat\/notic\/1205-el-consell-comarcal-del-baix-penedes-obre-el-periode-per-a-fer-la-sol-licitud-del-servei-de-transport-escolar-per-al-curs-escolar-2021-2022<\/a><\/p>\n\n\n\n<p><strong>IMPORTANT:<\/strong> en el cas dels alumnes d\u2019ESO i Educaci\u00f3 Especial, no es garantir\u00e0 la pla\u00e7a a la data de l\u2019inici de curs per a aquelles sol\u00b7licituds que s\u2019hagin rebut m\u00e9s tard del dia 1 de juliol 2021.<\/p>\n\n\n\n<p><strong>Aquest termini no \u00e9s per als alumnes de batxillerat.<\/strong> Per a aquests alumnes s\u2019obrir\u00e0 termini durant el mes d\u2019octubre.<\/p>\n\n\n\n<hr class=\"wp-block-separator is-style-wide\"\/>\n\n\n\n<p><strong>CASTELLANO |<\/strong>&nbsp;La Concejal\u00eda de Educaci\u00f3n os informa de que el Consell Comarcal del Baix Pened\u00e8s inicia, el pr\u00f3ximo lunes 22 de marzo de 2021, el plazo de solicitud del servicio de transporte escolar del curso escolar 2021-2022 para los alumnos de Educaci\u00f3n Infantil y Primaria y Educaci\u00f3n Especial.<\/p>\n\n\n\n<p>Este a\u00f1o las solicitudes se tendr\u00e1n que presentar de forma telem\u00e1tica, a trav\u00e9s de la sede electr\u00f3nica de la p\u00e1gina del Departamento de Educaci\u00f3n del Consell Comarcal del Baix Pened\u00e8s: <a href=\"http:\/\/www.ccbp.cat\/index.php\/el-consell\/serveis-i-tramits\/serveis-al-ciutada\/educacio\">http:\/\/www.ccbp.cat\/index.php\/el-consell\/serveis-i-tramits\/serveis-al-ciutada\/educacio<\/a>.<\/p>\n\n\n\n<p>En este enlace encontrar\u00e9is toda la informaci\u00f3n y el detalle de la documentaci\u00f3n que tendr\u00e9is que adjuntar: <a href=\"http:\/\/www.ccbp.cat\/index.php\/actualitat\/notic\/1205-el-consell-comarcal-del-baix-penedes-obre-el-periode-per-a-fer-la-sol-licitud-del-servei-de-transport-escolar-per-al-curs-escolar-2021-2022\">http:\/\/www.ccbp.cat\/index.php\/actualitat\/notic\/1205-el-consell-comarcal-del-baix-penedes-obre-el-periode-per-a-fer-la-sol-licitud-del-servei-de-transport-escolar-per-al-curs-escolar-2021-2022<\/a><\/p>\n\n\n\n<p><strong>IMPORTANTE:<\/strong> en el caso de los alumnos de ESO y Educaci\u00f3n Especial, no se garantizar\u00e1 la plaza a la fecha del inicio de curso para aquellas solicitudes que se hayan recibido m\u00e1s tarde del d\u00eda 1 de julio de 2021.<\/p>\n\n\n\n<p><strong>Este plazo no es para los alumnos de bachillerato.<\/strong> Para estos alumnos, se abrir\u00e1 el plazo durante el mes de octubre.<\/p>\n","protected":false},"excerpt":{"rendered":"<p>La Regidoria d\u2019Ensenyament us informa que el Consell Comarcal del Baix Pened\u00e8s inicia, el proper dilluns 22 de mar\u00e7 de 2021, el termini de sol\u00b7licitud del servei de transport escolar &hellip; <a href=\"https:\/\/bisbalpenedes.com\/web\/2021\/03\/20\/el-consell-comarcal-del-baix-penedes-ha-obert-el-termini-per-sollicitar-el-servei-de-transport-escolar-per-al-curs-escolar-2021-2022\/\" class=\"more-link\">Read More<\/a><\/p>\n","protected":false},"author":4,"featured_media":6391,"comment_status":"closed","ping_status":"closed","sticky":false,"template":"","format":"standard","meta":[],"categories":[16,8],"tags":[2083,1056,4406,4405,1837,356],"_links":{"self":[{"href":"https:\/\/bisbalpenedes.com\/web\/wp-json\/wp\/v2\/posts\/17026"}],"collection":[{"href":"https:\/\/bisbalpenedes.com\/web\/wp-json\/wp\/v2\/posts"}],"about":[{"href":"https:\/\/bisbalpenedes.com\/web\/wp-json\/wp\/v2\/types\/post"}],"author":[{"embeddable":true,"href":"https:\/\/bisbalpenedes.com\/web\/wp-json\/wp\/v2\/users\/4"}],"replies":[{"embeddable":true,"href":"https:\/\/bisbalpenedes.com\/web\/wp-json\/wp\/v2\/comments?post=17026"}],"version-history":[{"count":1,"href":"https:\/\/bisbalpenedes.com\/web\/wp-json\/wp\/v2\/posts\/17026\/revisions"}],"predecessor-version":[{"id":17027,"href":"https:\/\/bisbalpenedes.com\/web\/wp-json\/wp\/v2\/posts\/17026\/revisions\/17027"}],"wp:featuredmedia":[{"embeddable":true,"href":"https:\/\/bisbalpenedes.com\/web\/wp-json\/wp\/v2\/media\/6391"}],"wp:attachment":[{"href":"https:\/\/bisbalpenedes.com\/web\/wp-json\/wp\/v2\/media?parent=17026"}],"wp:term":[{"taxonomy":"category","embeddable":true,"href":"https:\/\/bisbalpenedes.com\/web\/wp-json\/wp\/v2\/categories?post=17026"},{"taxonomy":"post_tag","embeddable":true,"href":"https:\/\/bisbalpenedes.com\/web\/wp-json\/wp\/v2\/tags?post=17026"}],"curies":[{"name":"wp","href":"https:\/\/api.w.org\/{rel}","templated":true}]}}