{"id":17016,"date":"2021-03-18T14:08:28","date_gmt":"2021-03-18T12:08:28","guid":{"rendered":"https:\/\/bisbalpenedes.com\/web\/?p=17016"},"modified":"2021-03-18T14:08:28","modified_gmt":"2021-03-18T12:08:28","slug":"entrevista-lactriu-bisbalenca-elisabeth-catala-es-lambaixadora-despanya-pel-canvi-climatic-i-fara-un-discurs-a-lonu","status":"publish","type":"post","link":"https:\/\/bisbalpenedes.com\/web\/2021\/03\/18\/entrevista-lactriu-bisbalenca-elisabeth-catala-es-lambaixadora-despanya-pel-canvi-climatic-i-fara-un-discurs-a-lonu\/","title":{"rendered":"Entrevista: l&#8217;actriu bisbalenca Elisabeth Catal\u00e0 \u00e9s l&#8217;ambaixadora d&#8217;Espanya pel canvi clim\u00e0tic i far\u00e0 un discurs a l&#8217;ONU"},"content":{"rendered":"\n<p>A la Bisbal del Pened\u00e8s tenim una joven\u00edssima model i actriu que ha treballat en diversos curtmetratges i que va guanyar un premi a la millor actriu juvenil pel seu primer curt. Si no la coneixeu, es diu Ellisabeth Catal\u00e0 i Gom\u00e0, va a l&#8217;Escola Ull de Vent i \u00e9s l&#8217;ambaixadora d&#8217;Espanya, juntament amb 11 joves d&#8217;altres pa\u00efsos del m\u00f3n, que tenen l&#8217;objectiu de conscienciar sobre el canvi clim\u00e0tic i que faran un discurs a l&#8217;ONU. Hem parlat amb ella i aqu\u00ed teniu el que ens ha explicat.<\/p>\n\n\n\n<p>&#8212;<\/p>\n\n\n\n<p><strong>CASTELLANO |<\/strong> En la Bisbal del Pened\u00e8s tenemos una jovenc\u00edsima modelo y actriz que ha trabajado en varios cortometrajes y que gan\u00f3 un premio a la mejor actriz juvenil por su primer corto.<\/p>\n\n\n\n<p>Si no la conoc\u00e9is, se llama Elisabeth Catal\u00e0 Gom\u00e0, va a la Escuela Ull de Vent y es la embajadora de Espa\u00f1a, junto con 11 j\u00f3venes de otros pa\u00edses del mundo, que tienen el objetivo de concienciar sobre el cambio clim\u00e1tico y que har\u00e1n un discurso en la ONU. Hemos hablado con ella y aqu\u00ed ten\u00e9is lo que nos ha explicado.<\/p>\n\n\n\n<figure class=\"wp-block-image size-large\"><img loading=\"lazy\" width=\"724\" height=\"1024\" src=\"https:\/\/bisbalpenedes.com\/web\/wp-content\/uploads\/2021\/03\/1-724x1024.jpg\" alt=\"\" class=\"wp-image-17017\" srcset=\"https:\/\/bisbalpenedes.com\/web\/wp-content\/uploads\/2021\/03\/1-724x1024.jpg 724w, https:\/\/bisbalpenedes.com\/web\/wp-content\/uploads\/2021\/03\/1-scaled-600x849.jpg 600w, https:\/\/bisbalpenedes.com\/web\/wp-content\/uploads\/2021\/03\/1-212x300.jpg 212w, https:\/\/bisbalpenedes.com\/web\/wp-content\/uploads\/2021\/03\/1-768x1086.jpg 768w, https:\/\/bisbalpenedes.com\/web\/wp-content\/uploads\/2021\/03\/1-1086x1536.jpg 1086w, https:\/\/bisbalpenedes.com\/web\/wp-content\/uploads\/2021\/03\/1-1448x2048.jpg 1448w, https:\/\/bisbalpenedes.com\/web\/wp-content\/uploads\/2021\/03\/1-scaled.jpg 1810w\" sizes=\"(max-width: 724px) 100vw, 724px\" \/><\/figure>\n\n\n\n<figure class=\"wp-block-image size-large\"><img loading=\"lazy\" width=\"724\" height=\"1024\" src=\"https:\/\/bisbalpenedes.com\/web\/wp-content\/uploads\/2021\/03\/2-724x1024.jpg\" alt=\"\" class=\"wp-image-17018\" srcset=\"https:\/\/bisbalpenedes.com\/web\/wp-content\/uploads\/2021\/03\/2-724x1024.jpg 724w, https:\/\/bisbalpenedes.com\/web\/wp-content\/uploads\/2021\/03\/2-scaled-600x849.jpg 600w, https:\/\/bisbalpenedes.com\/web\/wp-content\/uploads\/2021\/03\/2-212x300.jpg 212w, https:\/\/bisbalpenedes.com\/web\/wp-content\/uploads\/2021\/03\/2-768x1086.jpg 768w, https:\/\/bisbalpenedes.com\/web\/wp-content\/uploads\/2021\/03\/2-1086x1536.jpg 1086w, https:\/\/bisbalpenedes.com\/web\/wp-content\/uploads\/2021\/03\/2-1448x2048.jpg 1448w, https:\/\/bisbalpenedes.com\/web\/wp-content\/uploads\/2021\/03\/2-scaled.jpg 1810w\" sizes=\"(max-width: 724px) 100vw, 724px\" \/><\/figure>\n\n\n\n<figure class=\"wp-block-image size-large\"><img loading=\"lazy\" width=\"724\" height=\"1024\" src=\"https:\/\/bisbalpenedes.com\/web\/wp-content\/uploads\/2021\/03\/3-724x1024.jpg\" alt=\"\" class=\"wp-image-17019\" srcset=\"https:\/\/bisbalpenedes.com\/web\/wp-content\/uploads\/2021\/03\/3-724x1024.jpg 724w, https:\/\/bisbalpenedes.com\/web\/wp-content\/uploads\/2021\/03\/3-scaled-600x849.jpg 600w, https:\/\/bisbalpenedes.com\/web\/wp-content\/uploads\/2021\/03\/3-212x300.jpg 212w, https:\/\/bisbalpenedes.com\/web\/wp-content\/uploads\/2021\/03\/3-768x1086.jpg 768w, https:\/\/bisbalpenedes.com\/web\/wp-content\/uploads\/2021\/03\/3-1086x1536.jpg 1086w, https:\/\/bisbalpenedes.com\/web\/wp-content\/uploads\/2021\/03\/3-1448x2048.jpg 1448w, https:\/\/bisbalpenedes.com\/web\/wp-content\/uploads\/2021\/03\/3-scaled.jpg 1810w\" sizes=\"(max-width: 724px) 100vw, 724px\" \/><\/figure>\n","protected":false},"excerpt":{"rendered":"<p>A la Bisbal del Pened\u00e8s tenim una joven\u00edssima model i actriu que ha treballat en diversos curtmetratges i que va guanyar un premi a la millor actriu juvenil pel seu &hellip; <a href=\"https:\/\/bisbalpenedes.com\/web\/2021\/03\/18\/entrevista-lactriu-bisbalenca-elisabeth-catala-es-lambaixadora-despanya-pel-canvi-climatic-i-fara-un-discurs-a-lonu\/\" class=\"more-link\">Read More<\/a><\/p>\n","protected":false},"author":4,"featured_media":17020,"comment_status":"closed","ping_status":"closed","sticky":false,"template":"","format":"standard","meta":[],"categories":[8],"tags":[2884,965,2883,1739],"_links":{"self":[{"href":"https:\/\/bisbalpenedes.com\/web\/wp-json\/wp\/v2\/posts\/17016"}],"collection":[{"href":"https:\/\/bisbalpenedes.com\/web\/wp-json\/wp\/v2\/posts"}],"about":[{"href":"https:\/\/bisbalpenedes.com\/web\/wp-json\/wp\/v2\/types\/post"}],"author":[{"embeddable":true,"href":"https:\/\/bisbalpenedes.com\/web\/wp-json\/wp\/v2\/users\/4"}],"replies":[{"embeddable":true,"href":"https:\/\/bisbalpenedes.com\/web\/wp-json\/wp\/v2\/comments?post=17016"}],"version-history":[{"count":2,"href":"https:\/\/bisbalpenedes.com\/web\/wp-json\/wp\/v2\/posts\/17016\/revisions"}],"predecessor-version":[{"id":17022,"href":"https:\/\/bisbalpenedes.com\/web\/wp-json\/wp\/v2\/posts\/17016\/revisions\/17022"}],"wp:featuredmedia":[{"embeddable":true,"href":"https:\/\/bisbalpenedes.com\/web\/wp-json\/wp\/v2\/media\/17020"}],"wp:attachment":[{"href":"https:\/\/bisbalpenedes.com\/web\/wp-json\/wp\/v2\/media?parent=17016"}],"wp:term":[{"taxonomy":"category","embeddable":true,"href":"https:\/\/bisbalpenedes.com\/web\/wp-json\/wp\/v2\/categories?post=17016"},{"taxonomy":"post_tag","embeddable":true,"href":"https:\/\/bisbalpenedes.com\/web\/wp-json\/wp\/v2\/tags?post=17016"}],"curies":[{"name":"wp","href":"https:\/\/api.w.org\/{rel}","templated":true}]}}