{"id":16982,"date":"2021-03-17T21:13:21","date_gmt":"2021-03-17T19:13:21","guid":{"rendered":"https:\/\/bisbalpenedes.com\/web\/?p=16982"},"modified":"2021-03-17T21:26:04","modified_gmt":"2021-03-17T19:26:04","slug":"la-bisbalenca-gloria-ruiz-es-proclama-campiona-al-campionat-de-cataluna-senior-de-taekwondo","status":"publish","type":"post","link":"https:\/\/bisbalpenedes.com\/web\/2021\/03\/17\/la-bisbalenca-gloria-ruiz-es-proclama-campiona-al-campionat-de-cataluna-senior-de-taekwondo\/","title":{"rendered":"La bisbalenca Gloria Ruiz es proclama campiona al Campionat de Catalunya s\u00e8nior de taekwondo"},"content":{"rendered":"\n<p>La Gloria Ruiz s\u2019ha tornat a proclamar campiona al Campionat de Catalunya s\u00e8nior de taekwondo, celebrat el passat de setmana al Poliesportiu de la Mar Bella de Barcelona i on tamb\u00e9 va competir el seu germ\u00e0 David Ruiz.<\/p>\n\n\n\n<p>La Gloria s\u2019ha proclamat campiona en la categoria -46 kg i el David va realitzar un bon combat, per\u00f2 va caure i no va poder obtenir cap medalla. El noi amb el que va fer el combat \u00e9s qui va obtenir la vict\u00f2ria.<\/p>\n\n\n\n<p>Des de l\u2019Ajuntament de La Bisbal del Pened\u00e8s felicitem els\u00a0 taekwondistes bisbalencs per la feina i la const\u00e0ncia i a la Gl\u00f2ria per proclamar-se, novament, campiona. La seva entrenadora, Irene Calvo del Gimn\u00e0s Ol\u00edmpic del Vendrell, ha explicat que \u201daquest ha estat el primer campionat de la temporada i el primer que s\u2019ha celebrat amb les mesures de la pand\u00e8mia, totes aprovades pel PROCICAT, i amb un respecte absolut d\u2019aquestes tant per part de l\u2019organitzaci\u00f3 com per part dels participants\u201d. Calvo ha volgut remarcar que \u201cel que ens fa sentir especialment orgullosos \u00e9s el fet que, despr\u00e9s de tot el que hem passat amb la pand\u00e8mia i de no haver pogut fer els entrenaments a causa de les restriccions, els nostres taekwondistes han competit amb un gran nivell\u201d.<\/p>\n\n\n\n<figure class=\"wp-block-image size-large\"><img loading=\"lazy\" width=\"1024\" height=\"768\" src=\"https:\/\/bisbalpenedes.com\/web\/wp-content\/uploads\/2021\/03\/GERMANS-RUIZ-I-LAURA-ALONSO-1024x768.jpeg\" alt=\"\" class=\"wp-image-16985\" srcset=\"https:\/\/bisbalpenedes.com\/web\/wp-content\/uploads\/2021\/03\/GERMANS-RUIZ-I-LAURA-ALONSO-1024x768.jpeg 1024w, https:\/\/bisbalpenedes.com\/web\/wp-content\/uploads\/2021\/03\/GERMANS-RUIZ-I-LAURA-ALONSO-scaled-600x450.jpeg 600w, https:\/\/bisbalpenedes.com\/web\/wp-content\/uploads\/2021\/03\/GERMANS-RUIZ-I-LAURA-ALONSO-300x225.jpeg 300w, https:\/\/bisbalpenedes.com\/web\/wp-content\/uploads\/2021\/03\/GERMANS-RUIZ-I-LAURA-ALONSO-768x576.jpeg 768w, https:\/\/bisbalpenedes.com\/web\/wp-content\/uploads\/2021\/03\/GERMANS-RUIZ-I-LAURA-ALONSO-1536x1152.jpeg 1536w, https:\/\/bisbalpenedes.com\/web\/wp-content\/uploads\/2021\/03\/GERMANS-RUIZ-I-LAURA-ALONSO-2048x1536.jpeg 2048w\" sizes=\"(max-width: 1024px) 100vw, 1024px\" \/><figcaption>Gl\u00f2ria Ruiz, medalla d&#8217;or al Campionat de Catalunya s\u00e8nior de Taewkondo; David Ruiz, bisbalenc participant en el campionat; i Laura Alonso, medalla de bronze en la categoria -73kg<\/figcaption><\/figure>\n\n\n\n<hr class=\"wp-block-separator is-style-default\"\/>\n\n\n\n<p><strong>CASTELLANO |<\/strong> Gloria Ruiz se ha vuelto a proclamar campeona en el &nbsp;Campeonato de Catalunya senior de taekwondo, celebrado el pasado fin de semana en el Polideportivo de la Mar Bella de Barcelona, en el que tambi\u00e9n compiti\u00f3 su hermano David Ruiz.<\/p>\n\n\n\n<p>Gloria  se ha proclamado campeona en la categor\u00eda -46 kg y David realiz\u00f3 un buen combate, pero cay\u00f3 y no pudo obtener ninguna medalla. El chico con el que hizo el combate es quien obtuvo la victoria.<\/p>\n\n\n\n<p>Desde el Ayuntamiento de La Bisbal del Pened\u00e8s felicitamos a los taekwondistas bisbalenses por el trabajo y la constancia y a Gloria por proclamarse, de nuevo, campeona. Su entrenadora, Irene Calvo del Gimn\u00e0s Ol\u00edmpic del Vendrell, ha explicado que \u201ceste ha sido el primer campeonato de la temporada y el primero que se ha celebrado con las medidas de la pandemia, todas aprobadas por el PROCICAT, y con un respeto absoluto de las mismas tanto por parte de la organizaci\u00f3n como por parte de los participantes\u201d. Calvo ha querido remarcar que \u201clo que nos hace sentir especialmente orgullosos es el hecho de que, despu\u00e9s de todo lo que hemos pasado con la pandemia y de no haber podido hacer los entrenamientos a causa de las restricciones, nuestros taekwondistas han competido a un gran nivel\u201d.<\/p>\n","protected":false},"excerpt":{"rendered":"<p>La Gloria Ruiz s\u2019ha tornat a proclamar campiona al Campionat de Catalunya s\u00e8nior de taekwondo, celebrat el passat de setmana al Poliesportiu de la Mar Bella de Barcelona i on &hellip; <a href=\"https:\/\/bisbalpenedes.com\/web\/2021\/03\/17\/la-bisbalenca-gloria-ruiz-es-proclama-campiona-al-campionat-de-cataluna-senior-de-taekwondo\/\" class=\"more-link\">Read More<\/a><\/p>\n","protected":false},"author":4,"featured_media":16984,"comment_status":"closed","ping_status":"closed","sticky":false,"template":"","format":"standard","meta":[],"categories":[8],"tags":[],"_links":{"self":[{"href":"https:\/\/bisbalpenedes.com\/web\/wp-json\/wp\/v2\/posts\/16982"}],"collection":[{"href":"https:\/\/bisbalpenedes.com\/web\/wp-json\/wp\/v2\/posts"}],"about":[{"href":"https:\/\/bisbalpenedes.com\/web\/wp-json\/wp\/v2\/types\/post"}],"author":[{"embeddable":true,"href":"https:\/\/bisbalpenedes.com\/web\/wp-json\/wp\/v2\/users\/4"}],"replies":[{"embeddable":true,"href":"https:\/\/bisbalpenedes.com\/web\/wp-json\/wp\/v2\/comments?post=16982"}],"version-history":[{"count":5,"href":"https:\/\/bisbalpenedes.com\/web\/wp-json\/wp\/v2\/posts\/16982\/revisions"}],"predecessor-version":[{"id":16989,"href":"https:\/\/bisbalpenedes.com\/web\/wp-json\/wp\/v2\/posts\/16982\/revisions\/16989"}],"wp:featuredmedia":[{"embeddable":true,"href":"https:\/\/bisbalpenedes.com\/web\/wp-json\/wp\/v2\/media\/16984"}],"wp:attachment":[{"href":"https:\/\/bisbalpenedes.com\/web\/wp-json\/wp\/v2\/media?parent=16982"}],"wp:term":[{"taxonomy":"category","embeddable":true,"href":"https:\/\/bisbalpenedes.com\/web\/wp-json\/wp\/v2\/categories?post=16982"},{"taxonomy":"post_tag","embeddable":true,"href":"https:\/\/bisbalpenedes.com\/web\/wp-json\/wp\/v2\/tags?post=16982"}],"curies":[{"name":"wp","href":"https:\/\/api.w.org\/{rel}","templated":true}]}}