{"id":16975,"date":"2021-03-17T19:43:25","date_gmt":"2021-03-17T17:43:25","guid":{"rendered":"https:\/\/bisbalpenedes.com\/web\/?p=16975"},"modified":"2021-03-17T19:50:00","modified_gmt":"2021-03-17T17:50:00","slug":"el-ple-ordinari-ha-aprovat-una-mocio-per-donar-suport-a-lautonomia-dels-centres-educatius-en-leleccio-de-la-jornada-continua","status":"publish","type":"post","link":"https:\/\/bisbalpenedes.com\/web\/2021\/03\/17\/el-ple-ordinari-ha-aprovat-una-mocio-per-donar-suport-a-lautonomia-dels-centres-educatius-en-leleccio-de-la-jornada-continua\/","title":{"rendered":"El Ple ordinari ha aprovat per unanimitat una moci\u00f3 per donar suport a l\u2019autonomia dels centres educatius en l\u2019elecci\u00f3 de la jornada cont\u00ednua"},"content":{"rendered":"\n<p>El <a href=\"https:\/\/bit.ly\/3qTxoZM\">Ple ordinari<\/a> de l\u2019Ajuntament de la Bisbal del Pened\u00e8s, celebrat aquest dilluns 15 de mar\u00e7, ha aprovat una moci\u00f3 per donar suport a l\u2019autonomia dels centres educatius en l\u2019elecci\u00f3 de la jornada cont\u00ednua. Segons ha explicat l\u2019alcaldessa Agn\u00e8s Ferr\u00e9 en el transcurs del Ple \u201cdiverses fam\u00edlies del municipi s\u2019han adre\u00e7at a la regidora d\u2019Ensenyament, Leo Uceda, per exposar-li informaci\u00f3 sobre la lliure elecci\u00f3 quant a la jornada escolar a Catalunya&#8221;.<\/p>\n\n\n\n<p>A trav\u00e9s de la plataforma \u201cVolem la jornada cont\u00ednua a Catalunya\u201d promouen que des de cada escola es pugui escollir l\u2019horari escolar i han preparat la moci\u00f3 que s\u2019ha elevat al Ple ordinari aquest dilluns. Tot seguit, us adjuntem el contingut de la moci\u00f3 aprovada per unanimitat pel consistori bisbalenc.<\/p>\n\n\n\n<p>\u201cFa temps que al sistema educatiu catal\u00e0 hi ha un debat sobre els horaris lectius. Diferents plataformes formades per fam\u00edlies d&#8217;alumnes, demanen que en aquelles escoles d\u2019educaci\u00f3 prim\u00e0ria on la majoria ho sol\u00b7liciti puguin aplicar un horari lectiu de 9h a 14h i, a continuaci\u00f3, menjador de 14:00h a 16:30h, ajustant-se aix\u00ed a la realitat laboral, social i de conciliaci\u00f3 per a aquelles fam\u00edlies que aix\u00ed ho requereixin o necessitin aquesta opci\u00f3.<\/p>\n\n\n\n<p>Amb aquesta proposta s&#8217;aconsegueix que el centre educatiu no hagi de tancar abans sin\u00f3 que es faci una nova distribuci\u00f3 de la jornada continuant com \u00e9s habitual, amb activitats opcionals a la tarda. D&#8217;aquesta manera s&#8217;evitaria la interrupci\u00f3 de la jornada lectiva que suposa l&#8217;horari de menjador i es reduirien a la meitat el nombre d&#8217;entrades i sortides al centre, evitant al seu torn el nombre d&#8217;aglomeracions a les portes dels centres escolars.<\/p>\n\n\n\n<p>La pand\u00e8mia de la COVID-19 ha fet que ara siguin moltes fam\u00edlies les que sol\u00b7liciten aquesta opci\u00f3 a causa de que hi ha molts m\u00e9s progenitors que opten pel teletreball o b\u00e9 pel fet que consideren que aquesta opci\u00f3 redueix les possibilitats de contagi.<\/p>\n\n\n\n<p>Acords del Ple:<\/p>\n\n\n\n<p>Manifestar el suport de l\u2019Ajuntament a qu\u00e8 cada centre educatiu pugui, en coher\u00e8ncia amb el seu projecte educatiu, optar pel model de distribuci\u00f3 de la jornada lectiva que consideri m\u00e9s adequat al mateix.<\/p>\n\n\n\n<p>Sol\u00b7licitar al Departament d\u2019Ensenyament de la Generalitat de Catalunya que estableixin els mecanismes necessaris per a la lliure elecci\u00f3.<\/p>\n\n\n\n<p>Que els centres garanteixin, cadasc\u00fa amb la seva gesti\u00f3, el servei de menjador per tot l\u2019alumnat. Que la Generalitat de Catalunya garanteixi i reforci el sistema de menjador per la vulnerabilitat social i cultural amb beques menjador, aix\u00ed com amb activitats educatives en horari no lectiu extraescolar.\u201d<\/p>\n\n\n\n<hr class=\"wp-block-separator is-style-wide\"\/>\n\n\n\n<p><strong>CASTELLANO | <\/strong>El <a href=\"https:\/\/bit.ly\/3qTxoZM\">Pleno ordinario<\/a> del Ayuntamiento de la Bisbal del Pened\u00e8s, celebrado este lunes 15 de marzo, ha aprobado una moci\u00f3n para apoyar la autonom\u00eda de los centros educativos en la elecci\u00f3n de la jornada continua. Seg\u00fan ha explicado la alcaldesa Agn\u00e8s Ferr\u00e9 en el transcurso del Pleno \u201cvarias familias del municipio se han dirigido a la concejala de Educaci\u00f3n, Leo Uceda, para exponerle informaci\u00f3n sobre la libre elecci\u00f3n en cuanto a la jornada escolar en Catalunya&#8221;.<\/p>\n\n\n\n<p>A trav\u00e9s de la plataforma \u201cVolem la jornada cont\u00ednua a Catalunya (Queremos la jornada continua en Catalunya)\u201d promueven que desde cada escuela se pueda elegir el horario escolar y han preparado la moci\u00f3n que se ha elevado al Pleno ordinario este lunes. A continuaci\u00f3n, os adjuntamos el contenido de la moci\u00f3n aprobada por unanimidad por el consistorio bisbalense.<\/p>\n\n\n\n<p>\u201cHace tiempo que en el sistema educativo catal\u00e1n hay un debate sobre los horarios lectivos. Distintas plataformas formadas por familias de alumnos, piden que en aquellas escuelas de educaci\u00f3n primaria d\u00f3nde la mayor\u00eda lo solicite puedan aplicar un horario lectivo de 9h a 14h y, a continuaci\u00f3n, comedor de 14:30h a 16:30h, ajust\u00e1ndose as\u00ed a la realidad laboral, social y de conciliaci\u00f3n para aquellas familias que as\u00ed lo requieran o necesiten esta opci\u00f3n.<\/p>\n\n\n\n<p>Con esta propuesta se consigue que el centro educativo no tenga que cerrar antes sin\u00f3 que se haga una nueva distribuci\u00f3n de la jornada continuando como es habitual, con actividades opcionales por la tarde. De esta manera, se evitar\u00eda la interrupci\u00f3n de la jornada lectiva que supone el horario de comedor y se reducir\u00edan a la mitad el n\u00famero de entradas y salidas del centro, evitando a su vez el n\u00famero de aglomeraciones en las puertas de los centros escolares.<\/p>\n\n\n\n<p>La pandemia de COVID-19 ha hecho que ahora sean muchas familias las que solicitan esta opci\u00f3n a causa de que a muchos m\u00e1s progenitores que optan por el teletrabajo bien por el hecho que consideran que esta opci\u00f3n reduce las posibilidades de contagio.<\/p>\n\n\n\n<p>Acuerdos del Pleno:<\/p>\n\n\n\n<p>Manifestar el apoyo del Ayuntamiento a que cada centro educativo pueda, en coherencia con su proyecto educativo, optar por el modelo de distribuci\u00f3n de la jornada lectiva que considere m\u00e1s adecuado al mismo.<\/p>\n\n\n\n<p>Solicitar al Departamento de Educaci\u00f3n de la Generalitat de Catalunya que establezcan los mecanismos necesarios para la libre elecci\u00f3n.<\/p>\n\n\n\n<p>Que los centros garanticen, cada uno con su gesti\u00f3n, el servicio de comedor para todo el alumnado.<\/p>\n\n\n\n<p>Que la Generalitat de Catalunya garantice y refuerce el sistema de comedor por la vulnerabilidad social y cultural con becas comedor, as\u00ed como con actividades educativas en horario no lectivo extraescolar\u201d.<\/p>\n","protected":false},"excerpt":{"rendered":"<p>El Ple ordinari de l\u2019Ajuntament de la Bisbal del Pened\u00e8s, celebrat aquest dilluns 15 de mar\u00e7, ha aprovat una moci\u00f3 per donar suport a l\u2019autonomia dels centres educatius en l\u2019elecci\u00f3 &hellip; <a href=\"https:\/\/bisbalpenedes.com\/web\/2021\/03\/17\/el-ple-ordinari-ha-aprovat-una-mocio-per-donar-suport-a-lautonomia-dels-centres-educatius-en-leleccio-de-la-jornada-continua\/\" class=\"more-link\">Read More<\/a><\/p>\n","protected":false},"author":4,"featured_media":6354,"comment_status":"closed","ping_status":"closed","sticky":false,"template":"","format":"standard","meta":[],"categories":[16,8,2250],"tags":[274,862,65,4401],"_links":{"self":[{"href":"https:\/\/bisbalpenedes.com\/web\/wp-json\/wp\/v2\/posts\/16975"}],"collection":[{"href":"https:\/\/bisbalpenedes.com\/web\/wp-json\/wp\/v2\/posts"}],"about":[{"href":"https:\/\/bisbalpenedes.com\/web\/wp-json\/wp\/v2\/types\/post"}],"author":[{"embeddable":true,"href":"https:\/\/bisbalpenedes.com\/web\/wp-json\/wp\/v2\/users\/4"}],"replies":[{"embeddable":true,"href":"https:\/\/bisbalpenedes.com\/web\/wp-json\/wp\/v2\/comments?post=16975"}],"version-history":[{"count":4,"href":"https:\/\/bisbalpenedes.com\/web\/wp-json\/wp\/v2\/posts\/16975\/revisions"}],"predecessor-version":[{"id":16980,"href":"https:\/\/bisbalpenedes.com\/web\/wp-json\/wp\/v2\/posts\/16975\/revisions\/16980"}],"wp:featuredmedia":[{"embeddable":true,"href":"https:\/\/bisbalpenedes.com\/web\/wp-json\/wp\/v2\/media\/6354"}],"wp:attachment":[{"href":"https:\/\/bisbalpenedes.com\/web\/wp-json\/wp\/v2\/media?parent=16975"}],"wp:term":[{"taxonomy":"category","embeddable":true,"href":"https:\/\/bisbalpenedes.com\/web\/wp-json\/wp\/v2\/categories?post=16975"},{"taxonomy":"post_tag","embeddable":true,"href":"https:\/\/bisbalpenedes.com\/web\/wp-json\/wp\/v2\/tags?post=16975"}],"curies":[{"name":"wp","href":"https:\/\/api.w.org\/{rel}","templated":true}]}}