{"id":16970,"date":"2021-03-16T20:31:24","date_gmt":"2021-03-16T18:31:24","guid":{"rendered":"https:\/\/bisbalpenedes.com\/web\/?p=16970"},"modified":"2021-03-16T20:32:20","modified_gmt":"2021-03-16T18:32:20","slug":"16970","status":"publish","type":"post","link":"https:\/\/bisbalpenedes.com\/web\/2021\/03\/16\/16970\/","title":{"rendered":"Ahir dilluns 15 de mar\u00e7 va tenir lloc un Ple ordinari a l&#8217;Ajuntament de La Bisbal del Pened\u00e8s"},"content":{"rendered":"\n<p>Aquest dilluns 15 de mar\u00e7 de 2021, a les 19h, ha tingut lloc el Ple ordinari de l\u2019Ajuntament de la Bisbal del Pened\u00e8s corresponent a aquest trimestre. El Ple s\u2019ha celebrat de forma presencial i a porta tancada, per poder garantir totes les mesures de prevenci\u00f3 de contagis per la COVID-19, i l\u2019enregistrament en v\u00eddeo es pot veure en aqu\u00ed:<\/p>\n\n\n\n<figure class=\"wp-block-embed is-type-video is-provider-youtube wp-block-embed-youtube wp-embed-aspect-16-9 wp-has-aspect-ratio\"><div class=\"wp-block-embed__wrapper\">\n<iframe loading=\"lazy\" title=\"Ajuntament de la Bisbal del Pened\u00e8s. Ple ordinari de 15 de mar\u00e7 de 2021\" width=\"1170\" height=\"658\" src=\"https:\/\/www.youtube.com\/embed\/omGLOF4YCtU?feature=oembed\" frameborder=\"0\" allow=\"accelerometer; autoplay; clipboard-write; encrypted-media; gyroscope; picture-in-picture\" allowfullscreen><\/iframe>\n<\/div><\/figure>\n\n\n\n<p>Hi han assistit tots els membres del Consistori.<\/p>\n\n\n\n<p>S\u2019hi han tractat els seg\u00fcents punts:<\/p>\n\n\n\n<p><strong>1.-Aprovaci\u00f3 de l\u2019acta del Ple ordinari del 21 de desembre de 2020.<\/strong><\/p>\n\n\n\n<p>S\u2019ha aprovat per unanimitat<\/p>\n\n\n\n<p><strong>2.-Aprovaci\u00f3 de l\u2019acta del Ple extraordinari del 21 de desembre de 2020.<\/strong><\/p>\n\n\n\n<p>S\u2019ha aprovat per unanimitat<\/p>\n\n\n\n<p><strong>3.-Aprovaci\u00f3 de l\u2019acta del Ple extraordinari del 25 de novembre de 2020.<\/strong><\/p>\n\n\n\n<p>S\u2019ha aprovat per unanimitat<\/p>\n\n\n\n<p><strong>4.-Renovaci\u00f3 de l\u2019enc\u00e0rrec a la Diputaci\u00f3 de Tarragona per a la gesti\u00f3 informatitzada del padr\u00f3 d\u2019habitants.<\/strong><\/p>\n\n\n\n<p>S\u2019ha aprovat per unanimitat<\/p>\n\n\n\n<p>La Diputaci\u00f3 de Tarragona, mitjan\u00e7ant el Servei d\u2019Assist\u00e8ncia Municipal, presta assist\u00e8ncia als municipis per facilitar la gesti\u00f3 de les seves compet\u00e8ncies, entre elles, la gesti\u00f3 del padr\u00f3 d\u2019habitants a trav\u00e9s d\u2019un conveni. El setembre de 2007 l\u2019Ajuntament va signar un conveni amb la Diputaci\u00f3 de Tarragona per a l\u2019enc\u00e0rrec de la gesti\u00f3 informatitzada del padr\u00f3 d\u2019habitants i, com que el novembre de 2020 la Diputaci\u00f3 de Tarragona va aprovar un nou conveni, actualitzant la normativa, s\u2019ha aprovat aquest nou conveni per a la gesti\u00f3 informatitzada del padr\u00f3 d\u2019habitants de La Bisbal del Pened\u00e8s.<\/p>\n\n\n\n<p><strong>5.-Nomenament de la regidora de Medi Ambient com a suplent de l\u2019alcaldessa com a vocal de la Mancomunitat Pened\u00e8s-Garraf<\/strong><\/p>\n\n\n\n<p>S\u2019ha aprovat<\/p>\n\n\n\n<p>Vots a favor: 10 (6 de Comprom\u00eds amb la Bisbal, 2 del PSC, 1 d\u2019Units-FIC i 1 d\u2019ERC-AM)<\/p>\n\n\n\n<p>Vots en contra: 1 (1 d\u2019Ara la Bisbal)<\/p>\n\n\n\n<p>L\u2019Ajuntament de la Bisbal del Pened\u00e8s est\u00e0 adherit a la Mancomunitat Pened\u00e8s-Garraf des de l\u2019any passat (2020). Els seus estatuts estableixen que l\u2019alcaldessa de l\u2019ajuntament mancomunat ser\u00e0 la representant del municipi a l\u2019Assemblea de la Mancomunitat i que es designar\u00e0 un o una suplent, que substituir\u00e0 el\/la titular en cas d\u2019abs\u00e8ncia o malaltia. Per aix\u00f2 s\u2019ha elevat al Ple \u2013i s\u2019ha aprovat- la designaci\u00f3 de la regidora de Medi Ambient, Leo Uceda, com a representant de l\u2019Ajuntament de La Bisbal del Pened\u00e8s a l\u2019Assemblea de la Mancomunitat Pened\u00e8s \u2013Garraf.<\/p>\n\n\n\n<p><strong>6.-Reglament de funcionament del Rebost Solidari<\/strong><\/p>\n\n\n\n<p>S\u2019ha aprovat<\/p>\n\n\n\n<p>Vots a favor: 6 (6 de Comprom\u00eds amb la Bisbal)<\/p>\n\n\n\n<p>Vots en contra: 1 (1 d\u2019Ara la Bisbal)<\/p>\n\n\n\n<p>Abstencions: 4 (2 del PSC, 1 d\u2019Units-FIC i 1 d\u2019ERC-AM)<\/p>\n\n\n\n<p>S\u2019aprova inicialment el reglament de funcionament del Rebost Solidari. El Rebost Solidari \u00e9s la denominaci\u00f3 que rep el servei i l\u2019espai en el qual es reparteixen aliments a les fam\u00edlies del municipi que estan en situaci\u00f3 de vulnerabilitat. Com que aquest no comptava amb un reglament de funcionament \u2013en l\u2019actualitat estava funcionant amb un protocol aprovat el 2018- ara s\u2019ha elevat al Ple el Reglament de funcionament en qu\u00e8 han treballat les persones que formen part de la taula social, formada per les treballadores socials del Consell Comarcal que presten servei a La Bisbal del Pened\u00e8s; la t\u00e8cnica d\u2019Ocupaci\u00f3 de l\u2019Ajuntament de La Bisbal del Pened\u00e8s, Arantzazu Longares; la regidora de Benestar Social, Paqui Cepas; i l\u2019alcaldessa del municipi, Agn\u00e8s Ferr\u00e9.<\/p>\n\n\n\n<p>L\u2019objectiu del Reglament \u00e9s regular la distribuci\u00f3 de l\u2019ajuda aliment\u00e0ria del Rebost Solidari municipal a les persones m\u00e9s necessitades empadronades al municipi, posant a la seva disposici\u00f3 de forma gratu\u00efta un m\u00ednim d\u2019aliments de primera necessitat. Aquest reglament va lligat al Servei d\u2019Ocupaci\u00f3 Municipal (SOM Bisbal) amb orientaci\u00f3 laboral i formativa a tots els usuaris, entenent que el Rebost Solidari suposa una ajuda puntual mentre les persones no troben una sortida laboral per poder tirar endavant. El servei es gestiona des de la Regidoria de Benestar Social amb el voluntariat del Rebost Solidari. Quant a les sol\u00b7licituts presentades, aquestes s\u2019evaluen a la Taula Social, per determinar els beneficiaris del servei.<\/p>\n\n\n\n<p><strong>7.-Modificaci\u00f3 de les ordenances fiscals d\u2019ensenyament<\/strong><\/p>\n\n\n\n<p>S\u2019ha aprovat<\/p>\n\n\n\n<p>Vots a favor: 10 (6 de Comprom\u00eds amb la Bisbal, 2 del PSC, 1 d\u2019Units-FIC i 1 d\u2019ERC-AM)<\/p>\n\n\n\n<p>Vots en contra: 1 (1 d\u2019Ara la Bisbal)<\/p>\n\n\n\n<p>S\u2019ha aprovat la modificaci\u00f3 de les bases de subvencions per a adaptar-les a les novetats en les subvencions dels llibres escolars i del menjador tant de l\u2019escola com de la llar d\u2019infants. L\u2019objectiu de les modificacions \u00e9s facilitar i agilitzar la tramitaci\u00f3 de les convocat\u00f2ries de subvencions existents. Properament trobareu tota la informaci\u00f3 sobre aquestes ordenances publicada al web.<\/p>\n\n\n\n<p><strong>8.-Renovaci\u00f3 del conveni amb el Servei Catal\u00e0 de Tr\u00e0nsit per a tenir les facultats de den\u00fancia i sanci\u00f3 per infraccions a normes de circulaci\u00f3 en vies urbanes del municipi<\/strong><\/p>\n\n\n\n<p>S\u2019ha aprovat<\/p>\n\n\n\n<p>Vots a favor: 6 (6 de Comprom\u00eds amb la Bisbal)<\/p>\n\n\n\n<p>Abstencions: 5 (2 del PSC, 1 d\u2019Units \u2013FIC, 1 d\u2019Ara la Bisbal i 1 d\u2019ERC-AM)<\/p>\n\n\n\n<p>El 2001 es va aprovar un conveni de col\u00b7laboraci\u00f3 amb el Servei Catal\u00e0 de Tr\u00e0nsit per tal que el cos de Mossos d\u2019Esquadra pugui denunciar i sancionar les infraccions que es donin en les vies municipals. El 2016 es va renovar i ara s\u2019ha aprovat la proposta de renovaci\u00f3 del conveni adaptant-lo a la normativa vigent.<\/p>\n\n\n\n<p>La durada del conveni \u00e9s per 4 anys i no suposa cap despesa per a l\u2019Ajuntament. Tamb\u00e9 es crea una Comissi\u00f3 de seguiment integrada per dos membres designats per cadascuna de les parts que es reunir\u00e0 a petici\u00f3 de qualsevol de les parts.<\/p>\n\n\n\n<p><strong>9.-Bases reguladores de les subvencions per patrocinis esportius<\/strong><\/p>\n\n\n\n<p>S\u2019ha aprovat<\/p>\n\n\n\n<p>Vots a favor: 10 (6 de Comprom\u00eds amb la Bisbal, 2 del PSC, 1 d\u2019Units-FIC i 1 d\u2019ERC-AM)<\/p>\n\n\n\n<p>Abstencions: 1 (1 d\u2019Ara la Bisbal)<\/p>\n\n\n\n<p>S\u2019aproven les bases que regulen els patrocinis esportius. Ara se sotmetran a exposici\u00f3 p\u00fablica i, si no es presenten al\u00b7legacions, quedaran aprovades definitivament. Aleshores es podr\u00e0 aprovar la convocat\u00f2ria de patrocinis esportius per al 2021, que compta amb una partida de pressupost de 2.000\u20ac.<\/p>\n\n\n\n<p>L\u2019objectiu de les subvencions \u00e9s donar suport a la realitzaci\u00f3 d\u2019activitats esportives, facilitant la millora del rendiment dels i les esportistes federats i federades del municipi, afavorint la seva tecnificaci\u00f3 i la seva participaci\u00f3 en les competicions esportives, aix\u00ed com la potenciaci\u00f3 de la imatge de la vila i la seva promoci\u00f3.<\/p>\n\n\n\n<p><strong>10.-Bases i convocat\u00f2ria per a la segona l\u00ednia d\u2019ajuts a fam\u00edlies afectades per la situaci\u00f3 generada per la COVID-19<\/strong><\/p>\n\n\n\n<p>S\u2019ha aprovat<\/p>\n\n\n\n<p>Vots a favor: 6 (6 de Comprom\u00eds amb la Bisbal)<\/p>\n\n\n\n<p>Vots en contra: 5 (2 del PSC, 1 d\u2019Units-FIC, 1 d\u2019Ara la Bisbal i 1 d\u2019ERC-AM)<\/p>\n\n\n\n<p>S\u2019aproven les bases i la convocat\u00f2ria de les segones subvencions per a fam\u00edlies afectades per la situaci\u00f3 generada per la COVID-19. Aquestes subvencions incorporen dues novetats destacables:<\/p>\n\n\n\n<p>-A l\u2019Ajuntament hi haur\u00e0 personal de suport per a totes les persones que presentin les sol\u00b7licituds, amb l\u2019objectiu de facilitar la tramitaci\u00f3 de les mateixes i agilitzar les resolucions.<\/p>\n\n\n\n<p>-Se simplifica la documentaci\u00f3 a presentar i el c\u00e0lcul dels requisits.<\/p>\n\n\n\n<p>Aquestes subvencions es destinaran a les persones i fam\u00edlies afectades per la situaci\u00f3 generada per la COVID-19, amb la finalitat d\u2019ajudar-les a fer front a les despeses derivades del lloguer o de la hipoteca de l\u2019habitatge habitual, dels subministraments b\u00e0sics (llum i aigua) i de l\u2019adquisici\u00f3 de productes d\u2019alimentaci\u00f3 i farm\u00e0cia.<\/p>\n\n\n\n<p>La quantia d\u2019aquestes subvencions ser\u00e0 de 200\u20ac per cada mes de compliment dels requisits (de maig a setembre de 2020) i es concedir\u00e0 una \u00fanica subvenci\u00f3 per fam\u00edlia. El termini per presentar sol\u00b7licituds ser\u00e0 de 20 dies des de l\u2019endem\u00e0 que es publiqui l\u2019extracte de la convocat\u00f2ria al Butllet\u00ed Oficial de la Prov\u00edncia de Tarragona (BOPT).<\/p>\n\n\n\n<p><strong>11.-Bases i convocat\u00f2ria per a la segona l\u00ednia d\u2019ajuts a persones aut\u00f2nomes i petites empreses afectades per la situaci\u00f3 generada per la COVID-19.<\/strong><\/p>\n\n\n\n<p>S\u2019ha aprovat<\/p>\n\n\n\n<p>Vots a favor: 6 (6 de Comprom\u00eds amb la Bisbal)<\/p>\n\n\n\n<p>Vots en contra: 5 (2 del PSC, 1 d\u2019Units-FIC, 1 d\u2019Ara la Bisbal i 1 d\u2019ERC-AM)<\/p>\n\n\n\n<p>S\u2019aproven les bases i la convocat\u00f2ria de les segones subvencions per a aut\u00f2noms i empreses, afectades per la situaci\u00f3 generada per la COVID-19. Aquestes subvencions incorporen dues novetats destacables:<\/p>\n\n\n\n<p>-A l\u2019Ajuntament hi haur\u00e0 personal de suport per a totes les persones que presentin les sol\u00b7licituds, amb l\u2019objectiu de facilitar la tramitaci\u00f3 de les mateixes i agilitzar les resolucions.<\/p>\n\n\n\n<p>-Se simplifica la documentaci\u00f3 a presentar i el c\u00e0lcul dels requisits.<\/p>\n\n\n\n<p>Aquestes subvencions es destinaran a persones treballadores i aut\u00f2nomes i a petites empreses de fins a 10 treballadors\/es del municipi que s\u2019hagin vist afectades per la crisi sanit\u00e0ria ocasionada per la COVID-19 que hagin registrat una reducci\u00f3 en la facturaci\u00f3 anual de 2020, en comparaci\u00f3 amb la de 2019, del 20% o superior, a conseq\u00fc\u00e8ncia de la crisi sanit\u00e0ria ocasionada per la COVID-19. L\u2019Ajuntament de la Bisbal del Pened\u00e8s destinar\u00e0 20.000\u20ac a aquestes subvencions i les quanties d\u2019aquestes subvencions aniran dels 900\u20ac als 1800\u20ac, en funci\u00f3 de cada cas. El termini per presentar sol\u00b7licituds ser\u00e0 de 20 dies des de l\u2019endem\u00e0 que es publiqui la convocat\u00f2ria al Butllet\u00ed Oficial de la Prov\u00edncia de Tarragona.<\/p>\n\n\n\n<p><strong>12.-Modificaci\u00f3 de la plantilla del personal per al 2021.<\/strong><\/p>\n\n\n\n<p>S\u2019ha aprovat<\/p>\n\n\n\n<p>Vots a favor: 6 (6 de Comprom\u00eds amb la Bisbal)<\/p>\n\n\n\n<p>Vots en contra: 5 (2 del PSC, 1 d\u2019Units-FIC, 1 d\u2019Ara la Bisbal i 1 d\u2019ERC-AM).<\/p>\n\n\n\n<p>Al Ple extraordinari celebrat el 4 de desembre de 2020 es va aprovar el Pressupost Municipal de l\u2019exercici 2021.<\/p>\n\n\n\n<p>Aquest any 2021 es convocaran places noves i tamb\u00e9 s\u2019aprovar\u00e0 l\u2019oferta p\u00fablica d\u2019ocupaci\u00f3, tal com es va acordar en la taula de negociaci\u00f3 celebrada el 19 de febrer de 2021.<\/p>\n\n\n\n<p>La plantilla que s\u2019ha aprovat al Ple ordinari d\u2019aquest dilluns modifica l\u2019aprovada al desembre. Compta amb el mateix nombre de places (41) repartides entre les que estan ocupades i les que es volen convocar de noves, ja que actualment no les ocupa ning\u00fa. La difer\u00e8ncia entre una plantilla i l\u2019altra \u00e9s la distribuci\u00f3 i classificaci\u00f3 segons la Relaci\u00f3 de Llocs de Treball (RLT) i la normativa.<\/p>\n\n\n\n<p>La plantilla aprovada al desembre \u00e9s la seg\u00fcent:<\/p>\n\n\n\n<p>3 places de funcionaris\/es d\u2019administraci\u00f3 local amb habilitaci\u00f3 de car\u00e0cter nacional (secretaria, intervenci\u00f3, tresoreria)<\/p>\n\n\n\n<p>7 places d\u2019administraci\u00f3 general: 1 cap de personal, 4 places administratiu\/va C1 i 2 places administratiu\/va C2.<\/p>\n\n\n\n<p>3 places de t\u00e8cnics\/ques d\u2019administraci\u00f3 especial: 1 enginyer\/a i 2 arquitectes.<\/p>\n\n\n\n<p>6 places de personal laboral fix: 1 director\/a escola bressol, 3 t\u00e8cnics\/ques escola bressol, 1 uixer i 1 operari\/a de manteniment.<\/p>\n\n\n\n<p>23 places de personal laboral temporal: 1 t\u00e8cnic\/a d\u2019ocupaci\u00f3 i joventut, 1 t\u00e8cnic\/a d\u2019arxiu i biblioteca, 3 auxiliars administratius C2, 6 d\u2019operaris\/es, 4 informadors\/es, 7 netejadors\/es, 1 uixer escola.<\/p>\n\n\n\n<p>La plantilla que s\u2019ha aprovat al Ple ordinari d\u2019aquest dilluns 15 de mar\u00e7 \u00e9s la seg\u00fcent:<\/p>\n\n\n\n<p>3 places de funcionaris d\u2019administraci\u00f3 local amb habilitaci\u00f3 de car\u00e0cter nacional (secretaria, intervenci\u00f3, tresoreria).<\/p>\n\n\n\n<p>14 places d\u2019administraci\u00f3 general: 4 places administratiu\/va C1, 5 places administratiu\/va C2, 2 places arquitecte\/a, 1 informador\/a, 1 notificador\/a i 1 inspector\/a.<\/p>\n\n\n\n<p>2 places de t\u00e8cnics d\u2019administraci\u00f3 especial: 1 enginyer\/a i 1 t\u00e8cnic\/a.<\/p>\n\n\n\n<p>22 treballadors de personal laboral: 7 netejadors\/es, 7 operaris\/es brigada, 1 cust\u00f2dia d\u2019edificis, 3 t\u00e8cnics\/ques de la Llar d\u2019infants, 1 t\u00e8cnic\/a d\u2019Ocupaci\u00f3 i Joventut, 1 director\/a Llar d\u2019infants i 1 t\u00e8cnic\/a arxiu i Biblioteca.<\/p>\n\n\n\n<p>El ple ha aprovat:<\/p>\n\n\n\n<p>PRIMER. Aprovar inicialment la modificaci\u00f3 de la plantilla de personal municipal que t\u00e9 per objecte la supressi\u00f3 i creaci\u00f3 de les seg\u00fcents places:<\/p>\n\n\n\n<p>3 auxiliars administratius-laborals es canvia per 3 places d\u2019auxiliars administratius C-2 mitjan\u00e7ant concurs-oposici\u00f3, com s\u2019estableix a la RLT.<\/p>\n\n\n\n<p>4 agents d\u2019informaci\u00f3-inspecci\u00f3 es canvia per 4 places segons la RLT (inspector, informador de carrer, notificador i cust\u00f2dia d\u2019edificis esportius i culturals)<\/p>\n\n\n\n<p>1 uixer d\u2019escola es dona de baixa perqu\u00e8 estava duplicat a la plantilla, on hi constaven 2.<\/p>\n\n\n\n<p>SEGON. Sotmetre el present acord a informaci\u00f3 p\u00fablica durant quinze dies, mitjan\u00e7ant anunci al BOPT. En cas que no es presentin al\u00b7legacions, s\u2019entendr\u00e0 per aprovada definitivament.<\/p>\n\n\n\n<p><strong>13.-Modificaci\u00f3 de la dedicaci\u00f3 i retribuci\u00f3 de la regidora de Benestar Social, Habitatge, Gent Gran i Atenci\u00f3 a la Ciutadania.<\/strong><\/p>\n\n\n\n<p>S\u2019ha aprovat<\/p>\n\n\n\n<p>Vots a favor: 6 (6 de Comprom\u00eds amb la Bisbal)<\/p>\n\n\n\n<p>Vots en contra: 5 (2 del PSC, 1 d\u2019Units-FIC, 1 d\u2019Ara la Bisbal i 1 d\u2019ERC-AM)<\/p>\n\n\n\n<p>La Regidora de Benestar Social, Habitatge, Gent Gran i Atenci\u00f3 a la Ciutadania, Paqui Cepas, va prendre possessi\u00f3 d\u2019aquest c\u00e0rrec el 15 de juny de 2019. \u00c9s perruquera de professi\u00f3 i va compaginar la feina de perruqueria treballant en el seu ofici un 57,5% i va destinar el 42,5% restant a l\u2019Ajuntament, amb una retribuci\u00f3 bruta anual de 10.000\u20ac.<\/p>\n\n\n\n<p>El Ple ha aprovat que, a partir del 16 de mar\u00e7, la regidora passi a tenir una dedicaci\u00f3 del 85% a l\u2019Ajuntament de La Bisbal del Pened\u00e8s i un sou anual brut de 20.000\u20ac (que per al 2021 ascendeix a 15.833,33\u20ac). A partir d\u2019aquesta data deixa de treballar a la perruqueria per dedicar-se \u00edntegrament a les seves regidories.<\/p>\n\n\n\n<p>Al Ple, l\u2019equip de govern ha explicat que \u201catesa la complexitat d\u2019aquest Ajuntament i les m\u00faltiples actuacions en l\u2019\u00e0rea de serveis a les persones i promoci\u00f3 social, aix\u00ed com els projectes que es preveuen desenvolupar, \u00e9s necessari incrementar el percentatge de dedicaci\u00f3 de la regidora Paqui Cepas\u201d.<\/p>\n\n\n\n<p><strong>14.-Text ref\u00f3s de les ordenances fiscals del 2021.<\/strong><\/p>\n\n\n\n<p><br>S\u2019ha aprovat<\/p>\n\n\n\n<p>Vots a favor: 10 (6 de Comprom\u00eds amb la Bisbal, 2 del PSC, 1 d\u2019Units-FIC i 1 d\u2019ERC-AM)<\/p>\n\n\n\n<p>Abstencions: 1 (1 d\u2019Ara la Bisbal)<\/p>\n\n\n\n<p>S\u2019aprova el Text Ref\u00f3s de les ordenances fiscals reguladores de l\u2019Ajuntament de La Bisbal del Pened\u00e8s del 2021 i ordenar la seva publicaci\u00f3 a la p\u00e0gina web municipal <a href=\"http:\/\/www.bisbalpenedes.com\">www.bisbalpenedes.com<\/a><\/p>\n\n\n\n<p>L\u2019any 2020 es va aprovar la modificaci\u00f3 de les ordenances fiscals de l\u2019Impost de Construccions, instal\u00b7lacions i obres (ICIO) i de l\u2019Impost sobre B\u00e9ns Immobles (IBI) que:<\/p>\n\n\n\n<p>-Derogava la taxa de l\u2019ICIO en moviments de terres i instal\u00b7laci\u00f3 de plaques fotovoltaiques.<\/p>\n\n\n\n<p>-Aprovava la bonificaci\u00f3 del 50% de l\u2019ICIO per a la instal\u00b7laci\u00f3 de plaques fotovoltaiques.<\/p>\n\n\n\n<p>-Aprovava la bonificaci\u00f3 del 50% en l\u2019IBI, durant tres anys, per a la instal\u00b7laci\u00f3 de plaques fotovoltaiques.<\/p>\n\n\n\n<p>Ara s\u2019ha aprovat el text ref\u00f3s que recull totes les ordenances fiscals vigents per aquest any.<\/p>\n\n\n\n<p><strong>15.-Moci\u00f3 per donar suport a l\u2019autonomia dels centres educatius en l\u2019elecci\u00f3 de la jornada cont\u00ednua.<\/strong><\/p>\n\n\n\n<p>S\u2019ha aprovat per unanimitat<\/p>\n\n\n\n<p>Diverses fam\u00edlies del municipi s\u2019han adre\u00e7at a la regidora d\u2019Ensenyament, Leo Uceda, per fer-li arribar opinions i informaci\u00f3 sobre la lliure elecci\u00f3 de la jornada escolar a Catalunya. A trav\u00e9s de la plataforma \u201cVolem la jornada cont\u00ednua a Catalunya\u201d, es promou que des de cada escola es pugui escollir l\u2019horari escolar. En les reunions mantingudes han preparat una moci\u00f3 perqu\u00e8, des d\u2019alcaldia, es presenti al Ple ordinari del 15 de mar\u00e7 per a la seva aprovaci\u00f3.<\/p>\n\n\n\n<p>Al Ple, s\u2019han pres i aprovat els seg\u00fcents acords:<\/p>\n\n\n\n<p>Manifestar el suport de l\u2019Ajuntament a qu\u00e8 cada centre educatiu pugui, en coher\u00e8ncia amb el seu projecte educatiu, optar pel model de distribuci\u00f3 de la jornada lectiva que consideri m\u00e9s adequat al mateix.<\/p>\n\n\n\n<p>Sol\u00b7licitar al Departament d\u2019Ensenyament de la Generalitat de Catalunya que estableixi els mecanismes necessaris per a la lliure elecci\u00f3.<\/p>\n\n\n\n<p>Que els centres garanteixin, cadasc\u00fa amb la seva gesti\u00f3, el servei de menjador per tot l\u2019alumnat.<\/p>\n\n\n\n<p>Que la Generalitat de Catalunya garanteixi i reforci el sistema de menjador per la vulnerabilitat social i cultural amb beques menjador, aix\u00ed com amb activitats educatives en horari no lectiu extraescolar\u201d.<\/p>\n\n\n\n<p><strong>16.-Donar compte dels Decrets d\u2019alcaldia.<\/strong><\/p>\n\n\n\n<p>Es dona compte dels Decrets d\u2019alcaldia que s\u2019han dictat des de la darrera sessi\u00f3 plen\u00e0ria. Tots els regidors tenen acc\u00e9s als decrets des del moment en qu\u00e8 se signen.<\/p>\n\n\n\n<p><strong>17.-Moci\u00f3 presentada pel Grup municipal de Comprom\u00eds amb la Bisbal de suport als encausats i encausades per les manifestacions a la Jonquera.<\/strong><\/p>\n\n\n\n<p>S\u2019ha aprovat<\/p>\n\n\n\n<p>Vots a favor: 8 (6 de Comprom\u00eds amb la Bisbal, 1 d\u2019Units-FIC i 1 d\u2019ERC-AM)<\/p>\n\n\n\n<p>Vots en contra: 3 (2 del PSC i 1 d\u2019Ara la Bisbal)<\/p>\n\n\n\n<p>Els acords aprovats s\u00f3n els seg\u00fcents:<\/p>\n\n\n\n<p>\u201c-Exigir als \u00f2rgans judicials que arxivin la causa judicial contra els manifestants de la Jonquera del novembre de 2019.<\/p>\n\n\n\n<p>-Exigir a l\u2019Estat espanyol una Llei d\u2019Amnistia per a totes les persones preses i represaliades, aix\u00ed com el tancament de tots els processos oberts a causa general contra l\u2019independentisme.<\/p>\n\n\n\n<p>-Mostrar tot el suport a les persones que estan sent jutjades per manifestar-se el novembre de 2019 a la Jonquera, especialment aquells penedesencs i penedesenques que es troben en aquesta situaci\u00f3 injusta.<\/p>\n\n\n\n<p>Mostrar el rebuig com a Ajuntament a la persecuci\u00f3 judicial arbitr\u00e0ria dels moviments socials i c\u00edvics\u201d.<\/p>\n\n\n\n<p><strong>18.-Moci\u00f3 presentada pel Grup Municipal de Comprom\u00eds amb la Bisbal de suport a l\u2019Amnistia.<\/strong><\/p>\n\n\n\n<p>S\u2019ha aprovat<\/p>\n\n\n\n<p>Vots a favor: 8 (6 de Comprom\u00eds amb la Bisbal, 1 d\u2019Units-FIC i 1 d\u2019ERC-AM)<\/p>\n\n\n\n<p>Vots en contra: 3 (2 del PSC i 1 d\u2019Ara la Bisbal)<\/p>\n\n\n\n<p>S\u2019ha aprovat la moci\u00f3 presentada pel grup municipal de Comprom\u00eds amb la Bisbal de suport a l\u2019amnistia.<\/p>\n\n\n\n<p>Els acords&nbsp; aprovats s\u00f3n els seg\u00fcents:<\/p>\n\n\n\n<p>\u201c-Declarar que el lliure exercici dels drets pol\u00edtics no pot tenir com a resposta la via de la just\u00edcia penal. La llibertat d&#8217;expressi\u00f3, de reuni\u00f3 i manifestaci\u00f3, de participaci\u00f3 pol\u00edtica per mitj\u00e0 de l&#8217;elecci\u00f3 de representants o per l&#8217;expressi\u00f3 directa d&#8217;una decisi\u00f3, constitueixen mecanismes b\u00e0sics i essencials d&#8217;una societat democr\u00e0tica.<\/p>\n\n\n\n<p>-Reclamar l&#8217;aprovaci\u00f3 per part de les Corts espanyoles d&#8217;una Llei d&#8217;Amnistia que comporti l&#8217;extinci\u00f3 de qualsevol tipus de responsabilitat penal i administrativa per tots els actes i expressi\u00f3 d\u2019unes idees, sentiments o s\u00edmbols amb intencionalitat pol\u00edtica vinculats a la lluita democr\u00e0tica per l&#8217;autodeterminaci\u00f3 de Catalunya. Per a la seva plena efectivitat, aquesta amnistia haur\u00e0 d&#8217;anar acompanyada d&#8217;una soluci\u00f3 efectiva al conflicte pol\u00edtic amb l&#8217;Estat espanyol que inclogui el reconeixement del dret d&#8217;autodeterminaci\u00f3 de Catalunya.<\/p>\n\n\n\n<p>-Demanar la immediata posada en llibertat de les preses i presos pol\u00edtics, aix\u00ed com que es reparin els danys causats a les persones represaliades, a les seves fam\u00edlies i als col\u00b7lectius dels quals formen part, i s\u2019hauran de preveure mesures amb relaci\u00f3 amb tots els responsables de la repressi\u00f3 de drets fonamentals\u201d.<\/p>\n\n\n\n<p><strong>19.-Moci\u00f3 presentada pel Grup Municipal de Comprom\u00eds amb la Bisbal de suport a Pablo Has\u00e9l.<\/strong><\/p>\n\n\n\n<p>S\u2019ha aprovat<\/p>\n\n\n\n<p>Vots a favor: 7 (6 de Comprom\u00eds amb la Bisbal i 1 d\u2019ERC-AM)<\/p>\n\n\n\n<p>Vots en contra: 3 (2 del PSC i 1 d\u2019Ara la Bisbal)<\/p>\n\n\n\n<p>Abstencions: 1 (1 d\u2019Units-FIC)<\/p>\n\n\n\n<p>S\u2019ha aprovat la moci\u00f3 presentada pel grup municipal de Comprom\u00eds amb la Bisbal de suport a Pablo Has\u00e9l. Els acords aprovats s\u00f3n els seg\u00fcents:<\/p>\n\n\n\n<p>\u201c1.Denunciar les sent\u00e8ncies pol\u00edtiques dels tribunals espanyols que posen en dubte les garanties de tot el sistema judicial i la separaci\u00f3 de poders.<\/p>\n\n\n\n<p>2.Reiterar el comprom\u00eds del m\u00f3n local catal\u00e0 amb la llibertat d\u2019opini\u00f3 i d\u2019expressi\u00f3 i en la defensa dels drets fonamentals de tota la ciutadania .<\/p>\n\n\n\n<p>3.Condemnar la pena imposada al cantant Pablo Has\u00e9l per l\u2019expressi\u00f3 del seu pensament a trav\u00e9s de les seves can\u00e7ons i les seves piulades i fer-li arribar tot el nostre suport.<\/p>\n\n\n\n<p>4.Promoure una modificaci\u00f3 del Codi Penal on es despenalitzin aquest tipus de delictes i on es protegeixi la llibertat d\u2019expressi\u00f3 en lloc de sancionar-la.<\/p>\n\n\n\n<p>5.Comunicar aquest acord al govern espanyol, al Congr\u00e9s i a l\u2019Associaci\u00f3 de Municipis per la Independ\u00e8ncia\u201d.<\/p>\n\n\n\n<p><strong>20.-Es dona compte de l\u2019informe d\u2019intervenci\u00f3 de l\u2019execuci\u00f3 trimestral del pressupost del 4t trimestre de 2020.<\/strong><\/p>\n\n\n\n<p>L\u2019Ajuntament va enviar aquest informe al Ministeri d\u2019Hisenda i Administracions p\u00fabliques el 28 de gener de 2021, donant compliment aix\u00ed a la Llei d\u2019estabilitat pressupost\u00e0ria i sostenibilitat financera.<\/p>\n\n\n\n<p><strong>21.-Es dona compte de les Juntes de Govern local<\/strong><\/p>\n\n\n\n<p>S\u2019ha donat compte de les actes de les Juntes de Govern Local dels mesos de desembre de 2020 i gener i febrer de 2021.<\/p>\n\n\n\n<p><strong>22.-Es dona compte de la liquidaci\u00f3 del pressupost 2020<\/strong><\/p>\n\n\n\n<p>S\u2019ha donat compte del Decret d\u2019alcaldia del 3 de mar\u00e7 de 2021 d\u2019aprovaci\u00f3 de la liquidaci\u00f3 del pressupost de l\u2019exercici 2020. Val a dir que, tenint en compte la situaci\u00f3 generada per la pand\u00e8mia de COVID-19, i seguint les recomanacions de la Comissi\u00f3 Europea, el Consell de Ministres va aprovar la suspensi\u00f3 de la Regla de la Despesa durant els anys 2020 i 2021.<\/p>\n\n\n\n<p>L\u2019Ajuntament de La Bisbal del Pened\u00e8s compleix amb la regla de la despesa durant els anys 2020 i 2021.<\/p>\n\n\n\n<p>Estabilitat pressupost\u00e0ria:<strong> <\/strong>la capacitat de finan\u00e7ament \u00e9s de 879.668,05\u20ac.<\/p>\n\n\n\n<p>Sostenibilitat Financera i deute p\u00fablic: la r\u00e0tio d\u2019endeutament \u00e9s d\u2019un 18,65% (el m\u00e0xim est\u00e0 fixat en un 110%).<\/p>\n\n\n\n<p><strong>23.-Es dona compte de la incorporaci\u00f3 del romanent de cr\u00e8dit de 2020<\/strong><\/p>\n\n\n\n<p>S\u2019ha donat compte del Decret del 5 de mar\u00e7 de 2021 per a la modificaci\u00f3 de cr\u00e8dit 1ALC\/2021 en la modalitat d\u2019incorporaci\u00f3 de romanents de cr\u00e8dit.<\/p>\n\n\n\n<p>Aquesta modificaci\u00f3 \u00e9s per a despeses de l\u2019any 2021 procedents de serveis o contractacions del 2020 per un import d\u20191.814.137,96\u20ac. Entre aquests serveis i contractacions s\u2019hi troben el servei de bus urb\u00e0, part de les subvencions i convenis aprovats el 2020 (i de les\/els quals es va rebre la corresponent justificaci\u00f3 al gener), l\u2019enllumenat de Nadal, l\u2019enderroc de la Masia de La Miralba i de la fassina, les obres de rehabilitaci\u00f3 de la 1\u00aa fase del Poliesportiu municipal (1.256.563,61\u20ac), les c\u00e0meres lectores de matr\u00edcules, mobiliari i maquin\u00e0ria per als locals socials i les cases dels mestres, etc.<\/p>\n\n\n\n<p>El finan\u00e7ament d\u2019aquestes despeses prov\u00e9 del romanent de tresoreria en 1.663.385,96\u20ac i de la subvenci\u00f3 del PAM 2018 per al Poliesportiu Municipal en 150.752\u20ac.<\/p>\n\n\n\n<p><strong>24.-Es dona compte del pla pressupostari a mig termini 2022\/24<\/strong><\/p>\n\n\n\n<p>S\u2019ha donat compte del pla pressupostari a mig termini 2022\/24, donant compliment a la Llei org\u00e0nica d\u2019estabilitat pressupost\u00e0ria i sostenibilitat financera.<\/p>\n\n\n\n<p>El pressupost de 2021 compta amb una previsi\u00f3 de despeses de 4.592.408,54\u20ac.<\/p>\n\n\n\n<p>La previsi\u00f3 de despeses per als propers anys \u00e9s la seg\u00fcent:<\/p>\n\n\n\n<p>Any 2022: 5.192.955\u20ac<\/p>\n\n\n\n<p>Any 2023: 4.427.955\u20ac<\/p>\n\n\n\n<p>Any 2024: 4.369.493\u20ac<\/p>\n\n\n\n<p>El pressupost de 2021 compta amb una previsi\u00f3 d\u2019ingressos per 4.592.408,45\u20ac.<\/p>\n\n\n\n<p>La previsi\u00f3 d\u2019ingressos per als propers anys \u00e9s la seg\u00fcent:<\/p>\n\n\n\n<p>Any 2022: 5.305.364\u20ac<\/p>\n\n\n\n<p>Any 2023: 4.539.016\u20ac<\/p>\n\n\n\n<p>Any 2024: 4.683.615\u20ac<\/p>\n\n\n\n<p><strong>25.-Es dona compte del pla de disposici\u00f3 de fons per al 2021<\/strong><\/p>\n\n\n\n<p>S\u2019ha donat compte del Decret del 10 de mar\u00e7 de l\u2019aprovaci\u00f3 del Pla de Disposici\u00f3 de fons, un instrument necessari per a la gesti\u00f3 de la tresoreria que constitueix una eina efica\u00e7 per regular la liquiditat del sistema financer local amb l\u2019objectiu d\u2019aconseguir l\u2019adequada distribuci\u00f3 temporal dels pagaments, acomodant-los a les disponibilitats d\u2019efectiu previstes en la tresoreria municipal, permetre una correcta estimaci\u00f3 de les necessitats d\u2019endeutament i optimitzar els recursos disponibles. Aquest Pla, que estableix la modalitat en qu\u00e8 es far\u00e0 el pagament, tindr\u00e0 vig\u00e8ncia durant el 2021 i els exercicis seg\u00fcents, sempre que no s\u2019aprovi un nou Pla. Aquest tamb\u00e9 podr\u00e0 ser revisat durant l\u2019exercici.<\/p>\n\n\n\n<p><strong>26.-Es dona compte del per\u00edode mig de pagament del 4t trimestre del 2020.<\/strong><\/p>\n\n\n\n<p>El per\u00edode mitj\u00e0 de pagament a prove\u00efdors del 4t trimestre de 2020 \u00e9s de 16,07 dies. El m\u00e0xim establert \u00e9s de 30 dies i, per tant, es compleix amb el legalment previst. Aquest indicador \u00e9s una mesura de lluita contra la morositat en les operacions comercials. L\u2019Ajuntament de La Bisbal del Pened\u00e8s ha complert tamb\u00e9 amb l\u2019obligaci\u00f3 de presentar aquesta informaci\u00f3 al Ministeri d\u2019Hisenda i Administracions P\u00fabliques, ja que es va presentar aquesta informaci\u00f3 el passat 14 de gener.<\/p>\n\n\n\n<p><strong>27.-Es dona compte del pla de tresoreria 2021.<\/strong><\/p>\n\n\n\n<p>S\u2019ha donat compte del Decret del 10 de mar\u00e7 de l\u2019aprovaci\u00f3 del Pla de tresoreria per al 2021, que serveix de refer\u00e8ncia a l\u2019hora d\u2019executar el pressupost de l\u2019Ajuntament de la Bisbal del Pened\u00e8s per a l\u2019exercici 2021, garantint la liquiditat suficient per fer front a les obligacions de pagament i optimitzar els recursos financers.<\/p>\n\n\n\n<p><strong>28.-Informaci\u00f3 d\u2019alcaldia.<\/strong><\/p>\n\n\n\n<p>L\u2019alcaldessa explica als membres del Consistori que s\u2019estan ultimant els detalls perqu\u00e8 el bus urb\u00e0 comuniqui totes les urbanitzacions del municipi amb l\u2019Hospital del Vendrell i amb l\u2019estaci\u00f3 d\u2019autobusos de la capital del Baix Pened\u00e8s. Fins ara, els ve\u00efns havien d\u2019anar fins al nucli urb\u00e0 i el bus comarcal els portava a l\u2019Hospital. Aviat ser\u00e0 possible anar a l\u2019Hospital del Vendrell i al centre de la vila del Vendrell (avda. Jaume Carner) del Vendrell sense haver d\u2019anar primer a la parada del nucli de la Bisbal del Pened\u00e8s. Hi haur\u00e0 diversos serveis al Vendrell cada mat\u00ed de dilluns a divendres: tres d\u2019anada i dos de tornada.<\/p>\n\n\n\n<p>Ferr\u00e9 ha explicat que l\u2019equip de govern ha sol\u00b7licitat a la Direcci\u00f3 del Servei de Transports de la Generalitat de Catalunya, aquest mes de febrer, ampliar el conveni del bus comarcal per incloure-hi el bus urb\u00e0. Est\u00e0 previst que sigui la mateixa empresa que fa el servei comarcal la que faci el servei urb\u00e0. Una vegada s\u2019hagi signat el conveni, us informarem dels horaris del servei.<\/p>\n\n\n\n<p>A banda dels trajectes al Vendrell, el servei de bus urb\u00e0 tamb\u00e9 incorporar\u00e0 una nova parada a l\u2019Ortig\u00f3s i tornar\u00e0 al servei amb horaris, suprimint el servei a demanda.<\/p>\n\n\n\n<p><strong>29.-Torn de precs i preguntes.<\/strong><\/p>\n\n\n\n<hr class=\"wp-block-separator is-style-wide\"\/>\n\n\n\n<p>Este lunes 15 de marzo de 2021, a las 19h, ha tenido lugar el Pleno ordinario del Ayuntamiento de la Bisbal del Pened\u00e8s correspondiente a este trimestre. El Pleno se ha celebrado de forma presencial y a puerta cerrada, para poder garantizar todas las medidas de prevenci\u00f3n de contagios por la COVID-19, y la grabaci\u00f3n en v\u00eddeo se puede ver aqu\u00ed:<\/p>\n\n\n\n<figure class=\"wp-block-embed is-type-video is-provider-youtube wp-block-embed-youtube wp-embed-aspect-16-9 wp-has-aspect-ratio\"><div class=\"wp-block-embed__wrapper\">\n<iframe loading=\"lazy\" title=\"Ajuntament de la Bisbal del Pened\u00e8s. Ple ordinari de 15 de mar\u00e7 de 2021\" width=\"1170\" height=\"658\" src=\"https:\/\/www.youtube.com\/embed\/omGLOF4YCtU?feature=oembed\" frameborder=\"0\" allow=\"accelerometer; autoplay; clipboard-write; encrypted-media; gyroscope; picture-in-picture\" allowfullscreen><\/iframe>\n<\/div><\/figure>\n\n\n\n<p>Han asistido todos los miembros del consistorio.<\/p>\n\n\n\n<p>Se han tratado los puntos siguientes:<\/p>\n\n\n\n<p><strong>1.-Aprobaci\u00f3n del acta del Pleno ordinario del 21 de diciembre de 2020.<\/strong><\/p>\n\n\n\n<p>Se ha aprobado por unanimidad.<\/p>\n\n\n\n<p><strong>2.-Aprobaci\u00f3n del acta del Pleno extraordinario del 21 de diciembre de 2020.<\/strong><\/p>\n\n\n\n<p>Se ha aprobado por unanimidad.<\/p>\n\n\n\n<p><strong>3.-Aprobaci\u00f3n del acta del Pleno extraordinario del 25 de noviembre de 2020.<\/strong><\/p>\n\n\n\n<p>Se ha aprobado por unanimidad.<\/p>\n\n\n\n<p><strong>4.-Renovaci\u00f3n del encargo de la Diputaci\u00f3n de Tarragona para la gesti\u00f3n informatizada del padr\u00f3n de habitantes.<\/strong><\/p>\n\n\n\n<p>Se ha aprobado por unanimidad.<\/p>\n\n\n\n<p>La Diputaci\u00f3n de Tarragona, mediante el Servicio de Asistencia Municipal, presta asistencia a los municipios para facilitar la gesti\u00f3n de sus competencias, entre ellas, la gesti\u00f3n del padr\u00f3n de habitantes a trav\u00e9s de un convenio. En septiembre de 2007 el Ayuntamiento firm\u00f3 un convenio con la Diputaci\u00f3n de Tarragona por el encargo de la gesti\u00f3n informatizada del padr\u00f3n de habitantes y, como que en noviembre de 2020 la Diputaci\u00f3n de Tarragona aprob\u00f3 un nuevo convenio, actualizando la normativa, se ha aprobado este nuevo convenio para la gesti\u00f3n informatizada del padr\u00f3n de habitantes de La Bisbal del Pened\u00e8s.<\/p>\n\n\n\n<p><strong>5.-Nombramiento de la concejala de Medio Ambiente como suplente de la alcaldesa como vocal de la Mancomunidad Pened\u00e8s-Garraf.<\/strong><\/p>\n\n\n\n<p>Se ha aprobado.<\/p>\n\n\n\n<p>Votos a favor: 10 (6 de Comprom\u00eds amb la Bisbal, 2 del PSC, 1 de Units-FIC y 1 de ERC-AM)<\/p>\n\n\n\n<p>Votos en contra: 1 de Ara la Bisbal<\/p>\n\n\n\n<p>El Ayuntamiento de la Bisbal del Pened\u00e8s est\u00e1 adherido a la Mancomunidad Pened\u00e8s-Garraf desde el a\u00f1o pasado (2020). Sus estatutos establecen que la alcaldesa del ayuntamiento mancomunado ser\u00e1 la representante del municipio en la Asamblea de la Mancomunidad y que se designar\u00e1 un o una suplente, que sustituir\u00e1 el\/la titular en caso de ausencia o enfermedad. Por eso se ha elevado al Pleno \u2013y se ha aprobado- la designaci\u00f3n de la concejala de Medio Ambiente, Leo Uceda, como representante del Ayuntamiento de La Bisbal del Pened\u00e8s en la Asamblea de la Mancomunitat Pened\u00e8s-Garraf.<\/p>\n\n\n\n<p><strong>6.-Reglamento de funcionamiento del Rebost Solidari.<\/strong><\/p>\n\n\n\n<p>Se ha aprobado<\/p>\n\n\n\n<p>Votos a favor: 6 (6 de Comprom\u00eds amb la Bisbal)<\/p>\n\n\n\n<p>Votos en contra: 1 (1 de Ara la Bisbal)<\/p>\n\n\n\n<p>Abstenciones: 4 (2 del PSC, 1 de Units-FIC y 1 de ERC-AM)<\/p>\n\n\n\n<p>Se aprueba inicialmente el reglamento de funcionamiento del Rebost Solidari. El Rebost Solidari es la denominaci\u00f3n que recibe el servicio y el espacio en el que es reparten alimentos a las familias del municipio que est\u00e1n en situaci\u00f3n de vulnerabilidad. Como este no contaba con un reglamento de funcionamiento \u2013en la actualidad estaba funcionando con un protocolo aprobado en el 2018- ahora se ha elevado al Pleno el Reglamento de funcionamiento en el que han trabajado las personas que forman parte de la mesa social, formada por las trabajadoras sociales del Consell Comarcal que prestan servicio en La Bisbal del Pened\u00e8s; la t\u00e9cnica de Ocupaci\u00f3n del Ayuntamiento de La Bisbal del Pened\u00e8s, Arantzazu Longares; la concejala de Bienestar Social, Paqui Cepas; y la alcaldesa del municipio, Agn\u00e8s Ferr\u00e9.<\/p>\n\n\n\n<p>El objetivo del Reglamento es regular la distribuci\u00f3n de la ayuda alimentaria del Rebost Solidari municipal a las personas m\u00e1s necesitadas empadronadas en el municipio, poniendo a su disposici\u00f3n de forma gratuita un m\u00ednimo de alimentos de primera necesidad. Este reglamento va ligado al Servicio de Ocupaci\u00f3n Municipal (SOM Bisbal) con orientaci\u00f3n laboral y formativa a todos los usuarios, entendiendo que el Rebost Solidari supone una ayuda puntual mientras las personas no encuentran una salida laboral par poder salir adelante. El servicio se gestiona desde la Concejal\u00eda de Bienestar Social con el voluntariado del Rebost Solidari. En cuanto a las solicitudes presentadas, estas se eval\u00faan en la Mesa Social, para determinar los beneficiarios del servicio.<\/p>\n\n\n\n<p><strong>7.-Modificaci\u00f3n de las ordenanzas fiscales de educaci\u00f3n.<\/strong><\/p>\n\n\n\n<p>Se ha aprobado.<\/p>\n\n\n\n<p>Votos a favor: 10 (6 de Comprom\u00eds amb la Bisbal, 2 del PSC, 1 de Units-FIC y 1 de ERC-AM)<\/p>\n\n\n\n<p>Votos en contra: 1 (1 de Ara la Bisbal)<\/p>\n\n\n\n<p>Se ha aprobado la modificaci\u00f3n de las bases de subvenciones para adaptarlas a las novedades en las subvenciones de los libros escolares y del comedor tanto de la escuela como de la guarder\u00eda municipal. El objetivo de las modificaciones es facilitar y agilizar la tramitaci\u00f3n de las convocatorias de subvenciones existentes. Pr\u00f3ximamente encontrar\u00e9is toda la informaci\u00f3n sobre estas ordenanzas publicada en la web.<\/p>\n\n\n\n<p><strong>8.-Renovaci\u00f3n del convenio con el Servei Catal\u00e0 de Tr\u00e0nsit para tener las facultades de denuncia y sanci\u00f3n por infracciones a normas de circulaci\u00f3n en v\u00edas urbanas del municipio.<\/strong><\/p>\n\n\n\n<p>Se ha aprobado.<\/p>\n\n\n\n<p>Votos a favor: 6 (6 de Comprom\u00eds amb la Bisbal)<\/p>\n\n\n\n<p>Abstenciones: 5 (2 del PSC, 1 de Units \u2013FIC, 1 de Ara la Bisbal y 1 de ERC-AM)<\/p>\n\n\n\n<p>En el a\u00f1o 2001 se aprob\u00f3 un convenio de colaboraci\u00f3n con el Servei Catal\u00e0 de Tr\u00e0nsit para que el cuerpo de Mossos de Esquadra pudiese denunciar y sancionar las infracciones que se diesen en las v\u00edas municipales. En el 2016 se renov\u00f3 y ahora se ha aprobado la propuesta de renovaci\u00f3n del convenio adapt\u00e1ndolo a la normativa vigente.<\/p>\n\n\n\n<p>La duraci\u00f3n del convenio es de 4 a\u00f1os y no supone ning\u00fan gasto para el Ayuntamiento. Tambi\u00e9n se crea una Comisi\u00f3n de seguimiento integrada por dos miembros designados por cada una de las partes que se reunir\u00e1 a petici\u00f3n de cualquiera de las dos partes.<\/p>\n\n\n\n<p><strong>9.-Bases reguladoras de las subvenciones por patrocinios deportivos.<\/strong><\/p>\n\n\n\n<p>Se ha aprobado.<\/p>\n\n\n\n<p>Votos a favor: 10 (6 de Comprom\u00eds amb la Bisbal, 2 del PSC, 1 de Units-FIC y 1 de ERC-AM)<\/p>\n\n\n\n<p>Abstenciones: 1 (1 de Ara la Bisbal)<\/p>\n\n\n\n<p>Se aprueban las bases que regulan los patrocinios deportivos. Ahora se someter\u00e1n a exposici\u00f3n p\u00fablica y, si no se presentan alegaciones, quedar\u00e1n aprobadas definitivamente. Entonces se podr\u00e1 aprobar la convocatoria de patrocinios deportivos para el 2021, que cuenta con una partida de presupuesto de 2.000\u20ac.<\/p>\n\n\n\n<p>El objetivo de las subvenciones es apoyar la realizaci\u00f3n de actividades deportivas, facilitando la mejora del rendimiento de los y las deportistas federados y federadas del municipio, favoreciendo su tecnificaci\u00f3n y su participaci\u00f3n en las competiciones deportivas, as\u00ed como la potenciaci\u00f3n de la imagen del municipio y su promoci\u00f3n.<\/p>\n\n\n\n<p><strong>10.-Bases y convocatoria para la segunda l\u00ednea de ayudas a familias afectadas por la situaci\u00f3n generada por la COVID-19.<\/strong><\/p>\n\n\n\n<p>Se ha aprobado.<\/p>\n\n\n\n<p>Votos a favor: 6 (6 de Comprom\u00eds amb la Bisbal)<\/p>\n\n\n\n<p>Votos en contra: 5 (2 del PSC, 1 de Units-FIC, 1 de Ara la Bisbal y 1 de ERC-AM)<\/p>\n\n\n\n<p>Se aprueban las bases y la convocatoria de las segundas subvenciones para familias afectadas por la situaci\u00f3n generada por la COVID-19. Estas subvenciones incorporan dos novedades destacables:<\/p>\n\n\n\n<p>-En el Ayuntamiento habr\u00e1 personal de apoyo para todas las personas que presenten las solicitudes, con el objetivo de facilitar la tramitaci\u00f3n de las mismas y agilizar las resoluciones.<\/p>\n\n\n\n<p>-Se simplifica la documentaci\u00f3n a presentar y el c\u00e1lculo de los requisitos.<\/p>\n\n\n\n<p>Estas subvenciones se destinar\u00e1n a las personas y familias afectadas por la situaci\u00f3n generada por la COVID-19, con la finalidad de ayudarlas a hacer frente a los gastos derivados del alquiler o de la hipoteca de la vivienda habitual, los suministros b\u00e1sicos (luz y agua) y de la adquisici\u00f3n de productos de alimentaci\u00f3n y farmacia.<\/p>\n\n\n\n<p>La cuant\u00eda de estas subvenciones ser\u00e1 de 200\u20ac por cada mes de cumplimiento de los requisitos (de mayo a septiembre de 2020) y se conceder\u00e1 una \u00fanica subvenci\u00f3n por familia. El plazo para presentar solicitudes ser\u00e1 de 20 d\u00edas desde el d\u00eda siguiente en qu\u00e9 se publique el extracto de la convocatoria en el Bolet\u00edn Oficial de la Provincia de Tarragona (BOPT).<\/p>\n\n\n\n<p><strong>11.-Bases y convocatoria para la segunda l\u00ednea de ayudas a personas aut\u00f3nomas y peque\u00f1as empresas afectadas por la situaci\u00f3n generada por la COVID-19.<\/strong><\/p>\n\n\n\n<p>Se ha aprobado.<\/p>\n\n\n\n<p>Votos a favor: 6 (6 de Comprom\u00eds amb la Bisbal)<\/p>\n\n\n\n<p>Votos en contra: 5 (2 del PSC, 1 de Units-FIC, 1 de Ara la Bisbal y 1 de ERC-AM)<\/p>\n\n\n\n<p>Se aprueban las bases y la convocatoria de las segundas subvenciones para aut\u00f3nomos y empresas, afectadas por la situaci\u00f3n generada por la COVID-19. Estas subvenciones incorporan dos novedades destacables:<\/p>\n\n\n\n<p>-En el Ayuntamiento habr\u00e1 personal de apoyo para todas las personas que presenten las solicitudes, con el objetivo de facilitar la tramitaci\u00f3n de las mismas y agilizar las resoluciones.<\/p>\n\n\n\n<p>-Se simplifica la documentaci\u00f3n a presentar y el c\u00e1lculo de los requisitos.<\/p>\n\n\n\n<p>Estas subvenciones se destinar\u00e1n a personas trabajadoras y aut\u00f3nomas y a peque\u00f1as empresas de hasta 10 trabajadores\/as del municipio que se hayan visto afectadas por la crisis sanitaria ocasionada por la COVID-19 que hayan registrado una reducci\u00f3n en la facturaci\u00f3n anual de 2020, en comparaci\u00f3n con la de 2019, del 20% o superior, como consecuencia de la crisis sanitaria ocasionada por la COVID-19. El Ayuntamiento de La Bisbal del Pened\u00e8s Destinar\u00e1 20.000\u20ac a estas subvenciones y las cuant\u00edas de estas subvenciones ir\u00e1n de los 900\u20ac a los 1800\u20ac, en funci\u00f3n de cada caso. El plazo para presentar solicitudes ser\u00e1 de 20 d\u00edas desde el d\u00eda siguiente a la publicaci\u00f3n de la convocatoria en el Bolet\u00edn Oficial de la Provincia de Tarragona.<\/p>\n\n\n\n<p><strong>12. Modificaci\u00f3n de la plantilla de personal para el 2021.<\/strong><\/p>\n\n\n\n<p>Se ha aprobado.<\/p>\n\n\n\n<p>Votos a favor: 6 (6 de Comprom\u00eds amb la Bisbal)<\/p>\n\n\n\n<p>Votos en contra: 5 (2 del PSC, 1 de Units-FIC, 1 de Ara la Bisbal y 1 de ERC-AM)<\/p>\n\n\n\n<p>En el Pleno extraordinario del 4 de diciembre de 2020 se aprob\u00f3 el Presupuesto Municipal del ejercicio 2021.<\/p>\n\n\n\n<p>Este a\u00f1o 2021 se convocar\u00e1n plazas nuevas y tambi\u00e9n se aprobar\u00e1 la oferta p\u00fablica de ocupaci\u00f3n, tal y como se acord\u00f3 en la mesa de negociaci\u00f3n celebrada el 19 de febrero de 2021.<\/p>\n\n\n\n<p>La plantilla que se ha aprobado en el pleno ordinario de este lunes modifica la aprobada en diciembre. Cuenta con el mismo n\u00famero de plazas (41) reparatidas entre las que est\u00e1n ocupadas y las nuevas que se quieren convocar, ya que actualmente no las ocupa nadie. La diferencia entre una plantilla y la otra es la distribuci\u00f3n y clasificaci\u00f3n seg\u00fan la Relaci\u00f3n de Puestos de Trabajo (RLT) y la normativa.<\/p>\n\n\n\n<p>La plantilla aprobada en diciembre es la siguiente:<\/p>\n\n\n\n<p>3 plazas de funcionarios\/as de administraci\u00f3n local con habilitaci\u00f3n de car\u00e1cter nacional (secretar\u00eda, intervenci\u00f3n, tesorer\u00eda).<\/p>\n\n\n\n<p>7 plazas de administraci\u00f3n general: 1 jefe\/a de personal, 4 plazas de administrativo\/va C1 y 2 plazas administrativo\/va C2.<\/p>\n\n\n\n<p>3 plazas de t\u00e9cnicos de administraci\u00f3n especial: 1 ingeniero\/a y 2 arquitectos\/as.<\/p>\n\n\n\n<p>6 plazas de personal laboral fijo: 1 director\/a guarder\u00eda, 3 t\u00e9cnicos\/as de guarder\u00eda, 1 conserje\/portero y 1 operario\/a de mantenimiento.<\/p>\n\n\n\n<p>23 plazas de personal laboral temporal: 1 t\u00e9cnico\/a de ocupaci\u00f3n y juventud, 1 t\u00e9cnico\/a de archivo y biblioteca, 3 auxiliares administrativos\/as C2, 6 operarios\/as, 4 informadores\/as, 7 limpiadores\/as, 1 conserje-portero\/a escuela<\/p>\n\n\n\n<p>La plantilla que se ha aprobado en el Pleno ordinario&nbsp; de este lunes 15 de marzo es la siguiente:<\/p>\n\n\n\n<p>3 plazas de funcionarios de administraci\u00f3n local con habilitaci\u00f3n de car\u00e1cter nacional (secretar\u00eda, intervenci\u00f3n, tesorer\u00eda)<\/p>\n\n\n\n<p>14 plazas de administraci\u00f3n general: 4 plazas administrativo\/a C1, 5 plazas administrativo\/a C2, 2 plazas arquitecto\/a, 1 informador\/a, 1 notificador\/a y 1 inspector\/a.<\/p>\n\n\n\n<p>2 plazas de t\u00e9cnicos de administraci\u00f3n especial: 1 ingeniero\/a y 1 t\u00e9cnico\/a.<\/p>\n\n\n\n<p>22 trabajadores de personal laboral: 7 limpiadores\/as, 7 operarios\/as brigada, 1 custodia de edificios, 3 t\u00e9cnicos\/as de la guarder\u00eda municipal, 1 t\u00e9cnico\/a de Ocupaci\u00f3n y Juventud, 1 director\/a de la guarder\u00eda y 1 t\u00e9cnico\/a de archivo y Biblioteca.<\/p>\n\n\n\n<p>El Pleno ha aprobado:<\/p>\n\n\n\n<p>PRIMERO: Aprobar inicialmente la modificaci\u00f3n de la plantilla de personal municipal que tiene por objeto la supresi\u00f3n y creaci\u00f3n de las siguientes plazas:<\/p>\n\n\n\n<p>3 auxiliares administrativos-laborales se cambia por 3 plazas de auxiliares administrativos C-2 mediante concurso-oposici\u00f3n, como se establece en la RLT.<\/p>\n\n\n\n<p>4 agentes de informaci\u00f3n-inspecci\u00f3n se cambia por 4 plazas seg\u00fan la RLT (inspector, informador de calle, notificador y custodia de edificios deportivos y culturales)<\/p>\n\n\n\n<p>1 portero\/conserje de escuela se da de baja porque estaba duplicado en la plantilla, donde constaban 2.<\/p>\n\n\n\n<p>SEGUNDO. Someter el presente acuerdo a informaci\u00f3n p\u00fablica durante quince d\u00edas, mediante anuncio en el BOPT. En caso que no se presenten alegaciones, se entender\u00e1 por aprobada definitivamente.<\/p>\n\n\n\n<p><strong>13.-Modificaci\u00f3n de la dedicacai\u00f3n y retribuci\u00f3n de la concejala de Bienestar Social, Vivienda, Gente Mayor y Atenci\u00f3n a la Ciudadan\u00eda.<\/strong><\/p>\n\n\n\n<p>Se ha aprobado.<\/p>\n\n\n\n<p>Votos a favor: 6 (6 de Comprom\u00eds amb la Bisbal)<\/p>\n\n\n\n<p>Votos en contra: 5 (2 del PSC, 1 de Units-FIC, 1 de Ara la Bisbal y 1 de ERC-AM)<\/p>\n\n\n\n<p>La Concejala de Bienestar Social, Vivienda, Gente Mayor y Atenci\u00f3n a la Ciudadan\u00eda, Paqui Cepas, tom\u00f3 posesi\u00f3n de este cargo el 15 de junio de 2019. Es peluquera de profesi\u00f3n y compagin\u00f3 el trabajo de peluquer\u00eda trebajando en su oficio un 57,5% y destin\u00f3 el 42,5% restante al Ayuntamiento, con una retribuci\u00f3n bruta anual de 10.000\u20ac.<\/p>\n\n\n\n<p>El Pleno ha aprobado que, a partir del 16 de marzo, la concejala pase a tener una dedicaci\u00f3n del 85% en el Ayuntamiento de La Bisbal del Pened\u00e8s y un sueldo anual bruto de 20.000\u20ac (que para el 2021 asciende a 15.833,33\u20ac). A partir de esta fecha deja de trabajar en la peluquer\u00eda para dedicarse \u00edntegramente a sus concejal\u00edas.<\/p>\n\n\n\n<p>En el Pleno, el equipo de gobierno ha explicado que \u201cdada la complejidad de este Ayuntamiento y las m\u00faltiples actuaciones en la \u00e1rea de servicios a las personas y promoci\u00f3n social, as\u00ed como los proyectos que se prev\u00e9 desarrollar, es necesario incrementar el porcentaje de dedicaaci\u00f3n de la concejala Paqui Cepas\u201d.<\/p>\n\n\n\n<p><strong>14.-Texto refundido de las ordenanzas fiscales del 2021.<\/strong><\/p>\n\n\n\n<p>Se ha aprobado.<\/p>\n\n\n\n<p>Votos a favor: 10 (6 de Comprom\u00eds amb la Bisbal, 2 del PSC, 1 de Units-FIC y 1 de ERC-AM)<\/p>\n\n\n\n<p>Abstenciones: 1 (1 de Ara la Bisbal)<\/p>\n\n\n\n<p>Se aprueba el Texto Refundido de las ordenanzas fiscales reguladoras del Ayuntamiento de La Bisbal del Pened\u00e8s 2021 y ordenar su publicaci\u00f3n en la p\u00e1gina web municipal <a href=\"http:\/\/www.bisbalpenedes.com\">www.bisbalpenedes.com<\/a><\/p>\n\n\n\n<p>En el a\u00f1o 2020 se aprob\u00f3 la modificaci\u00f3n de las ordenanzas fiscales del Impuesto de Construcciones, instalaciones y obras (ICIO) y del Impuesto sobre Bienes Inmuebles (IBI) que:<\/p>\n\n\n\n<p>-Derogaba la tasa del ICIO en movimientos de tierras y instalaci\u00f3n de placas fotovoltaicas.<\/p>\n\n\n\n<p>-Aprovaba la bonificaci\u00f3n del 50% del ICIO para la instalaci\u00f3n de placas fotovoltaicas.<\/p>\n\n\n\n<p>-Aprovaba la bonificaci\u00f3n del 50% en el IBI, durante tres a\u00f1os, para la instalaci\u00f3n de placas fotovoltaicas.<\/p>\n\n\n\n<p>Ahora se ha aprobado el texto refundido que recoge todas las ordenanzas fiscales vigentes para este a\u00f1o.<\/p>\n\n\n\n<p><strong>15.-Moci\u00f3n para apoyar la autonom\u00eda de los centros educativos en la elecci\u00f3n de la jornada continua.<\/strong><\/p>\n\n\n\n<p>Se ha aprobado por unanimidad.<\/p>\n\n\n\n<p>Varias familias del municipio se han dirigido a la concejala de Educaci\u00f3n, Leo Uceda, para hacerle llegar opiniones e informaci\u00f3n sobre la libre elecci\u00f3n de la jornada escolar en Catalunya. A trav\u00e9s de la plataforma \u201cVolem la jornada cont\u00ednua a Catalunya\u201d, se promueve que desde cada escuela se pueda elegir el horario escolar. En las reuniones mantenidas han preparado una moci\u00f3n para que, desde alcald\u00eda, se presente al Pleno ordinario del 15 de marzo para su aprobaci\u00f3n.<\/p>\n\n\n\n<p>En el Pleno, se han tomado y aprobado los siguientes acuerdos:<\/p>\n\n\n\n<p>Manifestar el apoyo del Ayuntamiento a que cada centro educativo pueda, en coherencia con su proyecto educativo, optar por el modelo de distribuci\u00f3n de la jornada lectiva que considere m\u00e1s adecuado al mismo.<\/p>\n\n\n\n<p>Solicitar al Departamento de Educaci\u00f3n de la Generalitat de Catalunya que establezca los mecanismos necesarios para la libre elecci\u00f3n.<\/p>\n\n\n\n<p>Que los centros garanticen, cada uno con su gesti\u00f3n, el servicio de comedor para todo el alumnado.<\/p>\n\n\n\n<p>Que la Generalitat de Catalunya garantice y refuerce el sistema de comedor para la vulnerabilidad social y cultural con becas de comedor, as\u00ed como con actividades educativas en horario no lectivo extraescolar\u201d.<\/p>\n\n\n\n<p><strong>16.-Dar cuenta de los Decretos de alcald\u00eda.<\/strong><\/p>\n\n\n\n<p>Se da cuenta de los Decretos de alcald\u00eda que se han dictado desde la \u00faltima sesi\u00f3n plenaria. Todos los concejales tienen acceso a los decretos desde el momento en el que se firman.<\/p>\n\n\n\n<p><strong>17.-Moci\u00f3n presentada por el Grupo municipal de Comprom\u00eds amb la Bisbal de apoyo a los encausados y encausadas por las manifestaciones de la Jonquera.<\/strong><\/p>\n\n\n\n<p>Se ha aprobado.<\/p>\n\n\n\n<p>Votos a favor: 8 (6 de Comprom\u00eds amb la Bisbal, 1 de Units-FIC y 1 de ERC-AM)<\/p>\n\n\n\n<p>Votos en contra: 3 (2 del PSC y 1 de Ara la Bisbal)<\/p>\n\n\n\n<p>Los acuerdos aprobados son los siguientes:<\/p>\n\n\n\n<p>\u201c-Exigir a los \u00f3rganos judiciales que archiven la causa judicial contra los manifestantes de la Jonquera de noviembre de 2019.<\/p>\n\n\n\n<p>-Exigir al Estado espa\u00f1ol una Ley de Amnist\u00eda para todas las personas presas y represaliadas, as\u00ed como el cierre de todos los procesos abiertos a causa general contra el independentismo.<\/p>\n\n\n\n<p>-Mostrar todo el apoyo a las personas que est\u00e1n siendo juzgadas por manifestarse en noviembre del 2019 en la Jonquera, especialmente a los vecinos del Pened\u00e8s que se encuentran en esta situaci\u00f3n injusta.<\/p>\n\n\n\n<p>Mostrar el rechazo como Ayuntamiento a la persecuci\u00f3n judicial arbitraria de los movimientos sociales y c\u00edvicos\u201d.<\/p>\n\n\n\n<p><strong>18.-Moci\u00f3n presentada por el Grupo Municipal de Comprom\u00eds amb la Bisbal de apoyo a la Amnist\u00eda.<\/strong><\/p>\n\n\n\n<p>Se ha aprobado.<\/p>\n\n\n\n<p>Votos a favor: 8 (6 de Comprom\u00eds amb la Bisbal, 1 de Units-FIC y 1 de ERC-AM)<\/p>\n\n\n\n<p>Votos en contra: 3 (2 del PSC y 1 de Ara la Bisbal)<\/p>\n\n\n\n<p>Abstenciones: &#8211;<\/p>\n\n\n\n<p>Los acuerdos aprobados son los siguientes:<\/p>\n\n\n\n<p>\u201c-Declarar que el libre ejercicio de los derechos pol\u00edticos no puede tener como respuesta la v\u00eda de la justicia penal. La libertad de expresi\u00f3n, de reuni\u00f3n y manifestaci\u00f3n, de participaci\u00f3n pol\u00edtica por medio de la elecci\u00f3n de representantes o por la expresi\u00f3n directa de una decisi\u00f3n, constituyen mecanismos b\u00e1sicos y esenciales de una sociedad democr\u00e1tica.<\/p>\n\n\n\n<p>-Reclamar la aprobaci\u00f3n por parte de las Cortes espa\u00f1olas de una Ley de Amnist\u00eda que comporte la extinci\u00f3n de cualquier tipo de responsabilidad penal y administrativa por todos los actos y expresi\u00f3n de unas ideas, sentimientos o s\u00edmbolos con intencionalidad pol\u00edtica vinculados a la lucha democr\u00e1tica por la autodeterminaci\u00f3n de Catalunya. Para su plena efectividad, esta amnist\u00eda deber\u00e1 ir acompa\u00f1ada de una soluci\u00f3n efectiva al conflicto pol\u00edtico con el Estado espa\u00f1ol, que incluya el reconocimiento del derecho de autodeterminaci\u00f3n de Catalunya.<\/p>\n\n\n\n<p>-Determinar la inmediata puesta en libertad de las presas y presos pol\u00edticos, as\u00ed como que se reparen los da\u00f1os causados a las personas represaliadas, a sus familias y a los colectivos de los cuales forman parte, y se tendr\u00e1n que prever medidas en relaci\u00f3n a todos los responsables de la represi\u00f3n de derechos fundamentales\u201d.<\/p>\n\n\n\n<p><strong>19.-Moci\u00f3n presentada por el Grupo Municipal de Comprom\u00eds amb la Bisbal de apoyo a Pablo Has\u00e9l<\/strong><\/p>\n\n\n\n<p>Se ha aprobado.<\/p>\n\n\n\n<p>Votos a favor: 7 (6 de Comprom\u00eds amb la Bisbal y 1 de ERC-AM)<\/p>\n\n\n\n<p>Votos en contra: 3 (2 del PSC y 1 de Ara la Bisbal)<\/p>\n\n\n\n<p>Abstenciones: 1 (1 de Units-FIC)<\/p>\n\n\n\n<p>Se ha aprobado la moci\u00f3n presentada por el grupo municipal de Compromm\u00eds amb la Bisbal de apoyo a Pablo Has\u00e9l. Los acuerdos aprobados son los siguientes:<\/p>\n\n\n\n<p>\u201c1.Denunciar las sentencias pol\u00edticas de los tribunales espa\u00f1oles que ponen en entredicho las garant\u00edas de todo el sistema judicial y la separaci\u00f3n de poderes.<\/p>\n\n\n\n<p>2.-Reiterar el compromiso del mundo local catal\u00e1n con la libertad de opini\u00f3n y de expresi\u00f3n y en la defensa de los derechos fundamentales de toda la ciudadan\u00eda.<\/p>\n\n\n\n<p>3.-Condenar la pena impuesta al cantante Pablo Has\u00e9l por la expresi\u00f3n de su pensamiento a trav\u00e9s de sus canciones y sus tweets y hacerle llegar nuestro apoyo.<\/p>\n\n\n\n<p>4.-Promover una modificaci\u00f3n del C\u00f3digo Penal donde se despenalicen este tipo de delitos y donde se proteja la libertad de expresi\u00f3n en lugar de sancionarla.<\/p>\n\n\n\n<p>5.-Comunicar este acuerdo al gobierno espa\u00f1ol, al Congreso y a la Associaci\u00f3 de Municipis per la Independ\u00e8ncia\u201d.<\/p>\n\n\n\n<p><strong>20.-Se da cuenta del informe de intervenci\u00f3n de la ejecuci\u00f3n trimestral del presupuesto del 4\u00ba trimestre del 2020<\/strong>.<\/p>\n\n\n\n<p>El Ayuntamiento envi\u00f3 este informe al Ministerio de Hacienda y Administraciones p\u00fablicas el 28 de enero de 2021, dando cumplimiento as\u00ed a la Ley de estabilidad presupuestaria y sostenibilidad financiera.<\/p>\n\n\n\n<p><strong>21.-Se da cuenta de las Juntas de Gobierno local.<\/strong><\/p>\n\n\n\n<p>Se ha dado cuenta de las actas de las Juntas de Gobierno Local de los meses de diciembre de 2020 y enero y febrero de 2021.<\/p>\n\n\n\n<p><strong>22.-Se da cuenta de la liquidaci\u00f3n del presupuesto 2020<\/strong><\/p>\n\n\n\n<p>Se ha dado cuenta del Decreto de alcald\u00eda del 3 de marzo de 2021 de aprobaci\u00f3n de la liquidaci\u00f3n del presupuesto del ejercicio 2020. Cabe decir que, teniendo en cuenta la situaci\u00f3n generada por la pandemia de COVID-19, y siguiendo las recomendaciones de la Comisi\u00f3n Europea, el Consejo de Ministros aprob\u00f3 la suspensi\u00f3n de la Regla del Gasto durante los a\u00f1os 2020 y 2021.<\/p>\n\n\n\n<p>El Ayuntamiento de La Bisbal del Pened\u00e8s cumple con la regla del gasto durante los a\u00f1os 2020 y 2021.<\/p>\n\n\n\n<p>Estabilidad presupuestaria: la capacidad de financiaci\u00f3n es de 879.668,05\u20ac.<\/p>\n\n\n\n<p>Sostenibilidad Financiera y deuda p\u00fablica: la ratio de endeudamiento es de un 18,65% (el m\u00e1ximo est\u00e1 fijado en un 110%)<\/p>\n\n\n\n<p><strong>23.-Se da cuenta de la incorporaci\u00f3n del remanente de cr\u00e9dito de 2020.<\/strong><\/p>\n\n\n\n<p>Se ha dado cuenta del Decreto del 5 de marzo de 2021 para la modificaci\u00f3n de cr\u00e9dito 1ALC\/2021 en la modalidad de incorporaci\u00f3n de remanentes de cr\u00e9dito.<\/p>\n\n\n\n<p>Esta modificaci\u00f3n es para los gastos del a\u00f1o 2021 procedentes de servicios o contrataciones del 2020 por un importe de 1.814.137,96\u20ac. Entre estos servicios y contrataciones se encuentran el servicio de bus urbano, parte de las subvenciones y convenios aprobados en el 2020 (de las que, en enero, se recibi\u00f3 la correspondiente justificaci\u00f3n), del alumbrado de Navidad, del derribo de la Mas\u00eda de La Miralba y de la fassina, las obras de rehabilitaci\u00f3n de la 1\u00aa fase del Polideportivo municipal (1.256.563,61\u20ac), las c\u00e1maras lectoras de matr\u00edculas, mobiliario y maquinaria para los locales sociales y las casas de los maestros, etc.<\/p>\n\n\n\n<p>La financiaci\u00f3n de estos gastos proviene del remanente de tesorer\u00eda en 1.663.385,96\u20ac y de la subvenci\u00f3n del PAM 2018 para el Polideportivo Municipal en 150.752\u20ac.<\/p>\n\n\n\n<p><strong>24.-Se da cuenta del plan presupuestario a medio plazo 2022\/24.<\/strong><\/p>\n\n\n\n<p>Se ha dando cuenta del plan presupuestario a medio plazo 2022\/24, dando cumplimiento a la Ley org\u00e1nica de estabilidad presupuestaria y sostenibilidad financiera.<\/p>\n\n\n\n<p>El presupuesto de 2021 cuenta con una previsi\u00f3n de gastos de 4.592.408,54\u20ac.<\/p>\n\n\n\n<p>La previsi\u00f3n de gastos para los pr\u00f3ximos a\u00f1os es la siguiente:<\/p>\n\n\n\n<p>A\u00f1o 2022: 5.192.955\u20ac<\/p>\n\n\n\n<p>A\u00f1o 2023: 4.427.955\u20ac<\/p>\n\n\n\n<p>A\u00f1o 2024: 4.369.493\u20ac<\/p>\n\n\n\n<p>El presupuesto de 2021 cuenta con una previsi\u00f3n de ingresos por 4.592.408,45\u20ac.<\/p>\n\n\n\n<p>La previsi\u00f3n de ingresos para los pr\u00f3ximos a\u00f1os es la siguiente:<\/p>\n\n\n\n<p>A\u00f1o 2022: 5.305.364\u20ac<\/p>\n\n\n\n<p>A\u00f1o 2023: 4.539.016\u20ac<\/p>\n\n\n\n<p>A\u00f1o 2024: 4.683.615\u20ac<\/p>\n\n\n\n<p><strong>25.-Se da cuenta del plan de disposici\u00f3n de fondos para el 2021.<\/strong><\/p>\n\n\n\n<p>Se ha dado cuenta del Decreto del 10 de marzo de la aprobaci\u00f3n del Plan de Disposici\u00f3n de fondos, un instrumento necesario para la gesti\u00f3n de la tesorer\u00eda que constituye una herramienta eficaz para regular la liquidez del sistema financiero local con el objetivo de conseguir la adecuada distribuci\u00f3n temporal de los pagos, acomod\u00e1ndolos a las disponibilidades de efectivo previstas en la tesorer\u00eda municipal, permitir una correcta estimaci\u00f3n de las necesidades de endeudamiento y optimizar los recursos disponibles. Este Plan, que establece la modalidad en la que se har\u00e1 el pago, tendr\u00e1 vigencia durante le 2021 y los ejercicios siguientes, siempre que no se apruebe un nuevo Plan. Este tambi\u00e9n podr\u00e1 ser revisado durante el ejercicio.<\/p>\n\n\n\n<p><strong>26.-Se da cuenta del periodo medio de pago del 4\u00ba trimestre del 2020.<\/strong><\/p>\n\n\n\n<p>El periodo medio de pago a proveedores del 4\u00ba trimestre de 2020 es de 16,07 d\u00edas. El m\u00e1ximo establecido es de 30 d\u00edas y, por tanto, se cumple con lo previsto legalmente. Este indicador es una medida de lucha contra la morosidad en las operaciones comerciales. El Ayuntamiento de La Bisbal del Pened\u00e8s ha cumplido tambi\u00e9n con la obligaci\u00f3n de presentar esta informaci\u00f3n al Ministerio de Hacienda y Administraciones P\u00fablicas, ya que se present\u00f3 esta informaci\u00f3n el pasado 14 de enero.<\/p>\n\n\n\n<p><strong>27.-Se da cuenta del plan de tesorer\u00eda 2021.<\/strong><\/p>\n\n\n\n<p>Se ha dado cuenta del Decreto del 10 de marzo de la aprobaci\u00f3n del Plan de tesorer\u00eda para el 2021, que sirve de referencia a la hora de ejecutar el presupuesto del Ayuntamiento de La Bisbal del Pened\u00e8s para el ejercicio 2021, garantizando la liquidez suficiente para hacer frente a las obligaciones de pago y optimizar los recursos financieros.<\/p>\n\n\n\n<p><strong>28.-Informaci\u00f3n de alcald\u00eda.<\/strong><\/p>\n\n\n\n<p>La alcaldesa explica a los miembros del Consistorio que se est\u00e1n ultimando los detalles para que el bus urbano comunique todas las urbanizaciones del municipio con el Hospital del Vendrell y con la estaci\u00f3n de autobuses de la capital del Baix Pened\u00e8s. Hasta ahora, los vecinos ten\u00edan que ir hasta el n\u00facleo urbano y el bus comarcal los llevaba al Hospital. Pronto ser\u00e1 posible ir al Hospital del Vendrell y al centro del Vendrell (avda. Jaume Carner) del Vendrell sin tener que ir primero a la parada del n\u00facleo de la Bisbal del Pened\u00e8s. Habr\u00e1 varios servicios en el Vendrell cada ma\u00f1ana de lunes a viernes: tres de ida y dos de vuelta.<\/p>\n\n\n\n<p>Ferr\u00e9 ha explicado que el equipo de gobierno ha solicitado a la Direcci\u00f3n del Servicio de Transportes de la Generalitat de Catalunya, este mes de febrero, ampliar el convenio del bus comarcal para incluir el bus urbano. Est\u00e1 previsto que sea la misma empresa que hace el servicio comarcal la que haga el servicio urbano. Una vez se haya firmado el convenio, os informaremos de los horarios del servicio.<\/p>\n\n\n\n<p>Aparte de los trayectos al Vendrell, el servicio de bus urbano tambi\u00e9n incorporar\u00e1 una nueva parada en l\u2019Ortig\u00f3s y volver\u00e1 al servicio con horarios, suprimiendo el servicio a demanda.<\/p>\n\n\n\n<p><strong>29.-Turno de ruegos y preguntas.<\/strong><\/p>\n","protected":false},"excerpt":{"rendered":"<p>Aquest dilluns 15 de mar\u00e7 de 2021, a les 19h, ha tingut lloc el Ple ordinari de l\u2019Ajuntament de la Bisbal del Pened\u00e8s corresponent a aquest trimestre. El Ple s\u2019ha &hellip; <a href=\"https:\/\/bisbalpenedes.com\/web\/2021\/03\/16\/16970\/\" class=\"more-link\">Read More<\/a><\/p>\n","protected":false},"author":4,"featured_media":16971,"comment_status":"closed","ping_status":"closed","sticky":false,"template":"","format":"standard","meta":[],"categories":[8,2250],"tags":[2866,249],"_links":{"self":[{"href":"https:\/\/bisbalpenedes.com\/web\/wp-json\/wp\/v2\/posts\/16970"}],"collection":[{"href":"https:\/\/bisbalpenedes.com\/web\/wp-json\/wp\/v2\/posts"}],"about":[{"href":"https:\/\/bisbalpenedes.com\/web\/wp-json\/wp\/v2\/types\/post"}],"author":[{"embeddable":true,"href":"https:\/\/bisbalpenedes.com\/web\/wp-json\/wp\/v2\/users\/4"}],"replies":[{"embeddable":true,"href":"https:\/\/bisbalpenedes.com\/web\/wp-json\/wp\/v2\/comments?post=16970"}],"version-history":[{"count":2,"href":"https:\/\/bisbalpenedes.com\/web\/wp-json\/wp\/v2\/posts\/16970\/revisions"}],"predecessor-version":[{"id":16973,"href":"https:\/\/bisbalpenedes.com\/web\/wp-json\/wp\/v2\/posts\/16970\/revisions\/16973"}],"wp:featuredmedia":[{"embeddable":true,"href":"https:\/\/bisbalpenedes.com\/web\/wp-json\/wp\/v2\/media\/16971"}],"wp:attachment":[{"href":"https:\/\/bisbalpenedes.com\/web\/wp-json\/wp\/v2\/media?parent=16970"}],"wp:term":[{"taxonomy":"category","embeddable":true,"href":"https:\/\/bisbalpenedes.com\/web\/wp-json\/wp\/v2\/categories?post=16970"},{"taxonomy":"post_tag","embeddable":true,"href":"https:\/\/bisbalpenedes.com\/web\/wp-json\/wp\/v2\/tags?post=16970"}],"curies":[{"name":"wp","href":"https:\/\/api.w.org\/{rel}","templated":true}]}}