{"id":16968,"date":"2021-03-16T13:47:37","date_gmt":"2021-03-16T11:47:37","guid":{"rendered":"https:\/\/bisbalpenedes.com\/web\/?p=16968"},"modified":"2021-03-16T13:47:37","modified_gmt":"2021-03-16T11:47:37","slug":"el-bus-urba-comunicara-les-urbanitzacions-amb-lhospital-del-vendrell-i-amb-lestacio-dautobusos-de-la-capital-del-baix-penedes","status":"publish","type":"post","link":"https:\/\/bisbalpenedes.com\/web\/2021\/03\/16\/el-bus-urba-comunicara-les-urbanitzacions-amb-lhospital-del-vendrell-i-amb-lestacio-dautobusos-de-la-capital-del-baix-penedes\/","title":{"rendered":"El bus urb\u00e0 comunicar\u00e0 les urbanitzacions amb l\u2019Hospital del Vendrell i amb l\u2019estaci\u00f3 d\u2019autobusos de la capital del Baix Pened\u00e8s"},"content":{"rendered":"\n<p>L\u2019Ajuntament est\u00e0 ultimant els detalls perqu\u00e8 el bus urb\u00e0 comuniqui totes les urbanitzacions del municipi amb l\u2019Hospital del Vendrell i amb l\u2019estaci\u00f3 d\u2019autobusos de la capital del Baix Pened\u00e8s. Fins ara, els ve\u00efns havien d\u2019anar fins al nucli urb\u00e0 i el bus comarcal els portava a l\u2019Hospital. Ara, ser\u00e0 possible anar a l\u2019Hospital del Vendrell i al centre de la vila (avda. Jaume Carner) del Vendrell sense haver d\u2019anar primer a la parada del nucli de la Bisbal del Pened\u00e8s. Hi haur\u00e0 diversos serveis al Vendrell cada mat\u00ed de dilluns a divendres: tres d\u2019anada i dos de tornada.<\/p>\n\n\n\n<p>L\u2019Alcaldessa de La Bisbal del Pened\u00e8s, Agn\u00e8s Ferr\u00e9, ha explicat que \u201cel municipi de La Bisbal del Pened\u00e8s t\u00e9 molts nuclis de poblaci\u00f3 separats entre ells. Aix\u00f2 fa que sigui molt necessari comptar amb un servei de bus urb\u00e0 que connecti tots els nuclis amb els serveis municipals i les botigues i empreses de La Bisbal del Pened\u00e8s. Cal tenir en compte que al nucli \u00e9s on estan les oficines de l\u2019Ajuntament, la Biblioteca, l\u2019Escola de m\u00fasica, l\u2019Escola d\u2019Idiomes, la Llar d\u2019Infants, l\u2019Escola Ull de Vent, l\u2019Institut Coster de la Torre, el Consultori m\u00e8dic, el Poliesportiu municipal, el Rac\u00f3 de la Gent Gran, gran part del teixit comercial aix\u00ed com moltes de les entitats del municipi. D\u2019altra banda, ara m\u00e9s que mai, hem considerat del tot necessari que tots els ve\u00efns puguin anar directament a l\u2019Hospital del Vendrell des de la seva urbanitzaci\u00f3. Per aix\u00f2, pr\u00f2ximament incorporarem aquest nou servei que permetr\u00e0 anar i tornar al Vendrell des de totes les urbanitzacions\u201d.<\/p>\n\n\n\n<p>Ferr\u00e9 ha explicat que l\u2019equip de govern ha sol\u00b7licitat a la Direcci\u00f3 del Servei de Transports de la Generalitat de Catalunya, aquest mes de febrer, ampliar el conveni del bus comarcal per incloure-hi el bus urb\u00e0. Est\u00e0 previst que sigui la mateixa empresa que fa el servei comarcal la que faci el servei urb\u00e0. Una vegada s\u2019hagi signat el conveni, us informarem dels horaris del servei.<\/p>\n\n\n\n<p>A banda dels trajectes al Vendrell, el servei de bus urb\u00e0 tamb\u00e9 incorporar\u00e0 una nova parada a l\u2019Ortig\u00f3s i tornar\u00e0 al servei amb horaris, suprimint el servei a demanda.<\/p>\n\n\n\n<hr class=\"wp-block-separator is-style-wide\"\/>\n\n\n\n<p><strong>CASTELLANO |&nbsp;<\/strong>El Ayuntamiento de La Bisbal del Pened\u00e8s est\u00e1 ultimando los detalles para que el bus urbano comunique todas las urbanizaciones del municipio con el Hospital del Vendrell y con la estaci\u00f3n de autobuses de la capital del Baix Pened\u00e8s. Hasta ahora, los vecinos ten\u00edan que ir hasta el n\u00facleo urbano y el bus comarcal los llevaba al Hospital. Ahora, ser\u00e1 posible ir al Hospital del Vendrell y al centro del municipio (Avda. Jaume Carnet) del Vendrell sin tener que ir primero a la parada del n\u00facleo de la Bisbal del Pened\u00e8s. Habr\u00e1 varios servicios al Vendrell cada ma\u00f1ana de lunes a viernes: tres de ida y dos de vuelta.<\/p>\n\n\n\n<p>La alcaldesa de la Bisbal del Pened\u00e8s, Agn\u00e8s Ferr\u00e9, ha explicado que \u201cEl municipio de la Bisbal del Pened\u00e8s tiene muchos n\u00facleos de poblaci\u00f3n separados entre ellos. Esto hace que sea muy necesario contar con un servicio de bus urbano que conecte todos los n\u00facleos con los servicios municipales y las tiendas y empresas de la Bisbal del Pened\u00e8s. Hay que tener en cuenta que en el n\u00facleo es donde est\u00e1n las oficinas del Ayuntamiento, la Biblioteca, la Escuela de m\u00fasica, la Escuela de Idiomas, la Llar d\u2019infants, la Escuela Ull de Vent, el Instituto Coster de la Torre, el Consultorio m\u00e9dico, el Polideportivo municipal, el Rac\u00f3 de la Gent Gran, gran parte del tejido comercial as\u00ed como muchas de las entidades del municipio. Por otro lado, ahora m\u00e1s que nunca, hemos considerado muy necesario que todos los vecinos puedan ir directamente al Hospital del Vendrell desde su urbanizaci\u00f3n. Por este motivo, pr\u00f3ximamente incorporaremos este nuevo servicio que permitir\u00e1 ir y volver del Vendrell desde todas las urbanizaciones\u201d.<\/p>\n\n\n\n<p>Ferr\u00e9 ha explicado que el equipo de gobierno ha solicitado a la Direcci\u00f3n del Servicio de Transportes de la Generalitat de Catalunya, este febrero, ampliar el convenio del bus comarcal para incluir el bus urbano. Est\u00e1 previsto que sea la misma empresa que hace el servicio comarcal la que haga el servicio urbano. Una vez se haya firmado el convenio, os informaremos de los horarios del servicio.<\/p>\n\n\n\n<p>Aparte de los trayectos al Vendrell, el servicio de bus urbano tambi\u00e9n incorporar\u00e1 una nueva parada en l\u2019Ortig\u00f3s y volver\u00e1 al servicio con horarios, suprimiendo el servicio a demanda.<\/p>\n","protected":false},"excerpt":{"rendered":"<p>L\u2019Ajuntament est\u00e0 ultimant els detalls perqu\u00e8 el bus urb\u00e0 comuniqui totes les urbanitzacions del municipi amb l\u2019Hospital del Vendrell i amb l\u2019estaci\u00f3 d\u2019autobusos de la capital del Baix Pened\u00e8s. Fins &hellip; <a href=\"https:\/\/bisbalpenedes.com\/web\/2021\/03\/16\/el-bus-urba-comunicara-les-urbanitzacions-amb-lhospital-del-vendrell-i-amb-lestacio-dautobusos-de-la-capital-del-baix-penedes\/\" class=\"more-link\">Read More<\/a><\/p>\n","protected":false},"author":4,"featured_media":7858,"comment_status":"closed","ping_status":"closed","sticky":false,"template":"","format":"standard","meta":[],"categories":[2294,3859,8],"tags":[821,641,391,4399,452],"_links":{"self":[{"href":"https:\/\/bisbalpenedes.com\/web\/wp-json\/wp\/v2\/posts\/16968"}],"collection":[{"href":"https:\/\/bisbalpenedes.com\/web\/wp-json\/wp\/v2\/posts"}],"about":[{"href":"https:\/\/bisbalpenedes.com\/web\/wp-json\/wp\/v2\/types\/post"}],"author":[{"embeddable":true,"href":"https:\/\/bisbalpenedes.com\/web\/wp-json\/wp\/v2\/users\/4"}],"replies":[{"embeddable":true,"href":"https:\/\/bisbalpenedes.com\/web\/wp-json\/wp\/v2\/comments?post=16968"}],"version-history":[{"count":1,"href":"https:\/\/bisbalpenedes.com\/web\/wp-json\/wp\/v2\/posts\/16968\/revisions"}],"predecessor-version":[{"id":16969,"href":"https:\/\/bisbalpenedes.com\/web\/wp-json\/wp\/v2\/posts\/16968\/revisions\/16969"}],"wp:featuredmedia":[{"embeddable":true,"href":"https:\/\/bisbalpenedes.com\/web\/wp-json\/wp\/v2\/media\/7858"}],"wp:attachment":[{"href":"https:\/\/bisbalpenedes.com\/web\/wp-json\/wp\/v2\/media?parent=16968"}],"wp:term":[{"taxonomy":"category","embeddable":true,"href":"https:\/\/bisbalpenedes.com\/web\/wp-json\/wp\/v2\/categories?post=16968"},{"taxonomy":"post_tag","embeddable":true,"href":"https:\/\/bisbalpenedes.com\/web\/wp-json\/wp\/v2\/tags?post=16968"}],"curies":[{"name":"wp","href":"https:\/\/api.w.org\/{rel}","templated":true}]}}