{"id":16962,"date":"2021-03-16T13:31:54","date_gmt":"2021-03-16T11:31:54","guid":{"rendered":"https:\/\/bisbalpenedes.com\/web\/?p=16962"},"modified":"2021-03-16T14:04:35","modified_gmt":"2021-03-16T12:04:35","slug":"es-modifica-la-dedicacio-i-retribucio-de-la-regidora-de-benestar-social-i-atencio-a-la-ciutadania","status":"publish","type":"post","link":"https:\/\/bisbalpenedes.com\/web\/2021\/03\/16\/es-modifica-la-dedicacio-i-retribucio-de-la-regidora-de-benestar-social-i-atencio-a-la-ciutadania\/","title":{"rendered":"Es modifica la dedicaci\u00f3 i retribuci\u00f3 de la regidora de Benestar Social i Habitatge, Atenci\u00f3 a la Ciutadania i Gent Gran, Paqui Cepas"},"content":{"rendered":"\n<p>La regidora de Benestar Social, Habitatge, Gent Gran i Atenci\u00f3 a la Ciutadania, Paqui Cepas, ha passat de tenir una dedicaci\u00f3 del 42,5% a l\u2019Ajuntament a dedicar-hi un 85%. Aquesta modificaci\u00f3 es va aprovar en el Ple ordinari d\u2019ahir dilluns 15 de mar\u00e7 de 2021 i \u00e9s vigent des d\u2019avui dimarts 16 de mar\u00e7, data des de la qual la regidora ja no exercir\u00e0 com a perruquera. Quant a la seva remuneraci\u00f3 com a regidora, aquesta passar\u00e0 de ser de 10.000\u20ac bruts anuals a 20.000\u20ac bruts (la quantitat a percebre des del 16 de mar\u00e7 fins al 31 de desembre de 2021 ser\u00e0 de 15.833,33\u20ac).<\/p>\n\n\n\n<p>Segons va explicar l\u2019alcaldessa de la Bisbal del Pened\u00e8s durant el transcurs del Ple ordinari, Agn\u00e8s Ferr\u00e9, aquesta decisi\u00f3 ha vingut motivada perqu\u00e8 a regidora \u201cja estava dedicant&nbsp; m\u00e9s hores de les establertes dins de la seva dedicaci\u00f3, tot i que ja se sap que els c\u00e0rrecs electes estan al servei de la poblaci\u00f3 cada dia de l\u2019any i a tota hora. No obstant aix\u00f2, hem considerat necessari incrementar el percentatge de dedicaci\u00f3 de la regidora amb l\u2019objectiu de garantir el millor servei possible a la ciutadania, ja que tant l\u2019\u00e0rea d\u2019Atenci\u00f3 a la Ciutadania com la de Benestar Social i Serveis Socials s\u00f3n \u00e0rees complexes i tenim m\u00faltiples actuacions i projectes per desenvolupar d\u2019aquests \u00e0mbits\u201d.<\/p>\n\n\n\n<p>Entre els serveis que requeriran m\u00e9s dedicaci\u00f3 de les \u00e0rees d\u2019Atenci\u00f3 a les persones i Promoci\u00f3 Social, l\u2019alcaldessa ha destacat:<\/p>\n\n\n\n<ul><li>La coordinaci\u00f3 del Rebost Solidari amb el Departament de Serveis Socials del Consell Comarcal del Baix Pened\u00e8s, at\u00e8s el nou Reglament de funcionament d\u2019aquest, que implica una millora en la seva gesti\u00f3 i un major control.<\/li><li>Seguiment de les ajudes a fam\u00edlies vulnerables i a les fam\u00edlies que pateixen els estralls de la crisi sanit\u00e0ria ocasionada per la COVID-19, aix\u00ed com l\u2019estudi de noves ajudes.<\/li><li>Coordinaci\u00f3 mensual amb el Departament de Serveis Socials del Consell Comarcal del Baix Pened\u00e8s.<\/li><li>Coordinaci\u00f3 dels treballs per a l\u2019aprovaci\u00f3 del Reglament de funcionament dels habitatges socials ubicats a les antigues cases dels mestres i estudi de nous empla\u00e7aments per ubicar m\u00e9s habitatges d\u2019aquest tipus.<\/li><li>Dinamitzaci\u00f3 del Rac\u00f3 de la Gent Gran adaptat a les noves necessitats derivades de la crisi sanit\u00e0ria ocasionada per la COVID-19.<\/li><\/ul>\n\n\n\n<p>La batllessa bisbalenca tamb\u00e9 ha explicat, durant el Ple, que la regidora Paqui Cepas \u201cpercebr\u00e0 el mateix import brut anual dels regidors de l\u2019equip de govern que tenen aquesta dedicaci\u00f3, un import que considerem assumible pel consistori i que est\u00e0 molt per sota del l\u00edmit m\u00e0xim de sou brut anual, que seria de 36.896,09\u20ac amb una dedicaci\u00f3 del 85%\u201d.<\/p>\n\n\n\n<p>La modificaci\u00f3 es va aprovar amb els vots a favor de l&#8217;equip de govern (6 vots de Comprom\u00eds amb la Bisbal) i els vots en contra dels regidors de l&#8217;oposici\u00f3 (5: 2 del PSC, 1 d&#8217;Units-Fic, 1 d&#8217;Ara la Bisbal i 1 d&#8217;ERC-AM).<\/p>\n\n\n\n<hr class=\"wp-block-separator is-style-wide\"\/>\n\n\n\n<p><strong>CASTELLANO |<\/strong> La concejala de Bienestar Social, Vivienda, Gente Mayor y Atenci\u00f3n a la Ciudadan\u00eda, Paqui Cepas, ha pasado de tener una dedicaci\u00f3n del 42,5% en el Ayuntamiento a dedicarle un 85%. Esta modificaci\u00f3n se aprob\u00f3 en el Pleno ordinario de ayer lunes 15 de marzo de 2021 y est\u00e1 vigente desde hoy martes 16 de marzo, fecha desde la cual la concejala ya no ejercer\u00e1 como peluquera. En cuanto a su remuneraci\u00f3n como concejala, esta pasar\u00e1 de ser de 10.000\u20ac brutos anuales a 20.000\u20ac brutos (la cantidad a percibir desde el 16 de marzo hasta el 31 de diciembre de 2021 ser\u00e1 de 15.833,33\u20ac).<\/p>\n\n\n\n<p>Seg\u00fan explic\u00f3 durante el transcurso del Pleno ordinario la alcaldesa de la Bisbal del Pened\u00e8s, Agn\u00e8s Ferr\u00e9, esta decisi\u00f3n ha venido motivada porque la concejala \u201cya estaba dedicando m\u00e1s horas de las establecidas en su dedicaci\u00f3n, aunque ya se sabe que los cargos electos est\u00e1n al servicio de la poblaci\u00f3n todos los d\u00edas del a\u00f1o y a toda hora. No obstante, hemos considerado necesario incrementar el porcentaje de dedicaci\u00f3n de la concejala con el objetivo de garantizar el mejor servicio posible a la ciudadan\u00eda, ya que tanto el \u00e1rea de Atenci\u00f3n a la Ciudadan\u00eda como la de Bienestar Social y Servicios Sociales son \u00e1reas complejas y tenemos m\u00faltiples actuaciones y proyectos para desarrollar de estos \u00e1mbitos\u201d.<\/p>\n\n\n\n<p>Entre los servicios que requerir\u00e1n m\u00e1s dedicaci\u00f3n de las \u00e1reas de Atenci\u00f3n a las personas y Promoci\u00f3n Social, la alcaldesa ha destacado:<\/p>\n\n\n\n<ul><li>La coordinaci\u00f3n del Rebost Solidari con el Departamento de Servicios Sociales del Consell Comarcal del Baix Pened\u00e8s, teniendo en cuenta el nuevo Reglamento de funcionamiento del mismo, que implica una mejora en su gesti\u00f3n y un mayor control.<\/li><li>Seguimiento de las ayudas a familias vulnerables y a las familias que sufren los estragos de la crisis sanitaria ocasionada por la COVID-19, as\u00ed como el estudio de nuevas ayudas.<\/li><li>Coordinaci\u00f3n mensual con el Departamento de Servicios Sociales del Consell Comarcal del Baix Pened\u00e8s.<\/li><li>Coordinaci\u00f3n de los trabajos para la aprobaci\u00f3n del Reglamento de funcionamiento de las viviendas sociales ubicadas en las antiguas casas de los maestros y estudio de nuevos emplazamientos para ubicar m\u00e1s viviendas de este tipo.<\/li><li>Dinamizaci\u00f3n del Rac\u00f3 de la Gent Gran adaptado a las nuevas necesidades derivadas de la crisis sanitaria ocasionada por la COVID-19.<\/li><\/ul>\n\n\n\n<p>La alcaldesa de la Bisbal tambi\u00e9n ha explicado, durante el Pleno, que la concejala Paqui Cepas \u201cpercibir\u00e1 el mismo importe bruto anual que los concejales del equipo de gobierno que tienen esta dedicaci\u00f3n, un importe que consideramos asumible por el consistorio y que est\u00e1 muy por debajo del l\u00edmite m\u00e1ximo del sueldo bruto anual, que ser\u00eda de 36.896,09\u20ac con una dedicaci\u00f3n del 85%\u201d.<\/p>\n\n\n\n<p>La modificaci\u00f3n se aprob\u00f3 con los votos a favor del equipo de gobierno (6 de Comprom\u00eds amb la Bisbal) y los votos en contra de los concejales de la oposici\u00f3n (5: 2 del PSC, 1 de Units-Fic, 1 de Ara la Bisbal y 1 de ERC-AM).<\/p>\n","protected":false},"excerpt":{"rendered":"<p>La regidora de Benestar Social, Habitatge, Gent Gran i Atenci\u00f3 a la Ciutadania, Paqui Cepas, ha passat de tenir una dedicaci\u00f3 del 42,5% a l\u2019Ajuntament a dedicar-hi un 85%. Aquesta &hellip; <a href=\"https:\/\/bisbalpenedes.com\/web\/2021\/03\/16\/es-modifica-la-dedicacio-i-retribucio-de-la-regidora-de-benestar-social-i-atencio-a-la-ciutadania\/\" class=\"more-link\">Read More<\/a><\/p>\n","protected":false},"author":4,"featured_media":10222,"comment_status":"closed","ping_status":"closed","sticky":false,"template":"","format":"standard","meta":[],"categories":[2377,8],"tags":[2977,315,4400],"_links":{"self":[{"href":"https:\/\/bisbalpenedes.com\/web\/wp-json\/wp\/v2\/posts\/16962"}],"collection":[{"href":"https:\/\/bisbalpenedes.com\/web\/wp-json\/wp\/v2\/posts"}],"about":[{"href":"https:\/\/bisbalpenedes.com\/web\/wp-json\/wp\/v2\/types\/post"}],"author":[{"embeddable":true,"href":"https:\/\/bisbalpenedes.com\/web\/wp-json\/wp\/v2\/users\/4"}],"replies":[{"embeddable":true,"href":"https:\/\/bisbalpenedes.com\/web\/wp-json\/wp\/v2\/comments?post=16962"}],"version-history":[{"count":4,"href":"https:\/\/bisbalpenedes.com\/web\/wp-json\/wp\/v2\/posts\/16962\/revisions"}],"predecessor-version":[{"id":16967,"href":"https:\/\/bisbalpenedes.com\/web\/wp-json\/wp\/v2\/posts\/16962\/revisions\/16967"}],"wp:featuredmedia":[{"embeddable":true,"href":"https:\/\/bisbalpenedes.com\/web\/wp-json\/wp\/v2\/media\/10222"}],"wp:attachment":[{"href":"https:\/\/bisbalpenedes.com\/web\/wp-json\/wp\/v2\/media?parent=16962"}],"wp:term":[{"taxonomy":"category","embeddable":true,"href":"https:\/\/bisbalpenedes.com\/web\/wp-json\/wp\/v2\/categories?post=16962"},{"taxonomy":"post_tag","embeddable":true,"href":"https:\/\/bisbalpenedes.com\/web\/wp-json\/wp\/v2\/tags?post=16962"}],"curies":[{"name":"wp","href":"https:\/\/api.w.org\/{rel}","templated":true}]}}