{"id":16948,"date":"2021-03-10T18:14:43","date_gmt":"2021-03-10T16:14:43","guid":{"rendered":"https:\/\/bisbalpenedes.com\/web\/?p=16948"},"modified":"2021-03-10T18:14:43","modified_gmt":"2021-03-10T16:14:43","slug":"el-proper-dilluns-15-de-marc-a-les-19h-tindra-lloc-el-ple-ordinari-de-lajuntament-de-la-bisbal-del-penedes","status":"publish","type":"post","link":"https:\/\/bisbalpenedes.com\/web\/2021\/03\/10\/el-proper-dilluns-15-de-marc-a-les-19h-tindra-lloc-el-ple-ordinari-de-lajuntament-de-la-bisbal-del-penedes\/","title":{"rendered":"El proper dilluns 15 de mar\u00e7 a les 19h tindr\u00e0 lloc el Ple Ordinari de l\u2019Ajuntament de la Bisbal del Pened\u00e8s"},"content":{"rendered":"\n<p>El proper dilluns 15 de mar\u00e7, a les 19h, tindr\u00e0 lloc el Ple Ordinari de l\u2019Ajuntament de La Bisbal del Pened\u00e8s corresponent a aquest trimestre.<\/p>\n\n\n\n<p>El Ple se celebrar\u00e0 de forma presencial i a porta tancada, per poder garantir totes les mesures de prevenci\u00f3 de contagis per la COVID-19. Posteriorment es podr\u00e0 veure l\u2019enregistrament a Youtube.<\/p>\n\n\n\n<p>Aquests s\u00f3n els punts de l\u2019ordre del dia:<\/p>\n\n\n\n<p>A)PART RESOLUTIVA<\/p>\n\n\n\n<p>1.Aprovar acta Ple ordinari del 21\/12\/20<\/p>\n\n\n\n<p>2.Aprovar acta Ple extraordinari del 21\/12\/20<\/p>\n\n\n\n<p>3.Aprovar acta Ple extraordinari 20\/01\/21<\/p>\n\n\n\n<p>4.Renovaci\u00f3 de l\u2019enc\u00e0rrec a la Diputaci\u00f3 de Tarragona per la gesti\u00f3 informatitzada del padr\u00f3 d\u2019habitants<\/p>\n\n\n\n<p>5.Nomenament de la regidora de Medi Ambient, com a suplent de l&#8217;alcaldessa, vocal de la Mancomunitat Pened\u00e8s-Garraf<\/p>\n\n\n\n<p>6.Reglament de funcionament del Rebost Solidari<\/p>\n\n\n\n<p>7.Modificaci\u00f3 de les ordenances fiscals d&#8217;ensenyament<\/p>\n\n\n\n<p>8.Renovaci\u00f3 del conveni amb el Servei Catal\u00e0 de Tr\u00e0nsit per a tenir les facultats de den\u00fancia i sanci\u00f3 per infraccions a normes de circulaci\u00f3 en vies urbanes del municipi<\/p>\n\n\n\n<p>9.Bases reguladores de les subvencions per patrocinis esportius<\/p>\n\n\n\n<p>10.Bases i convocat\u00f2ria per la segona l\u00ednia d\u2019ajuts a fam\u00edlies afectades per la situaci\u00f3 generada per la Covid-19<\/p>\n\n\n\n<p>11.Bases i convocat\u00f2ria per la segona l\u00ednia d\u2019ajuts a persones aut\u00f2nomes i petites empreses afectades per la situaci\u00f3 generada per la Covid-19<\/p>\n\n\n\n<p>12.Modificaci\u00f3 de la plantilla del personal pel 2021<\/p>\n\n\n\n<p>13.Modificaci\u00f3 de la dedicaci\u00f3 i retribuci\u00f3 de la regidora de benestar social, habitatge, gent gran i atenci\u00f3 a la ciutadania<\/p>\n\n\n\n<p>14.Text ref\u00f3s de les ordenances fiscals del 2021<\/p>\n\n\n\n<p>15.Moci\u00f3 per donar suport a l&#8217;autonomia dels centres educatius en l&#8217;elecci\u00f3 de la jornada cont\u00ednua als centres educatius<\/p>\n\n\n\n<p>B)PART DE CONTROL<\/p>\n\n\n\n<p>16.Donar compte dels Decrets d&#8217;alcaldia<\/p>\n\n\n\n<p>17.Moci\u00f3 presentada pel Grup municipal de Comprom\u00eds amb la Bisbal, de suport&nbsp; als encausats i encausades per les manifestacions a la Jonquera&nbsp;<\/p>\n\n\n\n<p>18.Moci\u00f3 presentada pel Grup Municipal de Comprom\u00eds amb la Bisbal, de suport a l&#8217;Amnistia&nbsp;<\/p>\n\n\n\n<p>19.Moci\u00f3 presentada pel Grup Municipal de Comprom\u00eds amb la Bisbal, de suport a Pablo Has\u00e9l&nbsp;<\/p>\n\n\n\n<p>20.Donar compte de l&#8217;informe d&#8217;intervenci\u00f3 de l&#8217;execuci\u00f3 trimestral del pressupost, corresponent al 4rt trimestre de 2020<\/p>\n\n\n\n<p>21.Donar compte de les actes de junta de govern local<\/p>\n\n\n\n<p>22.Donar compte de la liquidaci\u00f3 del pressupost 2020<\/p>\n\n\n\n<p>23.Donar compte de la incorporaci\u00f3 del romanent de cr\u00e8dit de 2020<\/p>\n\n\n\n<p>24.Donar compte del pla pressupostari a mig termini 2022\/24<\/p>\n\n\n\n<p>25.Donar compte del pla de disposici\u00f3 de fons pel 2021<\/p>\n\n\n\n<p>26.Donar compte del per\u00edode mig de pagament del 4rt trimestre de 2020<\/p>\n\n\n\n<p>27.Donar compte del pla de tresoreria 2021<\/p>\n\n\n\n<p>28.Informaci\u00f3 d&#8217;alcaldia<\/p>\n\n\n\n<p>29.Precs i preguntes<\/p>\n\n\n\n<p>Segons el ROM aprovat al Ple de l\u2019Ajuntament de la Bisbal el 19 de juny de 2017, la ciutadania pot participar en els Plens Ordinaris. Tot seguit us detallem el funcionament d\u2019aquest sup\u00f2sit:<br>Totes les persones tenen dret a intervenir en les sessions ordin\u00e0ries del Ple en el punt de l\u2019ordre del dia de \u2018Precs i preguntes\u2019, d\u2019acord amb les prescripcions seg\u00fcents:<\/p>\n\n\n\n<p>\u00b7&nbsp;&nbsp;&nbsp;&nbsp;&nbsp;&nbsp;&nbsp;El prec o pregunta s\u2019haur\u00e0 de sol\u2022licitar a l\u2019Alcaldia:<br>o per escrit i entrar-lo\/a al Registre General com a m\u00e0xim 24 hores abans del Ple Ordinari<br>o Per Twitter a @BisbalPenedes com a m\u00e0xim 24h abans del Ple Ordinari, complint el protocol d\u2019\u00fas de les xarxes socials i emprant l\u2019etiqueta&nbsp;<a href=\"https:\/\/www.facebook.com\/hashtag\/plebisbalpened%C3%A8s?__eep__=6&amp;source=feed_text&amp;epa=HASHTAG&amp;__xts__%5B0%5D=68.ARD1wXWwwlno0rOKPmoxxgSz89WYH5i8NHgdzmCY3U1GDyNswWNuLJC5R3CyiwZ8glyCklNOgb5D6-ILDBbxPeAhsZdMu8qbfllJN2mwOAG9lPX1POezHU4xpQ6CrtbSOFPuM13bcQDPXDkcT8uMdzLDRgfw5h57ESASLFFbhrUkWoxSN8IheJ2bj9-81sTG3gqQ-wPW1oTv63_qHlpWUiTPav-2exYCEXYInFYQJDcg-f8siVOv1iRTgFStQHuyX1OUlmXnMQEAJGyp0rbWxJ0DXP_c3jiScxjBnW0-ebrftvJ5rcDs6dNS_U1mdQ8lmfvzgSMIsH-xyDrOEt-i4-01nqBm&amp;__tn__=%2ANK-R\">#PleBisbalPened\u00e8s<\/a>, seguit del prec o pregunta.<\/p>\n\n\n\n<p>\u00b7&nbsp;&nbsp;&nbsp;&nbsp;&nbsp;&nbsp;&nbsp;L\u2019assumpte objecte del prec o pregunta haur\u00e0 de ser de compet\u00e8ncia municipal sobre l\u2019acci\u00f3 de govern o estar directament relacionat amb els punts inclosos a l\u2019ordre del dia.<\/p>\n\n\n\n<p>\u00b7&nbsp;&nbsp;&nbsp;&nbsp;&nbsp;&nbsp;&nbsp;Cada ciutad\u00e0\/ana pot formular un prec i una pregunta en un mateix Ple. La longitud m\u00e0xima de cada piulada \u00e9s de 140 car\u00e0cters i no es pot continuar la pregunta en un segon \u2018tweet\u2019.<\/p>\n\n\n\n<p>\u00b7&nbsp;&nbsp;&nbsp;&nbsp;&nbsp;&nbsp;&nbsp;L\u2019alcaldia podr\u00e0 no respondre si \u00e9s un assumpte sobre el qual l\u2019Ajuntament no t\u00e9 compet\u00e8ncies o si ja s\u2019ha presentat la mateixa pregunta en una altra sessi\u00f3 plen\u00e0ria en els \u00faltims 6 mesos.<\/p>\n\n\n\n<p>\u00b7&nbsp;&nbsp;&nbsp;&nbsp;&nbsp;&nbsp;&nbsp;L\u2019alcaldia comunicar\u00e0, acabat el termini m\u00e0xim de presentaci\u00f3 de preguntes, a qui vagin dirigides les preguntes o peticions sol\u2022licitades perqu\u00e8 les pugui respondre.<\/p>\n\n\n\n<p>\u00b7&nbsp;&nbsp;&nbsp;&nbsp;&nbsp;&nbsp;&nbsp;L\u2019Alcaldia llegir\u00e0 la pregunta en veu alta.<\/p>\n\n\n\n<p>\u00b7&nbsp;&nbsp;&nbsp;&nbsp;&nbsp;&nbsp;&nbsp;L\u2019alcaldia o a qui va adre\u00e7ada la pregunta, la respondr\u00e0 en la mateixa sessi\u00f3 del Ple.<\/p>\n\n\n\n<hr class=\"wp-block-separator is-style-wide\"\/>\n\n\n\n<p><strong>CASTELLANO |<\/strong>&nbsp;El pr\u00f3ximo lunes 15 de marzo, a las 19h, tendr\u00e1 lugar el Pleno Ordinario del Ayuntamiento de La Bisbal del Pened\u00e8s correspondiente a este trimestre.<\/p>\n\n\n\n<p>El Pleno se celebrar\u00e1 de forma presencial y a puerta cerrada, para poder garantizar todas las medidas de prevenci\u00f3n de contagios por la COVID-19. Posteriormente se podr\u00e1 ver la grabaci\u00f3n en Youtube.<\/p>\n\n\n\n<p>Estos son los puntos del orden del d\u00eda:<\/p>\n\n\n\n<p>A)PARTE RESOLUTIVA<\/p>\n\n\n\n<p>1.Aprobar acta Pleno ordinario del 21\/12\/20<\/p>\n\n\n\n<p>2.Aprobar acta Pleno extraordinario del 21\/12\/20<\/p>\n\n\n\n<p>3.Aprobar acta Pleno extraordinario 20\/01\/21<\/p>\n\n\n\n<p>4.Renovaci\u00f3n del encargo de la Diputaci\u00f3n de Tarragona para la gesti\u00f3n informatizada del padr\u00f3n de habitantes.<\/p>\n\n\n\n<p>5.Nombramiento de la concejala de Medio Ambiente, como suplente de la alcaldesa, vocal de la Mancomunidad Pened\u00e8s-Garraf<\/p>\n\n\n\n<p>6.Reglamento de funcionamiento del Rebost Solidari<\/p>\n\n\n\n<p>7.Modificaci\u00f3n de las ordenanzas fiscales de educaci\u00f3n<\/p>\n\n\n\n<p>8.Renovaci\u00f3n del convenio con el Servei Catal\u00e0 de Tr\u00e0nsit para tener las facultades de denuncia y sanci\u00f3n para infracciones en normas de circulaci\u00f3n en v\u00edas urbanas del municipio<\/p>\n\n\n\n<p>9.Bases reguladoras de las subvenciones por patrocinios deportivos<\/p>\n\n\n\n<p>10.Bases y convocatoria para la segunda l\u00ednea de ayudas a familias afectadas por la situaci\u00f3n generada por la COVID-19<\/p>\n\n\n\n<p>11.Bases y convocatoria de la segunda l\u00ednea de ayudas a personas aut\u00f3nomas y peque\u00f1as empresas afectadas por la situaci\u00f3n generada por la COVID-19<\/p>\n\n\n\n<p>12.Modificaci\u00f3n de la plantilla del personal para el 2021-03-10 13.Modificaci\u00f3n de la dedicaci\u00f3n y retribuci\u00f3n de la concejala de bienestar social, vivienda, gente mayor y atenci\u00f3n a la ciudadan\u00eda.<\/p>\n\n\n\n<p>14.Texto refundido de las ordenanzas fiscales del 2021.<\/p>\n\n\n\n<p>15.Moci\u00f3n para apoyar la autonom\u00eda de los centros educativos en la elecci\u00f3n de la jornada continua en los centros educativos.<\/p>\n\n\n\n<p>B)PARTE DE CONTROL<\/p>\n\n\n\n<p>16.Dar cuenta de los Decretos de alcald\u00eda<\/p>\n\n\n\n<p>17.Moci\u00f3n presentada por el Grupo Municipal de Comprom\u00eds amb la Bisbal de apoyo a los encausados y encausadas por las manifestaciones de la Jonquera<\/p>\n\n\n\n<p>18.Moci\u00f3n presentada por el Grupo Municipal de Comprom\u00eds amb la Bisbal de apoyo a la Amnist\u00eda<\/p>\n\n\n\n<p>19.Moci\u00f3n presentada por el Grupo Municipal de Comprom\u00eds amb la Bisbal de apoyo a Pablo Has\u00e9l<\/p>\n\n\n\n<p>20.Dar cuenta del informe de intervenci\u00f3n de la ejecuci\u00f3n trimestral del presupuesto, correspondiente al 4\u00ba trimestre de 2020.<\/p>\n\n\n\n<p>21.Dar cuenta del informe de intervenci\u00f3n de la ejecuci\u00f3n trimestral del presupuesto, correspondiente al 4\u00ba trimestre de 2020.<\/p>\n\n\n\n<p>21.Dar cuenta de las actas de la Junta de Gobierno Local.<\/p>\n\n\n\n<p>22.Dar cuenta de la liquidaci\u00f3n del presupuesto 2020.<\/p>\n\n\n\n<p>23.Dar cuenta de la incorporaci\u00f3n del remanente de cr\u00e9dito de 2020<\/p>\n\n\n\n<p>24.Dar cuenta del plan presupuestario a medio plazo 2022\/24<\/p>\n\n\n\n<p>25.Dar cuenta del plan de disposici\u00f3n del fondo para el 2021<\/p>\n\n\n\n<p>26.Dar cuenta del periodo medio de pago del 4\u00ba trimestre de 2020<\/p>\n\n\n\n<p>27.Dar cuenta del plan de tesorer\u00eda 2021.<\/p>\n\n\n\n<p>28.Informaci\u00f3n de alcald\u00eda.<\/p>\n\n\n\n<p>29.Ruegos y preguntas.<\/p>\n\n\n\n<p>Seg\u00fan el ROM aprobado en el Pleno del Ayuntamiento de la Bisbal del Pened\u00e8s el pasado 19 de junio del 2017, la ciudadan\u00eda puede participar en los Plenos Ordinarios. A continuaci\u00f3n os detallamos el funcionamiento de este supuesto:<br>Todas las personas tienen derecho a intervenir en las sesiones ordinarias del Pleno en el punto de la orden del d\u00eda de \u2018Ruegos y preguntas\u2019, de acuerdo con las prescripciones siguientes:<\/p>\n\n\n\n<p>\u00b7&nbsp;&nbsp;&nbsp;&nbsp;&nbsp;&nbsp;&nbsp;El ruego o pregunta deber\u00e1 solicitarse a Alcald\u00eda:<br>o Por escrito y entrarlo\/la por escrito como m\u00e1ximo 24 horas antes del Pleno Ordinario<br>o Por Twitter en @BisbalPenedes como m\u00e1ximo 24h antes del Pleno Ordinario, cumpliendo el protocolo de uso de las redes sociales con el formato&nbsp;<a href=\"https:\/\/www.facebook.com\/hashtag\/plebisbalpened%C3%A8s?__eep__=6&amp;source=feed_text&amp;epa=HASHTAG&amp;__xts__%5B0%5D=68.ARD1wXWwwlno0rOKPmoxxgSz89WYH5i8NHgdzmCY3U1GDyNswWNuLJC5R3CyiwZ8glyCklNOgb5D6-ILDBbxPeAhsZdMu8qbfllJN2mwOAG9lPX1POezHU4xpQ6CrtbSOFPuM13bcQDPXDkcT8uMdzLDRgfw5h57ESASLFFbhrUkWoxSN8IheJ2bj9-81sTG3gqQ-wPW1oTv63_qHlpWUiTPav-2exYCEXYInFYQJDcg-f8siVOv1iRTgFStQHuyX1OUlmXnMQEAJGyp0rbWxJ0DXP_c3jiScxjBnW0-ebrftvJ5rcDs6dNS_U1mdQ8lmfvzgSMIsH-xyDrOEt-i4-01nqBm&amp;__tn__=%2ANK-R\">#PleBisbalPened\u00e8s<\/a>, seguido del ruego o pregunta.<\/p>\n\n\n\n<p>\u00b7&nbsp;&nbsp;&nbsp;&nbsp;&nbsp;&nbsp;&nbsp;El asunto objeto del ruego o pregunta deber\u00e1 ser de competencia municipal sobre la acci\u00f3n de gobierno o estar directamente relacionado con los puntos incluidos en el orden del d\u00eda.<\/p>\n\n\n\n<p>\u00b7&nbsp;&nbsp;&nbsp;&nbsp;&nbsp;&nbsp;&nbsp;Cada ciudadano\/na puede formular un ruego y una pregunta en un mismo Pleno. La longitud m\u00e1xima de cada tweet es de 140 caracteres y no se puede continuar la pregunta con un segundo \u2018tweet.<\/p>\n\n\n\n<p>\u00b7&nbsp;&nbsp;&nbsp;&nbsp;&nbsp;&nbsp;&nbsp;Alcald\u00eda podr\u00e1 no responder si es un asunto sobre el cual el Ayuntamiento no tiene competencias o si ya se ha presentado la misma pregunta en otra sesi\u00f3n plenaria de los \u00faltimos 6 meses.<\/p>\n\n\n\n<p>\u00b7&nbsp;&nbsp;&nbsp;&nbsp;&nbsp;&nbsp;&nbsp;Alcald\u00eda comunicar\u00e1, terminado el plazo m\u00e1ximo de presentaci\u00f3n de preguntas, a quien vayan dirigidas las preguntas o peticiones solicitadas para que las pueda responder.<\/p>\n\n\n\n<p>\u00b7&nbsp;&nbsp;&nbsp;&nbsp;&nbsp;&nbsp;&nbsp;Alcald\u00eda leer\u00e1 la pregunta en voz alta.<\/p>\n\n\n\n<p>\u00b7&nbsp;&nbsp;&nbsp;&nbsp;&nbsp;&nbsp;&nbsp;Alcald\u00eda o a quien vaya dirigida la pregunta, la responder\u00e1 en la misma sesi\u00f3n del Pleno.<\/p>\n","protected":false},"excerpt":{"rendered":"<p>El proper dilluns 15 de mar\u00e7, a les 19h, tindr\u00e0 lloc el Ple Ordinari de l\u2019Ajuntament de La Bisbal del Pened\u00e8s corresponent a aquest trimestre. El Ple se celebrar\u00e0 de &hellip; <a href=\"https:\/\/bisbalpenedes.com\/web\/2021\/03\/10\/el-proper-dilluns-15-de-marc-a-les-19h-tindra-lloc-el-ple-ordinari-de-lajuntament-de-la-bisbal-del-penedes\/\" class=\"more-link\">Read More<\/a><\/p>\n","protected":false},"author":4,"featured_media":14975,"comment_status":"closed","ping_status":"closed","sticky":false,"template":"","format":"standard","meta":[],"categories":[8,2250],"tags":[393,139,249,4394],"_links":{"self":[{"href":"https:\/\/bisbalpenedes.com\/web\/wp-json\/wp\/v2\/posts\/16948"}],"collection":[{"href":"https:\/\/bisbalpenedes.com\/web\/wp-json\/wp\/v2\/posts"}],"about":[{"href":"https:\/\/bisbalpenedes.com\/web\/wp-json\/wp\/v2\/types\/post"}],"author":[{"embeddable":true,"href":"https:\/\/bisbalpenedes.com\/web\/wp-json\/wp\/v2\/users\/4"}],"replies":[{"embeddable":true,"href":"https:\/\/bisbalpenedes.com\/web\/wp-json\/wp\/v2\/comments?post=16948"}],"version-history":[{"count":1,"href":"https:\/\/bisbalpenedes.com\/web\/wp-json\/wp\/v2\/posts\/16948\/revisions"}],"predecessor-version":[{"id":16949,"href":"https:\/\/bisbalpenedes.com\/web\/wp-json\/wp\/v2\/posts\/16948\/revisions\/16949"}],"wp:featuredmedia":[{"embeddable":true,"href":"https:\/\/bisbalpenedes.com\/web\/wp-json\/wp\/v2\/media\/14975"}],"wp:attachment":[{"href":"https:\/\/bisbalpenedes.com\/web\/wp-json\/wp\/v2\/media?parent=16948"}],"wp:term":[{"taxonomy":"category","embeddable":true,"href":"https:\/\/bisbalpenedes.com\/web\/wp-json\/wp\/v2\/categories?post=16948"},{"taxonomy":"post_tag","embeddable":true,"href":"https:\/\/bisbalpenedes.com\/web\/wp-json\/wp\/v2\/tags?post=16948"}],"curies":[{"name":"wp","href":"https:\/\/api.w.org\/{rel}","templated":true}]}}