{"id":16944,"date":"2021-03-10T15:40:25","date_gmt":"2021-03-10T13:40:25","guid":{"rendered":"https:\/\/bisbalpenedes.com\/web\/?p=16944"},"modified":"2021-03-10T15:40:25","modified_gmt":"2021-03-10T13:40:25","slug":"vine-a-recitar-el-dia-mundial-de-la-poesia-2021-21-de-marc-a-les-12h-a-la-timba","status":"publish","type":"post","link":"https:\/\/bisbalpenedes.com\/web\/2021\/03\/10\/vine-a-recitar-el-dia-mundial-de-la-poesia-2021-21-de-marc-a-les-12h-a-la-timba\/","title":{"rendered":"Vine a recitar el Dia Mundial de la Poesia 2021 &#8211; 21 de mar\u00e7 a les 12h a la Timba"},"content":{"rendered":"\n<p>T&#8217;agrada recitar poesia? Doncs no t&#8217;ho pensis i vine al recital de poesia que farem amb motiu del Dia Mundial de la Poesia 2021 a la Timba!<br>Donarem la benvinguda a la primavera amb unes vistes excepcionals i sentint poemes dels participants, el poema &#8220;No em despulleu&#8221; de Fel\u00edcia Fuster en diferents idiomes i poemes d&#8217;autors diversos.<br>Anima&#8217;t i vine a llegir poemes!<br>Inscripcions per a la lectura de poemes contactant amb el 608 56 88 81 o adre\u00e7ant-te a la Biblioteca.<br>Recorda, el diumenge 21 de mar\u00e7 a les 12h a la Timba (c. Pare Junqu\u00e9).<br><\/p>\n\n\n\n<hr class=\"wp-block-separator is-style-wide\"\/>\n\n\n\n<p><strong>CASTELLANO |<\/strong> \u00bfTe gusta recitar poes\u00eda? \u00a1Pues no te lo pienses y ven al recital de poes\u00eda que haremos con motivo del D\u00eda Mundial de la Poes\u00eda 2021 en la Timba!<br>Daremos la bienvenida a la primavera con unas vistas excepcionales y escuchando los poemas de los participantes, la poes\u00eda &#8220;No em despulleu&#8221; de Fel\u00edcia Fuster en varios idiomas y poemas de autores distintos.<br>\u00a1An\u00edmate y ven a leer poemas!<br>Inscripciones para la lectura de poemas contactando con el 608 56 88 81 o dirigi\u00e9ndote a la Biblioteca.<br>Recuerda, el domingo 21 de marzo a las 12h en la Timba (c. Pare Junqu\u00e9).<\/p>\n","protected":false},"excerpt":{"rendered":"<p>T&#8217;agrada recitar poesia? Doncs no t&#8217;ho pensis i vine al recital de poesia que farem amb motiu del Dia Mundial de la Poesia 2021 a la Timba!Donarem la benvinguda a &hellip; <a href=\"https:\/\/bisbalpenedes.com\/web\/2021\/03\/10\/vine-a-recitar-el-dia-mundial-de-la-poesia-2021-21-de-marc-a-les-12h-a-la-timba\/\" class=\"more-link\">Read More<\/a><\/p>\n","protected":false},"author":4,"featured_media":16945,"comment_status":"closed","ping_status":"closed","sticky":false,"template":"","format":"standard","meta":[],"categories":[13,8],"tags":[1462,3193,4392,1466],"_links":{"self":[{"href":"https:\/\/bisbalpenedes.com\/web\/wp-json\/wp\/v2\/posts\/16944"}],"collection":[{"href":"https:\/\/bisbalpenedes.com\/web\/wp-json\/wp\/v2\/posts"}],"about":[{"href":"https:\/\/bisbalpenedes.com\/web\/wp-json\/wp\/v2\/types\/post"}],"author":[{"embeddable":true,"href":"https:\/\/bisbalpenedes.com\/web\/wp-json\/wp\/v2\/users\/4"}],"replies":[{"embeddable":true,"href":"https:\/\/bisbalpenedes.com\/web\/wp-json\/wp\/v2\/comments?post=16944"}],"version-history":[{"count":1,"href":"https:\/\/bisbalpenedes.com\/web\/wp-json\/wp\/v2\/posts\/16944\/revisions"}],"predecessor-version":[{"id":16946,"href":"https:\/\/bisbalpenedes.com\/web\/wp-json\/wp\/v2\/posts\/16944\/revisions\/16946"}],"wp:featuredmedia":[{"embeddable":true,"href":"https:\/\/bisbalpenedes.com\/web\/wp-json\/wp\/v2\/media\/16945"}],"wp:attachment":[{"href":"https:\/\/bisbalpenedes.com\/web\/wp-json\/wp\/v2\/media?parent=16944"}],"wp:term":[{"taxonomy":"category","embeddable":true,"href":"https:\/\/bisbalpenedes.com\/web\/wp-json\/wp\/v2\/categories?post=16944"},{"taxonomy":"post_tag","embeddable":true,"href":"https:\/\/bisbalpenedes.com\/web\/wp-json\/wp\/v2\/tags?post=16944"}],"curies":[{"name":"wp","href":"https:\/\/api.w.org\/{rel}","templated":true}]}}