{"id":16932,"date":"2021-03-09T12:01:37","date_gmt":"2021-03-09T10:01:37","guid":{"rendered":"https:\/\/bisbalpenedes.com\/web\/?p=16932"},"modified":"2021-03-09T12:01:37","modified_gmt":"2021-03-09T10:01:37","slug":"nou-perfil-dinstagram-de-la-biblioteca-publica-de-la-bisbal-del-penedes","status":"publish","type":"post","link":"https:\/\/bisbalpenedes.com\/web\/2021\/03\/09\/nou-perfil-dinstagram-de-la-biblioteca-publica-de-la-bisbal-del-penedes\/","title":{"rendered":"Nou perfil d&#8217;Instagram de la Biblioteca p\u00fablica de La Bisbal del Pened\u00e8s"},"content":{"rendered":"\n<p><strong>La Biblioteca p\u00fablica de La Bisbal del Pened\u00e8s ha estrenat perfil a Instagram! Podeu seguir-lo en aquest enlla\u00e7 per estar al dia de totes les activitats, propostes i novetats d&#8217;aquest equipament cultural municipal: <\/strong><a href=\"https:\/\/instagram.com\/bibliobisbalpenedes?igshid=6hv3oy8xiyk0\"><strong>https:\/\/instagram.com\/bibliobisbalpenedes?igshid=6hv3oy8xiyk0<\/strong><\/a><strong>&nbsp;<\/strong><\/p>\n\n\n\n<hr class=\"wp-block-separator is-style-wide\"\/>\n\n\n\n<p><strong>La Biblioteca p\u00fablica de La Bisbal del Pened\u00e8s ha estrenado perfil en Instagram! Pod\u00e9is seguirlo en este enlace para estar al d\u00eda de todas las actividades, propuestas y novedades de este equipamiento cultural municipal: <\/strong><a href=\"https:\/\/instagram.com\/bibliobisbalpenedes?igshid=6hv3oy8xiyk0\"><strong>https:\/\/instagram.com\/bibliobisbalpenedes?igshid=6hv3oy8xiyk0<\/strong><\/a><\/p>\n","protected":false},"excerpt":{"rendered":"<p>La Biblioteca p\u00fablica de La Bisbal del Pened\u00e8s ha estrenat perfil a Instagram! Podeu seguir-lo en aquest enlla\u00e7 per estar al dia de totes les activitats, propostes i novetats d&#8217;aquest &hellip; <a href=\"https:\/\/bisbalpenedes.com\/web\/2021\/03\/09\/nou-perfil-dinstagram-de-la-biblioteca-publica-de-la-bisbal-del-penedes\/\" class=\"more-link\">Read More<\/a><\/p>\n","protected":false},"author":4,"featured_media":16933,"comment_status":"closed","ping_status":"closed","sticky":false,"template":"","format":"standard","meta":[],"categories":[2478,13,8],"tags":[1198,180,225,1978,828],"_links":{"self":[{"href":"https:\/\/bisbalpenedes.com\/web\/wp-json\/wp\/v2\/posts\/16932"}],"collection":[{"href":"https:\/\/bisbalpenedes.com\/web\/wp-json\/wp\/v2\/posts"}],"about":[{"href":"https:\/\/bisbalpenedes.com\/web\/wp-json\/wp\/v2\/types\/post"}],"author":[{"embeddable":true,"href":"https:\/\/bisbalpenedes.com\/web\/wp-json\/wp\/v2\/users\/4"}],"replies":[{"embeddable":true,"href":"https:\/\/bisbalpenedes.com\/web\/wp-json\/wp\/v2\/comments?post=16932"}],"version-history":[{"count":1,"href":"https:\/\/bisbalpenedes.com\/web\/wp-json\/wp\/v2\/posts\/16932\/revisions"}],"predecessor-version":[{"id":16934,"href":"https:\/\/bisbalpenedes.com\/web\/wp-json\/wp\/v2\/posts\/16932\/revisions\/16934"}],"wp:featuredmedia":[{"embeddable":true,"href":"https:\/\/bisbalpenedes.com\/web\/wp-json\/wp\/v2\/media\/16933"}],"wp:attachment":[{"href":"https:\/\/bisbalpenedes.com\/web\/wp-json\/wp\/v2\/media?parent=16932"}],"wp:term":[{"taxonomy":"category","embeddable":true,"href":"https:\/\/bisbalpenedes.com\/web\/wp-json\/wp\/v2\/categories?post=16932"},{"taxonomy":"post_tag","embeddable":true,"href":"https:\/\/bisbalpenedes.com\/web\/wp-json\/wp\/v2\/tags?post=16932"}],"curies":[{"name":"wp","href":"https:\/\/api.w.org\/{rel}","templated":true}]}}