{"id":16925,"date":"2021-03-09T11:30:51","date_gmt":"2021-03-09T09:30:51","guid":{"rendered":"https:\/\/bisbalpenedes.com\/web\/?p=16925"},"modified":"2021-03-09T11:35:53","modified_gmt":"2021-03-09T09:35:53","slug":"saprova-lexpedient-de-licitacio-per-a-la-contractacio-de-la-fase-1-de-les-obres-del-poliesportiu-municipal","status":"publish","type":"post","link":"https:\/\/bisbalpenedes.com\/web\/2021\/03\/09\/saprova-lexpedient-de-licitacio-per-a-la-contractacio-de-la-fase-1-de-les-obres-del-poliesportiu-municipal\/","title":{"rendered":"S\u2019aprova l\u2019expedient de licitaci\u00f3 per a la contractaci\u00f3 de la fase 1 de les obres del Poliesportiu municipal"},"content":{"rendered":"\n<figure class=\"wp-block-embed is-type-video is-provider-youtube wp-block-embed-youtube wp-embed-aspect-16-9 wp-has-aspect-ratio\"><div class=\"wp-block-embed__wrapper\">\n<iframe loading=\"lazy\" title=\"Punt de l\u2019Ordre del dia de la Junta de Govern local del 08\/03\/21 amb compet\u00e8ncies delegades del Ple\" width=\"1170\" height=\"658\" src=\"https:\/\/www.youtube.com\/embed\/VQ_FdC_tDWw?feature=oembed\" frameborder=\"0\" allow=\"accelerometer; autoplay; clipboard-write; encrypted-media; gyroscope; picture-in-picture\" allowfullscreen><\/iframe>\n<\/div><\/figure>\n\n\n\n<p>La Junta de govern del 14 de desembre de 2020 ha aprovat l\u2019expedient de licitaci\u00f3 per a la contractaci\u00f3 de les obres de rehabilitaci\u00f3 de la fase 1 del Poliesportiu municipal.<\/p>\n\n\n\n<p>El passat 2 de gener de 2021 es van publicar, al perfil del contractant, els plecs de prescripcions t\u00e8cniques i de cl\u00e0usules administratives particulars de la contractaci\u00f3 de les obres de rehabilitaci\u00f3 de la fase 1 del Poliesportiu i s\u2019hi van presentar un total de 10 empreses durant el termini establert. La mesa de contractaci\u00f3 va valorar les ofertes presentades i va adjudicar provisionalment les obres a l\u2019empresa VORACYS S.L., atorgant-li un termini per justificar el preu anormal, a la baixa, de les obres. Com que l\u2019empresa no ha presentat aquesta justificaci\u00f3, la Junta de Govern del 8 de mar\u00e7 ha aprovat:<\/p>\n\n\n\n<ul><li>Excloure l\u2019empresa VORACYS S.L. de la licitaci\u00f3 per no haver presentat la justificaci\u00f3 sol\u00b7licitada per l\u2019Ajuntament de la Bisbal del Pened\u00e8s en refer\u00e8ncia a la seva oferta, per inc\u00f3rrer en una baixa anormal del preu.<\/li><li>Requerir a la segona empresa classificada, M y J Gr\u00faas S.A. perqu\u00e8, dins del termini de deu dies h\u00e0bils, presenti la documentaci\u00f3 justificativa, que acrediti que, efectivament, compta amb els mitjans per dur a terme l\u2019obra i la justificaci\u00f3 per haver constitu\u00eft la garantia definitiva que sigui procedent.<\/li><\/ul>\n\n\n\n<p> La compet\u00e8ncia en origen d\u2019aquest punt de la Junta de Govern \u00e9s del Ple, per\u00f2 aquesta est\u00e0 delegada a favor de la Junta de Govern Local mitjan\u00e7ant l&#8217;acord plenari del 4 de juliol de 2019. Les sessions de la Junta de Govern Local no s\u00f3n p\u00fabliques, per\u00f2 quan s\u2019actua amb compet\u00e8ncies delegades del Ple, la sessi\u00f3 se sotmet als mateixos requisits de publicitat que les sessions del Ple, que s\u00ed que s\u00f3n p\u00fabliques. Aix\u00ed ho va declarar la STS 161\/2013, de 26 de setembre. Tenint en compte les mesures preses per evitar la propagaci\u00f3 de la COVID-19, aquest punt de l\u2019ordre del dia de la Junta de Govern Local no s&#8217;ha votat amb p\u00fablic, sin\u00f3 que s&#8217;ha gravat en v\u00eddeo i ara el publiquem per poder garantir aix\u00ed la seva publicitat. Per tot plegat, els regidors i regidores de l\u2019oposici\u00f3 -que no formen part de la Junta de Govern local- van rebre la informaci\u00f3 sobre la proposta a la seva b\u00fastia de correu electr\u00f2nic la setmana passada. Tamb\u00e9 se\u2019ls va informar que podien assistir presencialment a la votaci\u00f3 d\u2019aquest punt.<\/p>\n\n\n\n<hr class=\"wp-block-separator is-style-wide\"\/>\n\n\n\n<p><strong>CASTELLANO | <\/strong>La Junta de gobierno del 14 de diciembre de 2020 aprob\u00f3 el expediente de licitaci\u00f3n para la contrataci\u00f3n de las obras de rehabilitaci\u00f3n de la fase 1 del Polideportivo municipal.<\/p>\n\n\n\n<p>El pasado 2 de enero de 2021 se publicaron, en el perfil del contratante, los pliegos de prescripciones t\u00e9cnicas y de cl\u00e1usulas administrativas particulares de la contrataci\u00f3n de las obras de rehabilitaci\u00f3n de la fase 1 del Polideportivo y se presentaron un total de 10 empresas durante el plazo establecido. La mesa de contrataci\u00f3n valor\u00f3 las ofertas presentadas y adjudic\u00f3 provisionalmente las obras a la empresa VORACYS S.L. otorg\u00e1ndole un plazo para justificar el precio anormal, a la baja, de las obras. Como la empresa no ha presentado dicha justificaci\u00f3n, la Junta de Gobierno del 8 de marzo ha aprobado:<\/p>\n\n\n\n<ul><li>Excluir a la empresa VORACYS S.L. de la licitaci\u00f3n por no haber presentado la justificaci\u00f3n solicitada por el Ayuntamiento de la Bisbal del Pened\u00e8s en referencia a su oferta, por incurrir en una baja anormal del precio.<\/li><li>Requerir a la segunda empresa clasificada, M y J Gr\u00faas S.A. para que, dentro del plazo de diez d\u00edas h\u00e1biles, presente la documentaci\u00f3n justificativa, que acredite que, efectivamente, cuenta con los medios para llevar a cabo la obra y la justificaci\u00f3n por haber constituido la garant\u00eda definitiva que sea procedente.<\/li><\/ul>\n\n\n\n<p>La competencia en origen de este punto de la Junta de Gobierno es del Pleno, pero esta est\u00e1 delegada a favor de la Junta de Gobierno Local mediante el acuerdo del plenario del 4 de julio de 2019. Las sesiones de la Junta de Gobierno Local no son p\u00fablicas, pero cuando se act\u00faa con competencias delegadas del Pleno, la sesi\u00f3n se somete a los mismos requisitos de publicidad que las sesiones del Pleno, que s\u00ed que son p\u00fablicas. As\u00ed lo declar\u00f3 la STS 161\/2013, de 26 de septiembre. Teniendo en cuenta las medidas tomadas para evitar la propagaci\u00f3n de la COVID-19, estos puntos del orden del d\u00eda de la Junta de Gobierno Local no se han votado con p\u00fablico, sino que se han grabado en v\u00eddeo y ahora lo publicamos para poder garantizar as\u00ed su publicidad. Por todo ello, los concejales y las concejalas de la oposici\u00f3n \u2013que no forman parte de la Junta de Gobierno Local-recibieron la informaci\u00f3n sobre la propuesta en su buz\u00f3n de correo electr\u00f3nico la semana pasada. Tambi\u00e9n se les inform\u00f3 de que pod\u00edan asistir presencialmente a la votaci\u00f3n de dichos puntos. <\/p>\n","protected":false},"excerpt":{"rendered":"<p>La Junta de govern del 14 de desembre de 2020 ha aprovat l\u2019expedient de licitaci\u00f3 per a la contractaci\u00f3 de les obres de rehabilitaci\u00f3 de la fase 1 del Poliesportiu &hellip; <a href=\"https:\/\/bisbalpenedes.com\/web\/2021\/03\/09\/saprova-lexpedient-de-licitacio-per-a-la-contractacio-de-la-fase-1-de-les-obres-del-poliesportiu-municipal\/\" class=\"more-link\">Read More<\/a><\/p>\n","protected":false},"author":4,"featured_media":15942,"comment_status":"closed","ping_status":"closed","sticky":false,"template":"","format":"standard","meta":[],"categories":[3085,8],"tags":[4390,3459,686,483,1053],"_links":{"self":[{"href":"https:\/\/bisbalpenedes.com\/web\/wp-json\/wp\/v2\/posts\/16925"}],"collection":[{"href":"https:\/\/bisbalpenedes.com\/web\/wp-json\/wp\/v2\/posts"}],"about":[{"href":"https:\/\/bisbalpenedes.com\/web\/wp-json\/wp\/v2\/types\/post"}],"author":[{"embeddable":true,"href":"https:\/\/bisbalpenedes.com\/web\/wp-json\/wp\/v2\/users\/4"}],"replies":[{"embeddable":true,"href":"https:\/\/bisbalpenedes.com\/web\/wp-json\/wp\/v2\/comments?post=16925"}],"version-history":[{"count":5,"href":"https:\/\/bisbalpenedes.com\/web\/wp-json\/wp\/v2\/posts\/16925\/revisions"}],"predecessor-version":[{"id":16930,"href":"https:\/\/bisbalpenedes.com\/web\/wp-json\/wp\/v2\/posts\/16925\/revisions\/16930"}],"wp:featuredmedia":[{"embeddable":true,"href":"https:\/\/bisbalpenedes.com\/web\/wp-json\/wp\/v2\/media\/15942"}],"wp:attachment":[{"href":"https:\/\/bisbalpenedes.com\/web\/wp-json\/wp\/v2\/media?parent=16925"}],"wp:term":[{"taxonomy":"category","embeddable":true,"href":"https:\/\/bisbalpenedes.com\/web\/wp-json\/wp\/v2\/categories?post=16925"},{"taxonomy":"post_tag","embeddable":true,"href":"https:\/\/bisbalpenedes.com\/web\/wp-json\/wp\/v2\/tags?post=16925"}],"curies":[{"name":"wp","href":"https:\/\/api.w.org\/{rel}","templated":true}]}}