{"id":16920,"date":"2021-03-09T11:08:08","date_gmt":"2021-03-09T09:08:08","guid":{"rendered":"https:\/\/bisbalpenedes.com\/web\/?p=16920"},"modified":"2021-03-09T11:17:22","modified_gmt":"2021-03-09T09:17:22","slug":"sinicia-la-tramitacio-de-la-venda-duna-part-duna-parcella-del-poligon-les-planes-baixes","status":"publish","type":"post","link":"https:\/\/bisbalpenedes.com\/web\/2021\/03\/09\/sinicia-la-tramitacio-de-la-venda-duna-part-duna-parcella-del-poligon-les-planes-baixes\/","title":{"rendered":"S\u2019inicia la tramitaci\u00f3 de la venda d\u2019una part d\u2019una parcel\u00b7la del pol\u00edgon Les Planes Baixes"},"content":{"rendered":"\n<figure class=\"wp-block-embed is-type-video is-provider-youtube wp-block-embed-youtube wp-embed-aspect-16-9 wp-has-aspect-ratio\"><div class=\"wp-block-embed__wrapper\">\n<iframe loading=\"lazy\" title=\"Punt de l\u2019Ordre del dia de la Junta de Govern local del 08\/03\/21 amb compet\u00e8ncies delegades del Ple\" width=\"1170\" height=\"658\" src=\"https:\/\/www.youtube.com\/embed\/2oLGgTlOX-0?feature=oembed\" frameborder=\"0\" allow=\"accelerometer; autoplay; clipboard-write; encrypted-media; gyroscope; picture-in-picture\" allowfullscreen><\/iframe>\n<\/div><\/figure>\n\n\n\n<p>La Junta de govern del 8 de mar\u00e7 de 2021 ha aprovat iniciar la tramitaci\u00f3 de la venda d\u2019una part d\u2019una parcel\u00b7la del pol\u00edgon Les Planes Baixes de la qual l\u2019Ajuntament de La Bisbal del Pened\u00e8s n\u2019\u00e9s propietari. Es tracta d\u2019un 33,64% d\u2019una parcel\u00b7la de 3.532,54 m2, el 66,36% restant \u00e9s propietat d\u2019una empresa que, a finals de l\u2019any 2020, va fer una oferta de compra per 529.904,03\u20ac de la part de la parcel\u00b7la de la qual \u00e9s propietari l\u2019Ajuntament.<\/p>\n\n\n\n<p>El passat 22 de febrer, l\u2019Ajuntament va sol\u00b7licitar un informe previ a la Direcci\u00f3 General d\u2019Administraci\u00f3 Local del Departament de Governaci\u00f3, Administracions P\u00fabliques i Habitatge de la Generalitat de Catalunya i, posteriorment, el divendres 5 de mar\u00e7, va arribar l\u2019informe favorable de la Generalitat. Aquest punt es va incloure per urg\u00e8ncia a la Junta de Govern perqu\u00e8, aquesta, ja s\u2019havia convocat.<\/p>\n\n\n\n<p>Els diners de la venda es destinaran al projecte de canvi i soterrament de l\u2019enllumenat p\u00fablic i les canonades d\u2019aigua del barri de la Riba, una inversi\u00f3 prevista per al 2022. Aquest projecte tindr\u00e0 un cost de m\u00e9s d\u2019un mili\u00f3 d\u2019euros i es finan\u00e7ar\u00e0, en part, amb la subvenci\u00f3 del Pla \u00danic d\u2019Obres i Serveis de Catalunya (PUOSC) 2020\/24 per un import de 273.360,26\u20ac i del Pla d\u2019Acci\u00f3 Municipal (PAM) de la Diputaci\u00f3 de Tarragona per un import de 335.000\u20ac.<\/p>\n\n\n\n<p>La compet\u00e8ncia en origen d\u2019aquest punt de la Junta de Govern \u00e9s del Ple, per\u00f2 aquesta est\u00e0 delegada a favor de la Junta de Govern Local mitjan\u00e7ant l&#8217;acord plenari del 4 de juliol de 2019. Les sessions de la Junta de Govern Local no s\u00f3n p\u00fabliques, per\u00f2 quan s\u2019actua amb compet\u00e8ncies delegades del Ple, la sessi\u00f3 se sotmet als mateixos requisits de publicitat que les sessions del Ple, que s\u00ed que s\u00f3n p\u00fabliques. Aix\u00ed ho va declarar la STS 161\/2013, de 26 de setembre. Tenint en compte les mesures preses per evitar la propagaci\u00f3 de la COVID-19, aquest punt de l\u2019ordre del dia de la Junta de Govern Local no s&#8217;ha votat amb p\u00fablic, sin\u00f3 que s&#8217;ha gravat en v\u00eddeo i ara el publiquem per poder garantir aix\u00ed la seva publicitat. Per tot plegat, els regidors i regidores de l\u2019oposici\u00f3 -que no formen part de la Junta de Govern local- van rebre la informaci\u00f3 sobre la proposta a la seva b\u00fastia de correu electr\u00f2nic la setmana passada. Tamb\u00e9 se\u2019ls va informar que podien assistir presencialment a la votaci\u00f3 d\u2019aquest punt.<\/p>\n\n\n\n<p>Despr\u00e9s de l\u2019aprovaci\u00f3 d\u2019aquest dilluns, que permetr\u00e0 iniciar el procediment per a la venda de la part d\u2019aquesta parcel\u00b7la que \u00e9s propietat de l\u2019Ajuntament de La Bisbal del Pened\u00e8s, es portar\u00e0 a aprovaci\u00f3 el plec de cl\u00e0usules en una nova Junta de Govern i, tot seguit, s\u2019obrir\u00e0 el termini de presentaci\u00f3 de propostes.<\/p>\n\n\n\n<hr class=\"wp-block-separator is-style-wide\"\/>\n\n\n\n<p><strong>CASTELLANO |<\/strong>&nbsp;La Junta de gobierno del 8 de marzo de 2021 ha aprobado iniciar la tramitaci\u00f3n de la venta de una parte de una parcela del pol\u00edgono Les Planes Baixes el propietario de la cual es el Ayuntamiento de La Bisbal del Pened\u00e8s. Se trata de un 33,64% de una parcela de 3.532,54 m2, el 66,36% restante es propiedad de una empresa que, a finales del a\u00f1o 2020, hizo una oferta de compra por 529.904,03\u20ac de la parte de la parcela de la que es propietario el Ayuntamiento.<\/p>\n\n\n\n<p>El pasado 22 de febrero, el Ayuntamiento solicit\u00f3 un informe previo a la Direcci\u00f3n General de la Administraci\u00f3n Local del Departamento de Gobernaci\u00f3n, Administraciones P\u00fablicas y Vivienda de la Generalitat de Catalunya y, posteriormente, el viernes 5 de marzo, lleg\u00f3 el informe favorable de la Generalitat. Este punto se incluy\u00f3 por urgencia en la Junta de Gobierno porque, esta, ya se hab\u00eda convocado.<\/p>\n\n\n\n<p>El dinero de la venta se destinar\u00e1 al proyecto de cambio y soterramiento del alumbrado p\u00fablico y las tuber\u00edas de agua del barrio de la Riba, una inversi\u00f3n prevista para el 2022. Este proyecto tendr\u00e1 un coste de m\u00e1s de un mill\u00f3n de euros y se financiar\u00e1, en parte, con la subvenci\u00f3n del Plan \u00danico de Obras y Servicios de Catalunya (PUOSC) 2020\/24 por un importe de 273.360,26\u20ac y del Plan de Acci\u00f3n Municipal (PAM) de la Diputaci\u00f3n de Tarragona por un importe de 335.000\u20ac.<\/p>\n\n\n\n<p>La competencia en origen de este punto de la Junta de Gobierno es del Pleno, pero esta est\u00e1 delegada a favor de la Junta de Gobierno Local mediante el acuerdo plenario del 4 de julio de 2019. Las sesiones de la Junta de Gobierno Local no son p\u00fablicas, pero cuando se act\u00faa con competencias delegadas del Pleno, la sesi\u00f3n se somete a los mismos requisitos de publicidad que las sesiones del Pleno, que s\u00ed que son p\u00fablicas. As\u00ed lo declar\u00f3 la STS 161\/2013, de 26 de septiembre. Teniendo en cuenta las medidas tomadas para evitar la propagaci\u00f3n de la COVID-19, este punto del orden del d\u00eda de la Junta de Gobierno Local no se ha votado con p\u00fablico, sino que se ha grabado en v\u00eddeo y ahora lo publicamos para poder garantizar as\u00ed su publicidad. Por todo ello, los concejales y concejalas de la oposici\u00f3n \u2013que no forman parte de la Junta de Gobierno Local- recibieron la informaci\u00f3n sobre la propuesta en su buz\u00f3n de correo electr\u00f3nico la semana pasada. Tambi\u00e9n se les inform\u00f3 de que pod\u00edan asistir presencialmente a la votaci\u00f3n de este punto.<\/p>\n\n\n\n<p>Despu\u00e9s de la aprobaci\u00f3n de este lunes, que permitir\u00e1 iniciar el procedimiento para la venta de la parte de esta parcela que es propiedad del Ayuntamiento de La Bisbal del Pened\u00e8s, se llevar\u00e1 a aprobaci\u00f3n el pliego de cl\u00e1usulas en una nueva Junta de Gobierno y, posteriormente, se abrir\u00e1 el plazo de presentaci\u00f3n de propuestas.<\/p>\n","protected":false},"excerpt":{"rendered":"<p>La Junta de govern del 8 de mar\u00e7 de 2021 ha aprovat iniciar la tramitaci\u00f3 de la venda d\u2019una part d\u2019una parcel\u00b7la del pol\u00edgon Les Planes Baixes de la qual &hellip; <a href=\"https:\/\/bisbalpenedes.com\/web\/2021\/03\/09\/sinicia-la-tramitacio-de-la-venda-duna-part-duna-parcella-del-poligon-les-planes-baixes\/\" class=\"more-link\">Read More<\/a><\/p>\n","protected":false},"author":4,"featured_media":4853,"comment_status":"closed","ping_status":"closed","sticky":false,"template":"","format":"standard","meta":[],"categories":[3085,8],"tags":[686,2770,2573,446,4373],"_links":{"self":[{"href":"https:\/\/bisbalpenedes.com\/web\/wp-json\/wp\/v2\/posts\/16920"}],"collection":[{"href":"https:\/\/bisbalpenedes.com\/web\/wp-json\/wp\/v2\/posts"}],"about":[{"href":"https:\/\/bisbalpenedes.com\/web\/wp-json\/wp\/v2\/types\/post"}],"author":[{"embeddable":true,"href":"https:\/\/bisbalpenedes.com\/web\/wp-json\/wp\/v2\/users\/4"}],"replies":[{"embeddable":true,"href":"https:\/\/bisbalpenedes.com\/web\/wp-json\/wp\/v2\/comments?post=16920"}],"version-history":[{"count":3,"href":"https:\/\/bisbalpenedes.com\/web\/wp-json\/wp\/v2\/posts\/16920\/revisions"}],"predecessor-version":[{"id":16923,"href":"https:\/\/bisbalpenedes.com\/web\/wp-json\/wp\/v2\/posts\/16920\/revisions\/16923"}],"wp:featuredmedia":[{"embeddable":true,"href":"https:\/\/bisbalpenedes.com\/web\/wp-json\/wp\/v2\/media\/4853"}],"wp:attachment":[{"href":"https:\/\/bisbalpenedes.com\/web\/wp-json\/wp\/v2\/media?parent=16920"}],"wp:term":[{"taxonomy":"category","embeddable":true,"href":"https:\/\/bisbalpenedes.com\/web\/wp-json\/wp\/v2\/categories?post=16920"},{"taxonomy":"post_tag","embeddable":true,"href":"https:\/\/bisbalpenedes.com\/web\/wp-json\/wp\/v2\/tags?post=16920"}],"curies":[{"name":"wp","href":"https:\/\/api.w.org\/{rel}","templated":true}]}}