{"id":16903,"date":"2021-03-08T09:49:17","date_gmt":"2021-03-08T07:49:17","guid":{"rendered":"https:\/\/bisbalpenedes.com\/web\/?p=16903"},"modified":"2021-03-08T09:50:21","modified_gmt":"2021-03-08T07:50:21","slug":"8m-actes-previstos-amb-motiu-del-dia-internacional-de-les-dones","status":"publish","type":"post","link":"https:\/\/bisbalpenedes.com\/web\/2021\/03\/08\/8m-actes-previstos-amb-motiu-del-dia-internacional-de-les-dones\/","title":{"rendered":"8M &#8211; Actes previstos amb motiu del Dia Internacional de les Dones"},"content":{"rendered":"\n<p>Avui \u00e9s el Dia Internacional de les Dones. Amb motiu d\u2019aquesta commemoraci\u00f3, la Regidoria de Benestar Social i Aqualia han netejat el dip\u00f2sit de l\u2019Esplai i l\u2019artista Jordi Romeu ha fet una pintura mural, dedicada a les dones, al mateix dip\u00f2sit. La despesa d\u2019aquestes accions ha anat a c\u00e0rrec d\u2019Aqualia.&nbsp;<\/p>\n\n\n\n<p>Avui a les 15:30h, les dones i els homes que vulgueu podreu&nbsp; anar al dip\u00f2sit de l\u2019Esplai, ubicat al Carrer Ramon Casas, perqu\u00e8 el Jordi hi escrigui els noms de les dones que vulgueu que formin part de l\u2019obra (dones de la fam\u00edlia, amigues, dones valentes, dones lluitadores, dones hist\u00f2riques, dones artistes, etc.).<\/p>\n\n\n\n<p>Paral\u00b7lelament, en el marc de la commemoraci\u00f3, l\u2019Ajuntament s\u2019il\u00b7luminar\u00e0 de color lila aquest vespre.&nbsp;<\/p>\n\n\n\n<p>A l&#8217;enlla\u00e7 trobareu el manifest d&#8217;enguany de l&#8217;Associaci\u00f3 Catalana de <a rel=\"noreferrer noopener\" href=\"https:\/\/bisbalpenedes.com\/web\/wp-content\/uploads\/2021\/03\/manifest_8m_dia_internacional_dones_2021.pdf\" target=\"_blank\">Municipis: https:\/\/bisbalpenedes.com\/web\/wp-content\/uploads\/2021\/03\/manifest_8m_dia_internacional_dones_2021.pdf<\/a><\/p>\n\n\n\n<hr class=\"wp-block-separator is-style-wide\"\/>\n\n\n\n<p>Hoy es el D\u00eda Internacional de las Mujeres. Con motivo de esta conmemoraci\u00f3n, la Concejal\u00eda de Bienestar Social y Aqualia han limpiado el dep\u00f3sito de l\u2019Esplai y el artista Jordi Romeu ha realizado una pintura mural, dedicada a las mujeres, en el mismo dep\u00f3sito. El gasto de estas acciones ha ido a cargo de Aqualia.&nbsp;<\/p>\n\n\n\n<p>Hoy a las 15.30h, las mujeres y los hombres que quer\u00e1is podr\u00e9is ir al dep\u00f3sito de l\u2019Esplai, ubicado en la Calle Ramon Casas, para que Jordi escriba los nombres de las mujeres que quer\u00e1is que formen parte de la obra (mujeres de la familia, amigas, mujeres valientes, mujeres luchadoras, mujeres hist\u00f3ricas, mujeres artistas, etc.).<\/p>\n\n\n\n<p>Paralelamente, en el marco de la conmemoraci\u00f3n, el Ayuntamiento se iluminar\u00e1 de color lila cuando anochezca.<\/p>\n\n\n\n<p>En el enlace encontrar\u00e9is el manifiesto de este a\u00f1o de la Associaci\u00f3 Catalana de Municipis: <a href=\"https:\/\/bisbalpenedes.com\/web\/wp-content\/uploads\/2021\/03\/manifest_8m_dia_internacional_dones_2021.pdf\" target=\"_blank\" rel=\"noreferrer noopener\">https:\/\/bisbalpenedes.com\/web\/wp-content\/uploads\/2021\/03\/manifest_8m_dia_internacional_dones_2021.pdf<\/a><\/p>\n","protected":false},"excerpt":{"rendered":"<p>Avui \u00e9s el Dia Internacional de les Dones. Amb motiu d\u2019aquesta commemoraci\u00f3, la Regidoria de Benestar Social i Aqualia han netejat el dip\u00f2sit de l\u2019Esplai i l\u2019artista Jordi Romeu ha &hellip; <a href=\"https:\/\/bisbalpenedes.com\/web\/2021\/03\/08\/8m-actes-previstos-amb-motiu-del-dia-internacional-de-les-dones\/\" class=\"more-link\">Read More<\/a><\/p>\n","protected":false},"author":4,"featured_media":16906,"comment_status":"closed","ping_status":"closed","sticky":false,"template":"","format":"standard","meta":[],"categories":[3851,8],"tags":[4387,315,232,842,3445],"_links":{"self":[{"href":"https:\/\/bisbalpenedes.com\/web\/wp-json\/wp\/v2\/posts\/16903"}],"collection":[{"href":"https:\/\/bisbalpenedes.com\/web\/wp-json\/wp\/v2\/posts"}],"about":[{"href":"https:\/\/bisbalpenedes.com\/web\/wp-json\/wp\/v2\/types\/post"}],"author":[{"embeddable":true,"href":"https:\/\/bisbalpenedes.com\/web\/wp-json\/wp\/v2\/users\/4"}],"replies":[{"embeddable":true,"href":"https:\/\/bisbalpenedes.com\/web\/wp-json\/wp\/v2\/comments?post=16903"}],"version-history":[{"count":3,"href":"https:\/\/bisbalpenedes.com\/web\/wp-json\/wp\/v2\/posts\/16903\/revisions"}],"predecessor-version":[{"id":16908,"href":"https:\/\/bisbalpenedes.com\/web\/wp-json\/wp\/v2\/posts\/16903\/revisions\/16908"}],"wp:featuredmedia":[{"embeddable":true,"href":"https:\/\/bisbalpenedes.com\/web\/wp-json\/wp\/v2\/media\/16906"}],"wp:attachment":[{"href":"https:\/\/bisbalpenedes.com\/web\/wp-json\/wp\/v2\/media?parent=16903"}],"wp:term":[{"taxonomy":"category","embeddable":true,"href":"https:\/\/bisbalpenedes.com\/web\/wp-json\/wp\/v2\/categories?post=16903"},{"taxonomy":"post_tag","embeddable":true,"href":"https:\/\/bisbalpenedes.com\/web\/wp-json\/wp\/v2\/tags?post=16903"}],"curies":[{"name":"wp","href":"https:\/\/api.w.org\/{rel}","templated":true}]}}