{"id":16894,"date":"2021-03-07T23:53:32","date_gmt":"2021-03-07T21:53:32","guid":{"rendered":"https:\/\/bisbalpenedes.com\/web\/?p=16894"},"modified":"2021-03-08T00:02:42","modified_gmt":"2021-03-07T22:02:42","slug":"noves-mesures-per-la-covid-19-a-partir-del-8-de-marc-de-2021","status":"publish","type":"post","link":"https:\/\/bisbalpenedes.com\/web\/2021\/03\/07\/noves-mesures-per-la-covid-19-a-partir-del-8-de-marc-de-2021\/","title":{"rendered":"Noves mesures per la COVID-19 a partir del 8 de mar\u00e7 de 2021"},"content":{"rendered":"\n<p>Dem\u00e0 dilluns 8 de mar\u00e7 entren en vigor noves mesures per la Covid-19. Es mant\u00e9 el confinament comarcal i la restricci\u00f3 de la mobilitat nocturna entre les 22h i les 06h.<\/p>\n\n\n\n<p>Enlla\u00e7 a la resoluci\u00f3 publicada al DOGC: <\/p>\n\n\n\n<p><a href=\"https:\/\/portaldogc.gencat.cat\/utilsEADOP\/PDF\/8358\/1839360.pdf\">https:\/\/portaldogc.gencat.cat\/utilsEADOP\/PDF\/8358\/1839360.pdf<\/a><\/p>\n\n\n\n<p>Infografia amb totes les mesures en pdf: <\/p>\n\n\n\n<p><a href=\"https:\/\/canalsalut.gencat.cat\/web\/.content\/_A-Z\/C\/coronavirus-2019-ncov\/ciutadania\/mesures\/mesures-8-marc-infografia.pdf\">https:\/\/canalsalut.gencat.cat\/web\/.content\/_A-Z\/C\/coronavirus-2019-ncov\/ciutadania\/mesures\/mesures-8-marc-infografia.pdf<\/a><\/p>\n\n\n\n<hr class=\"wp-block-separator\"\/>\n\n\n\n<p>Ma\u00f1ana lunes 8 de marzo entran en vigor nuevas medidas por la Covid-19. Se mantiene el confinamiento comarcal y la restricci\u00f3n de la movilidad nocturna entre las 22h y las 06h.<\/p>\n\n\n\n<p>Enlace a la resoluci\u00f3n publicada en el DOGC: <a href=\"https:\/\/portaldogc.gencat.cat\/utilsEADOP\/PDF\/8358\/1839360.pdf\">portaldogc.gencat.cat<\/a><\/p>\n\n\n\n<p>Infograf\u00eda con todas las medidas en pdf: <\/p>\n\n\n\n<p><a href=\"https:\/\/canalsalut.gencat.cat\/web\/.content\/_A-Z\/C\/coronavirus-2019-ncov\/ciutadania\/mesures\/mesures-8-marc-infografia.pdf\">https:\/\/canalsalut.gencat.cat\/web\/.content\/_A-Z\/C\/coronavirus-2019-ncov\/ciutadania\/mesures\/mesures-8-marc-infografia.pdf<\/a><\/p>\n\n\n\n<figure class=\"wp-block-image size-large\"><img loading=\"lazy\" width=\"726\" height=\"1024\" src=\"https:\/\/bisbalpenedes.com\/web\/wp-content\/uploads\/2021\/03\/30F40251-2B96-4F26-9F09-15FF12F5EF38-726x1024.png\" alt=\"\" class=\"wp-image-16898\" srcset=\"https:\/\/bisbalpenedes.com\/web\/wp-content\/uploads\/2021\/03\/30F40251-2B96-4F26-9F09-15FF12F5EF38-726x1024.png 726w, https:\/\/bisbalpenedes.com\/web\/wp-content\/uploads\/2021\/03\/30F40251-2B96-4F26-9F09-15FF12F5EF38-600x846.png 600w, https:\/\/bisbalpenedes.com\/web\/wp-content\/uploads\/2021\/03\/30F40251-2B96-4F26-9F09-15FF12F5EF38-213x300.png 213w, https:\/\/bisbalpenedes.com\/web\/wp-content\/uploads\/2021\/03\/30F40251-2B96-4F26-9F09-15FF12F5EF38-768x1083.png 768w, https:\/\/bisbalpenedes.com\/web\/wp-content\/uploads\/2021\/03\/30F40251-2B96-4F26-9F09-15FF12F5EF38-1089x1536.png 1089w, https:\/\/bisbalpenedes.com\/web\/wp-content\/uploads\/2021\/03\/30F40251-2B96-4F26-9F09-15FF12F5EF38-1452x2048.png 1452w\" sizes=\"(max-width: 726px) 100vw, 726px\" \/><\/figure>\n\n\n\n<p><\/p>\n","protected":false},"excerpt":{"rendered":"<p>Dem\u00e0 dilluns 8 de mar\u00e7 entren en vigor noves mesures per la Covid-19. Es mant\u00e9 el confinament comarcal i la restricci\u00f3 de la mobilitat nocturna entre les 22h i les &hellip; <a href=\"https:\/\/bisbalpenedes.com\/web\/2021\/03\/07\/noves-mesures-per-la-covid-19-a-partir-del-8-de-marc-de-2021\/\" class=\"more-link\">Read More<\/a><\/p>\n","protected":false},"author":4,"featured_media":16896,"comment_status":"closed","ping_status":"closed","sticky":false,"template":"","format":"standard","meta":[],"categories":[3636,8,2797],"tags":[3559,82,3664,28,4386],"_links":{"self":[{"href":"https:\/\/bisbalpenedes.com\/web\/wp-json\/wp\/v2\/posts\/16894"}],"collection":[{"href":"https:\/\/bisbalpenedes.com\/web\/wp-json\/wp\/v2\/posts"}],"about":[{"href":"https:\/\/bisbalpenedes.com\/web\/wp-json\/wp\/v2\/types\/post"}],"author":[{"embeddable":true,"href":"https:\/\/bisbalpenedes.com\/web\/wp-json\/wp\/v2\/users\/4"}],"replies":[{"embeddable":true,"href":"https:\/\/bisbalpenedes.com\/web\/wp-json\/wp\/v2\/comments?post=16894"}],"version-history":[{"count":3,"href":"https:\/\/bisbalpenedes.com\/web\/wp-json\/wp\/v2\/posts\/16894\/revisions"}],"predecessor-version":[{"id":16899,"href":"https:\/\/bisbalpenedes.com\/web\/wp-json\/wp\/v2\/posts\/16894\/revisions\/16899"}],"wp:featuredmedia":[{"embeddable":true,"href":"https:\/\/bisbalpenedes.com\/web\/wp-json\/wp\/v2\/media\/16896"}],"wp:attachment":[{"href":"https:\/\/bisbalpenedes.com\/web\/wp-json\/wp\/v2\/media?parent=16894"}],"wp:term":[{"taxonomy":"category","embeddable":true,"href":"https:\/\/bisbalpenedes.com\/web\/wp-json\/wp\/v2\/categories?post=16894"},{"taxonomy":"post_tag","embeddable":true,"href":"https:\/\/bisbalpenedes.com\/web\/wp-json\/wp\/v2\/tags?post=16894"}],"curies":[{"name":"wp","href":"https:\/\/api.w.org\/{rel}","templated":true}]}}