{"id":16865,"date":"2021-03-02T16:05:18","date_gmt":"2021-03-02T14:05:18","guid":{"rendered":"https:\/\/bisbalpenedes.com\/web\/?p=16865"},"modified":"2021-03-02T16:07:00","modified_gmt":"2021-03-02T14:07:00","slug":"lajuntament-ha-collocat-califes-desinfectants-als-accessos-dels-edificis-municipals-i-les-escoles","status":"publish","type":"post","link":"https:\/\/bisbalpenedes.com\/web\/2021\/03\/02\/lajuntament-ha-collocat-califes-desinfectants-als-accessos-dels-edificis-municipals-i-les-escoles\/","title":{"rendered":"L&#8217;Ajuntament ha col\u00b7locat catifes desinfectants als accessos dels edificis municipals i les escoles"},"content":{"rendered":"\n<p>L\u2019Ajuntament de la Bisbal del Pened\u00e8s ha adquirit catifes desinfectants que s\u2019han col\u00b7locat als accessos dels edificis municipals -inclosa la Llar d\u2019infants L\u2019Oreneta- i als edificis de l\u2019Escola Ull de Vent. D\u2019aquesta manera, es garanteix que les soles de les sabates estan desinfectades abans d\u2019accedir als edificis municipals i, aix\u00ed, s\u2019intenta evitar el transport de virus a trav\u00e9s del cal\u00e7at.\u00a0<\/p>\n\n\n\n<p>Aquesta \u00e9s una mesura m\u00e9s de l\u2019equip de govern fruit de la seva preocupaci\u00f3 per la salut dels ve\u00efns i ve\u00efnes de la Bisbal. L\u2019Ajuntament continuar\u00e0 treballant amb l\u2019objectiu d\u2019evitar la possible propagaci\u00f3 de la COVID-19 al municipi. No obstant aix\u00f2, recorda a la ciutadania que tots hem de complir les mesures i posar de la nostra part per tal d\u2019evitar la propagaci\u00f3 de la COVID-19.<\/p>\n\n\n\n<hr class=\"wp-block-separator\"\/>\n\n\n\n<p><strong>CASTELLANO |<\/strong> El Ayuntamiento de la Bisbal del Pened\u00e8s ha adquirido alfombras desinfectantes que se han colocado en los accesos a los edificios municipales -incluida la Llar d\u2019infants L\u2019Oreneta- y en los edificios de la Escuela Ull de Vent. De esta manera, se garantiza que las suelas de los zapatos est\u00e1n desinfectadas antes de acceder en los edificios municipales y, as\u00ed, se intenta evitar el transporte de virus a trav\u00e9s del calzado.\u00a0<\/p>\n\n\n\n<p>Esta es una medida m\u00e1s del equipo de gobierno fruto de su preocupaci\u00f3n por la salud de los vecinos y las vecinas de la Bisbal. El Ayuntamiento continuar\u00e1 trabajando con el objetivo de evitar la posible propagaci\u00f3n de la COVID-19 en el municipio. No obstante, recuerda a la ciudadan\u00eda que todos tenemos que cumplir las medidas y poner de nuestra parte para evitar la propagaci\u00f3n de la COVID-19.<\/p>\n\n\n\n<figure class=\"wp-container-2 wp-block-gallery-1 wp-block-gallery columns-3 is-cropped\"><ul class=\"blocks-gallery-grid\"><li class=\"blocks-gallery-item\"><figure><img loading=\"lazy\" width=\"1024\" height=\"768\" src=\"https:\/\/bisbalpenedes.com\/web\/wp-content\/uploads\/2021\/03\/9402e193-651b-47f3-89e6-410ee883d298-1024x768.jpg\" alt=\"\" data-id=\"16866\" data-full-url=\"https:\/\/bisbalpenedes.com\/web\/wp-content\/uploads\/2021\/03\/9402e193-651b-47f3-89e6-410ee883d298.jpg\" data-link=\"https:\/\/bisbalpenedes.com\/web\/?attachment_id=16866\" class=\"wp-image-16866\" srcset=\"https:\/\/bisbalpenedes.com\/web\/wp-content\/uploads\/2021\/03\/9402e193-651b-47f3-89e6-410ee883d298-1024x768.jpg 1024w, https:\/\/bisbalpenedes.com\/web\/wp-content\/uploads\/2021\/03\/9402e193-651b-47f3-89e6-410ee883d298-600x450.jpg 600w, https:\/\/bisbalpenedes.com\/web\/wp-content\/uploads\/2021\/03\/9402e193-651b-47f3-89e6-410ee883d298-300x225.jpg 300w, https:\/\/bisbalpenedes.com\/web\/wp-content\/uploads\/2021\/03\/9402e193-651b-47f3-89e6-410ee883d298-768x576.jpg 768w, https:\/\/bisbalpenedes.com\/web\/wp-content\/uploads\/2021\/03\/9402e193-651b-47f3-89e6-410ee883d298-1536x1152.jpg 1536w, https:\/\/bisbalpenedes.com\/web\/wp-content\/uploads\/2021\/03\/9402e193-651b-47f3-89e6-410ee883d298.jpg 2048w\" sizes=\"(max-width: 1024px) 100vw, 1024px\" \/><\/figure><\/li><li class=\"blocks-gallery-item\"><figure><img loading=\"lazy\" width=\"1024\" height=\"768\" src=\"https:\/\/bisbalpenedes.com\/web\/wp-content\/uploads\/2021\/03\/c75220da-63a3-4875-93ca-47430ae47f9b.jpg\" alt=\"\" data-id=\"16867\" data-full-url=\"https:\/\/bisbalpenedes.com\/web\/wp-content\/uploads\/2021\/03\/c75220da-63a3-4875-93ca-47430ae47f9b.jpg\" data-link=\"https:\/\/bisbalpenedes.com\/web\/?attachment_id=16867\" class=\"wp-image-16867\" srcset=\"https:\/\/bisbalpenedes.com\/web\/wp-content\/uploads\/2021\/03\/c75220da-63a3-4875-93ca-47430ae47f9b.jpg 1024w, https:\/\/bisbalpenedes.com\/web\/wp-content\/uploads\/2021\/03\/c75220da-63a3-4875-93ca-47430ae47f9b-600x450.jpg 600w, https:\/\/bisbalpenedes.com\/web\/wp-content\/uploads\/2021\/03\/c75220da-63a3-4875-93ca-47430ae47f9b-300x225.jpg 300w, https:\/\/bisbalpenedes.com\/web\/wp-content\/uploads\/2021\/03\/c75220da-63a3-4875-93ca-47430ae47f9b-768x576.jpg 768w\" sizes=\"(max-width: 1024px) 100vw, 1024px\" \/><\/figure><\/li><li class=\"blocks-gallery-item\"><figure><img loading=\"lazy\" width=\"768\" height=\"1024\" src=\"https:\/\/bisbalpenedes.com\/web\/wp-content\/uploads\/2021\/03\/cf268286-44f2-4abb-8b37-80de07b827c4-768x1024.jpg\" alt=\"\" data-id=\"16868\" data-full-url=\"https:\/\/bisbalpenedes.com\/web\/wp-content\/uploads\/2021\/03\/cf268286-44f2-4abb-8b37-80de07b827c4.jpg\" data-link=\"https:\/\/bisbalpenedes.com\/web\/?attachment_id=16868\" class=\"wp-image-16868\" srcset=\"https:\/\/bisbalpenedes.com\/web\/wp-content\/uploads\/2021\/03\/cf268286-44f2-4abb-8b37-80de07b827c4-768x1024.jpg 768w, https:\/\/bisbalpenedes.com\/web\/wp-content\/uploads\/2021\/03\/cf268286-44f2-4abb-8b37-80de07b827c4-600x800.jpg 600w, https:\/\/bisbalpenedes.com\/web\/wp-content\/uploads\/2021\/03\/cf268286-44f2-4abb-8b37-80de07b827c4-225x300.jpg 225w, https:\/\/bisbalpenedes.com\/web\/wp-content\/uploads\/2021\/03\/cf268286-44f2-4abb-8b37-80de07b827c4-1152x1536.jpg 1152w, https:\/\/bisbalpenedes.com\/web\/wp-content\/uploads\/2021\/03\/cf268286-44f2-4abb-8b37-80de07b827c4.jpg 1200w\" sizes=\"(max-width: 768px) 100vw, 768px\" \/><\/figure><\/li><\/ul><\/figure>\n","protected":false},"excerpt":{"rendered":"<p>L\u2019Ajuntament de la Bisbal del Pened\u00e8s ha adquirit catifes desinfectants que s\u2019han col\u00b7locat als accessos dels edificis municipals -inclosa la Llar d\u2019infants L\u2019Oreneta- i als edificis de l\u2019Escola Ull de &hellip; <a href=\"https:\/\/bisbalpenedes.com\/web\/2021\/03\/02\/lajuntament-ha-collocat-califes-desinfectants-als-accessos-dels-edificis-municipals-i-les-escoles\/\" class=\"more-link\">Read More<\/a><\/p>\n","protected":false},"author":4,"featured_media":16866,"comment_status":"closed","ping_status":"closed","sticky":false,"template":"","format":"standard","meta":[],"categories":[2402,8],"tags":[3559,3283,3850,82],"_links":{"self":[{"href":"https:\/\/bisbalpenedes.com\/web\/wp-json\/wp\/v2\/posts\/16865"}],"collection":[{"href":"https:\/\/bisbalpenedes.com\/web\/wp-json\/wp\/v2\/posts"}],"about":[{"href":"https:\/\/bisbalpenedes.com\/web\/wp-json\/wp\/v2\/types\/post"}],"author":[{"embeddable":true,"href":"https:\/\/bisbalpenedes.com\/web\/wp-json\/wp\/v2\/users\/4"}],"replies":[{"embeddable":true,"href":"https:\/\/bisbalpenedes.com\/web\/wp-json\/wp\/v2\/comments?post=16865"}],"version-history":[{"count":2,"href":"https:\/\/bisbalpenedes.com\/web\/wp-json\/wp\/v2\/posts\/16865\/revisions"}],"predecessor-version":[{"id":16870,"href":"https:\/\/bisbalpenedes.com\/web\/wp-json\/wp\/v2\/posts\/16865\/revisions\/16870"}],"wp:featuredmedia":[{"embeddable":true,"href":"https:\/\/bisbalpenedes.com\/web\/wp-json\/wp\/v2\/media\/16866"}],"wp:attachment":[{"href":"https:\/\/bisbalpenedes.com\/web\/wp-json\/wp\/v2\/media?parent=16865"}],"wp:term":[{"taxonomy":"category","embeddable":true,"href":"https:\/\/bisbalpenedes.com\/web\/wp-json\/wp\/v2\/categories?post=16865"},{"taxonomy":"post_tag","embeddable":true,"href":"https:\/\/bisbalpenedes.com\/web\/wp-json\/wp\/v2\/tags?post=16865"}],"curies":[{"name":"wp","href":"https:\/\/api.w.org\/{rel}","templated":true}]}}