{"id":16848,"date":"2021-02-26T21:41:17","date_gmt":"2021-02-26T19:41:17","guid":{"rendered":"https:\/\/bisbalpenedes.com\/web\/?p=16848"},"modified":"2021-02-26T21:41:17","modified_gmt":"2021-02-26T19:41:17","slug":"activitats-organitzades-des-de-laecc-catalunya-contra-el-cancer-j-p-tarragona","status":"publish","type":"post","link":"https:\/\/bisbalpenedes.com\/web\/2021\/02\/26\/activitats-organitzades-des-de-laecc-catalunya-contra-el-cancer-j-p-tarragona\/","title":{"rendered":"Activitats organitzades des de l&#8217;AECC Catalunya Contra el C\u00e0ncer J.P Tarragona"},"content":{"rendered":"\n<p>La Regidoria de Sanitat us informa que l\u2019AECC Catalunya Contra el C\u00e0ncer J.P. Tarragona ha programat tallers i activitats per al mes de mar\u00e7. S\u00f3n les seg\u00fcents:<\/p>\n\n\n\n<ul><li>1 de mar\u00e7: inici activitat Benestar F\u00edsic online per a la zona de Tarragona. Connexi\u00f3 tots els dilluns a les 16.30h amb el fisioterapeuta.<\/li><\/ul>\n\n\n\n<ul><li>4 de mar\u00e7: sortim a fer una volta per Tarragona els dijous a les 10h amb \u201cRutes Saludables\u201d amb el nostre fisioterapeuta.<\/li><\/ul>\n\n\n\n<ul><li>5 de mar\u00e7: A les 11:30h inici del taller de mem\u00f2ria online. 1\u00aa sessi\u00f3:\u00a0 funcionament cerebral, fenomen \u201cChemobrain\u201d i funcions cognitives. Es far\u00e0 cada divendres del mes de mar\u00e7 amb la psicoonc\u00f2loga.<\/li><\/ul>\n\n\n\n<ul><li>Continuen tamb\u00e9 les sessions setmanals de Rehabilitaci\u00f3 Aqu\u00e0tica. Al Vendrell es fan els divendres a les 11:30h a la Piscina Municipal.<\/li><\/ul>\n\n\n\n<p><br>Podeu inscriure-us a les activitats a trav\u00e9s del web:&nbsp; <a href=\"https:\/\/www.aecc.es\/es\/sobre-nosotros\/donde-estamos\/sede-tarragona\">https:\/\/www.aecc.es\/es\/sobre-nosotros\/donde-estamos\/sede-tarragona<\/a>, enviant un correu electr\u00f2nic a <a href=\"mailto:tarragona@aecc.es\">tarragona@aecc.es<\/a> o trucant al tel\u00e8fon gratu\u00eft 900 100 036.<\/p>\n\n\n\n<p>Algunes activitats tenen les places limitades.<\/p>\n\n\n\n<hr class=\"wp-block-separator is-style-wide\"\/>\n\n\n\n<p><strong>CASTELLANO |<\/strong> La Concejal\u00eda de Sanidad os informa que la AECC Catalunya Contra el C\u00e1ncer J.P. Tarragona ha programado talleres y actividades el mes de marzo. Son las siguientes:<\/p>\n\n\n\n<ul><li>1 de marzo: inicio actividad Bienestar F\u00edsico online para la zona de Tarragona. Conexi\u00f3n todos los lunes a las 16.30h con el fisIoterapeuta.<\/li><\/ul>\n\n\n\n<ul><li>4 de marzo: salimos a dar una vuelta por Tarragona los jueves a las 10h con \u201cRutas saludables\u201d con nuestro fisioterapeuta.<\/li><\/ul>\n\n\n\n<ul><li>5 de marzo: A las 11.30h inicio del taller de memoria online. 1\u00aa sesi\u00f3n: funcionamiento cerebral, fen\u00f3meno \u201cChemobrain\u201d y funciones cognitivas. Se har\u00e1 cada viernes del mes de marzo con la psicoonc\u00f3loga.<\/li><\/ul>\n\n\n\n<ul><li>Contin\u00faan tambi\u00e9n las sesiones semanales de Rehabilitaci\u00f3n Acu\u00e1tica. En el Vendrell se hacen los viernes a las 11:30h en la Piscina Municipal.<\/li><\/ul>\n\n\n\n<p>Pod\u00e9is inscribiros a las actividades a trav\u00e9s de la web: <a href=\"https:\/\/www.aecc.es\/es\/sobre-nosotros\/donde-estamos\/sede-tarragona\">https:\/\/www.aecc.es\/es\/sobre-nosotros\/donde-estamos\/sede-tarragona<\/a>, enviando un correo electr\u00f3nico a <a href=\"mailto:tarragona@aecc.es\">tarragona@aecc.es<\/a> o llamando al tel\u00e9fono gratuito 900 100 036.<\/p>\n\n\n\n<p>Algunas actividades tienen las plazas limitadas.<\/p>\n","protected":false},"excerpt":{"rendered":"<p>La Regidoria de Sanitat us informa que l\u2019AECC Catalunya Contra el C\u00e0ncer J.P. Tarragona ha programat tallers i activitats per al mes de mar\u00e7. S\u00f3n les seg\u00fcents: 1 de mar\u00e7: &hellip; <a href=\"https:\/\/bisbalpenedes.com\/web\/2021\/02\/26\/activitats-organitzades-des-de-laecc-catalunya-contra-el-cancer-j-p-tarragona\/\" class=\"more-link\">Read More<\/a><\/p>\n","protected":false},"author":4,"featured_media":16849,"comment_status":"closed","ping_status":"closed","sticky":false,"template":"","format":"standard","meta":[],"categories":[8,14],"tags":[502,4376],"_links":{"self":[{"href":"https:\/\/bisbalpenedes.com\/web\/wp-json\/wp\/v2\/posts\/16848"}],"collection":[{"href":"https:\/\/bisbalpenedes.com\/web\/wp-json\/wp\/v2\/posts"}],"about":[{"href":"https:\/\/bisbalpenedes.com\/web\/wp-json\/wp\/v2\/types\/post"}],"author":[{"embeddable":true,"href":"https:\/\/bisbalpenedes.com\/web\/wp-json\/wp\/v2\/users\/4"}],"replies":[{"embeddable":true,"href":"https:\/\/bisbalpenedes.com\/web\/wp-json\/wp\/v2\/comments?post=16848"}],"version-history":[{"count":1,"href":"https:\/\/bisbalpenedes.com\/web\/wp-json\/wp\/v2\/posts\/16848\/revisions"}],"predecessor-version":[{"id":16850,"href":"https:\/\/bisbalpenedes.com\/web\/wp-json\/wp\/v2\/posts\/16848\/revisions\/16850"}],"wp:featuredmedia":[{"embeddable":true,"href":"https:\/\/bisbalpenedes.com\/web\/wp-json\/wp\/v2\/media\/16849"}],"wp:attachment":[{"href":"https:\/\/bisbalpenedes.com\/web\/wp-json\/wp\/v2\/media?parent=16848"}],"wp:term":[{"taxonomy":"category","embeddable":true,"href":"https:\/\/bisbalpenedes.com\/web\/wp-json\/wp\/v2\/categories?post=16848"},{"taxonomy":"post_tag","embeddable":true,"href":"https:\/\/bisbalpenedes.com\/web\/wp-json\/wp\/v2\/tags?post=16848"}],"curies":[{"name":"wp","href":"https:\/\/api.w.org\/{rel}","templated":true}]}}