{"id":16841,"date":"2021-02-26T20:22:19","date_gmt":"2021-02-26T18:22:19","guid":{"rendered":"https:\/\/bisbalpenedes.com\/web\/?p=16841"},"modified":"2021-02-26T20:22:19","modified_gmt":"2021-02-26T18:22:19","slug":"el-consultori-medic-comenca-a-vacunar-les-persones-mes-grans-de-80-anys-i-dependents-del-municipi","status":"publish","type":"post","link":"https:\/\/bisbalpenedes.com\/web\/2021\/02\/26\/el-consultori-medic-comenca-a-vacunar-les-persones-mes-grans-de-80-anys-i-dependents-del-municipi\/","title":{"rendered":"El consultori m\u00e8dic comen\u00e7a a vacunar les persones m\u00e9s grans de 80 anys i dependents del municipi"},"content":{"rendered":"\n<p>Aquest divendres 26 de febrer ha comen\u00e7at la vacunaci\u00f3 de persones majors de 80 anys i de persones amb depend\u00e8ncia al consultori de La Bisbal del Pened\u00e8s. Des de l\u2019\u00c0rea B\u00e0sica de Salut del Vendrell aniran avisant les persones que formin part d\u2019aquests grups perqu\u00e8 vagin a vacunar-se contra la COVID-19.<\/p>\n\n\n\n<hr class=\"wp-block-separator is-style-wide\"\/>\n\n\n\n<p>Este viernes 26 de febrero ha empezado la vacunaci\u00f3n de personas mayores de 80 a\u00f1os y de personas con dependencia en el consultorio de La Bisbal del Pened\u00e8s. Desde el \u00c1rea B\u00e1sica de Salud del Vendrell ir\u00e1n avisando a las personas que formen parte de estos grupos para que vayan a vacunarse contra la COVID-19.<\/p>\n","protected":false},"excerpt":{"rendered":"<p>Aquest divendres 26 de febrer ha comen\u00e7at la vacunaci\u00f3 de persones majors de 80 anys i de persones amb depend\u00e8ncia al consultori de La Bisbal del Pened\u00e8s. Des de l\u2019\u00c0rea &hellip; <a href=\"https:\/\/bisbalpenedes.com\/web\/2021\/02\/26\/el-consultori-medic-comenca-a-vacunar-les-persones-mes-grans-de-80-anys-i-dependents-del-municipi\/\" class=\"more-link\">Read More<\/a><\/p>\n","protected":false},"author":4,"featured_media":16842,"comment_status":"closed","ping_status":"closed","sticky":false,"template":"","format":"standard","meta":[],"categories":[8,14],"tags":[3550,3559,4375,28,434],"_links":{"self":[{"href":"https:\/\/bisbalpenedes.com\/web\/wp-json\/wp\/v2\/posts\/16841"}],"collection":[{"href":"https:\/\/bisbalpenedes.com\/web\/wp-json\/wp\/v2\/posts"}],"about":[{"href":"https:\/\/bisbalpenedes.com\/web\/wp-json\/wp\/v2\/types\/post"}],"author":[{"embeddable":true,"href":"https:\/\/bisbalpenedes.com\/web\/wp-json\/wp\/v2\/users\/4"}],"replies":[{"embeddable":true,"href":"https:\/\/bisbalpenedes.com\/web\/wp-json\/wp\/v2\/comments?post=16841"}],"version-history":[{"count":1,"href":"https:\/\/bisbalpenedes.com\/web\/wp-json\/wp\/v2\/posts\/16841\/revisions"}],"predecessor-version":[{"id":16843,"href":"https:\/\/bisbalpenedes.com\/web\/wp-json\/wp\/v2\/posts\/16841\/revisions\/16843"}],"wp:featuredmedia":[{"embeddable":true,"href":"https:\/\/bisbalpenedes.com\/web\/wp-json\/wp\/v2\/media\/16842"}],"wp:attachment":[{"href":"https:\/\/bisbalpenedes.com\/web\/wp-json\/wp\/v2\/media?parent=16841"}],"wp:term":[{"taxonomy":"category","embeddable":true,"href":"https:\/\/bisbalpenedes.com\/web\/wp-json\/wp\/v2\/categories?post=16841"},{"taxonomy":"post_tag","embeddable":true,"href":"https:\/\/bisbalpenedes.com\/web\/wp-json\/wp\/v2\/tags?post=16841"}],"curies":[{"name":"wp","href":"https:\/\/api.w.org\/{rel}","templated":true}]}}