{"id":16836,"date":"2021-02-26T14:20:59","date_gmt":"2021-02-26T12:20:59","guid":{"rendered":"https:\/\/bisbalpenedes.com\/web\/?p=16836"},"modified":"2021-02-26T14:20:59","modified_gmt":"2021-02-26T12:20:59","slug":"sinicia-la-tramitacio-de-la-venda-duna-part-duna-parcella-del-poligon-de-les-planes-baixes-que-es-de-propietat-municipal","status":"publish","type":"post","link":"https:\/\/bisbalpenedes.com\/web\/2021\/02\/26\/sinicia-la-tramitacio-de-la-venda-duna-part-duna-parcella-del-poligon-de-les-planes-baixes-que-es-de-propietat-municipal\/","title":{"rendered":"S\u2019inicia la tramitaci\u00f3 de la venda d\u2019una part d\u2019una parcel\u00b7la del pol\u00edgon de Les Planes Baixes que \u00e9s de propietat municipal"},"content":{"rendered":"\n<p>L\u2019Ajuntament de la Bisbal del Pened\u00e8s ha iniciat la tramitaci\u00f3 de la venda d\u2019una part d\u2019una parcel\u00b7la del pol\u00edgon de Les Planes Baixes. Tenint en compte que l\u2019Ajuntament \u00e9s propietari d\u2019un 33,64% d\u2019una parcel\u00b7la de 3.532,54 m2 i que el 66,36% restant \u00e9s propietat d\u2019una empresa, a finals de l\u2019any 2020 aquesta empresa va realitzar una oferta de compra per a la part de la parcel\u00b7la que \u00e9s propietat de l\u2019Ajuntament per un import de 529.904,03\u20ac, ja que l\u2019empresa t\u00e9 previst instal\u00b7lar-se en aquesta parcel\u00b7la.<\/p>\n\n\n\n<p>Per tot plegat, aquest dilluns 22 de febrer de 2021 la Junta de Govern local ha aprovat sol\u00b7licitar informe previ a la Direcci\u00f3 general d\u2019Administraci\u00f3 local del Departament de Governaci\u00f3, Administracions P\u00fabliques i Habitatge de la Generalitat de Catalunya. Quan arribi l\u2019informe favorable de la Generalitat, es podr\u00e0 continuar amb la tramitaci\u00f3 de la licitaci\u00f3 de la venda de la part de la parcel\u00b7la que \u00e9s de propietat municipal.<\/p>\n\n\n\n<p>L\u2019alcaldessa de la Bisbal del Pened\u00e8s, Agn\u00e8s Ferr\u00e9, ha explicat que si la venda tira endavant \u201ces destinaran els diners al projecte de canvi i soterrament de l\u2019enllumenat p\u00fablic i les canonades d\u2019aigua del barri de la Riba previst per al 2022, ja que avui en dia encara hi ha trams de fibrociment. Es tracta d\u2019un projecte que tindr\u00e0 un cost de m\u00e9s d\u2019un mili\u00f3 d\u2019euros i que es finan\u00e7ar\u00e0 amb la subvenci\u00f3 del Pla \u00danic d\u2019Obres i Serveis de Catalunya (PUOSC) 2020\/24 per un import de 273.360,26\u20ac i del Pla d\u2019Acci\u00f3 Municipal (PAM) de la Diputaci\u00f3 de Tarragona per un import de 335.000\u20ac. La resta es finan\u00e7ar\u00e0 amb fons propis municipals, com ara els que podrien procedir de la venda d\u2019aquest percentatge d\u2019una parcel\u00b7la de propietat municipal\u201d.<\/p>\n\n\n\n<hr class=\"wp-block-separator is-style-wide\"\/>\n\n\n\n<p><strong>CASTELLANO |<\/strong>&nbsp;El Ayuntamiento de la Bisbal del Pened\u00e8s ha iniciado la tramitaci\u00f3n de la venta de una parte de una parcela del pol\u00edgono de Les Planes Baixes. Teniendo en cuenta que el Ayuntamiento es propietario de un 33,64% de una parcela de 3.532,54m2 y que 66,36% restante es propiedad de una empresa, a finales del a\u00f1o 2020 esta empresa realiz\u00f3 una oferta de compra para la parte de la parcela que es propiedad del Ayuntamiento por un importe de 529.904,03\u20ac, ya que la empresa tiene previsto instalarse en esta parcela. Por todo ello, este lunes 22 de febrero de 2021 la Junta de Gobierno local ha aprobado solicitar informe previo a la Direcci\u00f3n general de Administraci\u00f3n local del Departamento de Gobernaci\u00f3n, Administraciones P\u00fablicas y Vivienda de la Generalitat de Catalunya. Cuando llegue el informe favorable de la Generalitat, se podr\u00e1 continuar con la tramitaci\u00f3n de la licitaci\u00f3n de la venta de la parte de la parcela que es de propiedad municipal. La alcaldesa de la Bisbal del Pened\u00e8s, Agn\u00e8s Ferr\u00e9, ha explicado que si la venta sale adelante \u201cse destinar\u00e1 el dinero al proyecto de cambio y soterramiento del alumbrado p\u00fablico y las tuber\u00edas de agua del barrio de la Riba previsto para el 2022, ya que hoy en d\u00eda todav\u00eda hay tramos de fibrocemento. Se trata de un proyecto que tendr\u00e1 un coste de m\u00e1s de un mill\u00f3n de euros y que se financiar\u00e1 con la subvenci\u00f3n del Plan \u00danico de Obras y Servicios de Catalunya (PUOSC) 2020\/24 por un importe de 273.360,26\u20ac y del Plan de Acci\u00f3n Municipal (PAM) de la Diputaci\u00f3n de Tarragona por un importe de 335.000\u20ac. El resto se financiar\u00e1 con fondos propios municipales, como por ejemplo los que podr\u00edan proceder de la venta de este porcentaje de una parcela de propiedad municipal\u201d.<\/p>\n","protected":false},"excerpt":{"rendered":"<p>L\u2019Ajuntament de la Bisbal del Pened\u00e8s ha iniciat la tramitaci\u00f3 de la venda d\u2019una part d\u2019una parcel\u00b7la del pol\u00edgon de Les Planes Baixes. Tenint en compte que l\u2019Ajuntament \u00e9s propietari &hellip; <a href=\"https:\/\/bisbalpenedes.com\/web\/2021\/02\/26\/sinicia-la-tramitacio-de-la-venda-duna-part-duna-parcella-del-poligon-de-les-planes-baixes-que-es-de-propietat-municipal\/\" class=\"more-link\">Read More<\/a><\/p>\n","protected":false},"author":4,"featured_media":10400,"comment_status":"closed","ping_status":"closed","sticky":false,"template":"","format":"standard","meta":[],"categories":[3085,8,15],"tags":[2770,2573,4374,446,4373],"_links":{"self":[{"href":"https:\/\/bisbalpenedes.com\/web\/wp-json\/wp\/v2\/posts\/16836"}],"collection":[{"href":"https:\/\/bisbalpenedes.com\/web\/wp-json\/wp\/v2\/posts"}],"about":[{"href":"https:\/\/bisbalpenedes.com\/web\/wp-json\/wp\/v2\/types\/post"}],"author":[{"embeddable":true,"href":"https:\/\/bisbalpenedes.com\/web\/wp-json\/wp\/v2\/users\/4"}],"replies":[{"embeddable":true,"href":"https:\/\/bisbalpenedes.com\/web\/wp-json\/wp\/v2\/comments?post=16836"}],"version-history":[{"count":1,"href":"https:\/\/bisbalpenedes.com\/web\/wp-json\/wp\/v2\/posts\/16836\/revisions"}],"predecessor-version":[{"id":16837,"href":"https:\/\/bisbalpenedes.com\/web\/wp-json\/wp\/v2\/posts\/16836\/revisions\/16837"}],"wp:featuredmedia":[{"embeddable":true,"href":"https:\/\/bisbalpenedes.com\/web\/wp-json\/wp\/v2\/media\/10400"}],"wp:attachment":[{"href":"https:\/\/bisbalpenedes.com\/web\/wp-json\/wp\/v2\/media?parent=16836"}],"wp:term":[{"taxonomy":"category","embeddable":true,"href":"https:\/\/bisbalpenedes.com\/web\/wp-json\/wp\/v2\/categories?post=16836"},{"taxonomy":"post_tag","embeddable":true,"href":"https:\/\/bisbalpenedes.com\/web\/wp-json\/wp\/v2\/tags?post=16836"}],"curies":[{"name":"wp","href":"https:\/\/api.w.org\/{rel}","templated":true}]}}