{"id":16751,"date":"2021-03-05T09:00:00","date_gmt":"2021-03-05T07:00:00","guid":{"rendered":"https:\/\/bisbalpenedes.com\/web\/?p=16751"},"modified":"2021-02-25T22:14:58","modified_gmt":"2021-02-25T20:14:58","slug":"pressupost-2021-foment-de-locupacio","status":"publish","type":"post","link":"https:\/\/bisbalpenedes.com\/web\/2021\/03\/05\/pressupost-2021-foment-de-locupacio\/","title":{"rendered":"Pressupost 2021 &#8211; Foment de l&#8217;Ocupaci\u00f3"},"content":{"rendered":"\n<p><strong>L&#8217;alcaldessa de la Bisbal del Pened\u00e8s, Agn\u00e8s Ferr\u00e9, ens parla de les despeses destinades al foment de l&#8217;Ocupaci\u00f3.<\/strong><\/p>\n\n\n\n<p><strong>&#8212;<\/strong><\/p>\n\n\n\n<p><strong>La alcaldesa de la Bisbal del Pened\u00e8s, Agn\u00e8s Ferr\u00e9, nos habla de los gastos destinados al fomento de la Ocupaci\u00f3n.<\/strong><\/p>\n\n\n\n<figure class=\"wp-block-embed is-type-video is-provider-youtube wp-block-embed-youtube wp-embed-aspect-16-9 wp-has-aspect-ratio\"><div class=\"wp-block-embed__wrapper\">\n<iframe loading=\"lazy\" title=\"Pressupost 2021 - Foment de l&#039;Ocupaci\u00f3\" width=\"1170\" height=\"658\" src=\"https:\/\/www.youtube.com\/embed\/AbHwk7bfg_w?feature=oembed\" frameborder=\"0\" allow=\"accelerometer; autoplay; clipboard-write; encrypted-media; gyroscope; picture-in-picture\" allowfullscreen><\/iframe>\n<\/div><\/figure>\n","protected":false},"excerpt":{"rendered":"<p>L&#8217;alcaldessa de la Bisbal del Pened\u00e8s, Agn\u00e8s Ferr\u00e9, ens parla de les despeses destinades al foment de l&#8217;Ocupaci\u00f3. &#8212; La alcaldesa de la Bisbal del Pened\u00e8s, Agn\u00e8s Ferr\u00e9, nos habla &hellip; <a href=\"https:\/\/bisbalpenedes.com\/web\/2021\/03\/05\/pressupost-2021-foment-de-locupacio\/\" class=\"more-link\">Read More<\/a><\/p>\n","protected":false},"author":4,"featured_media":16752,"comment_status":"closed","ping_status":"closed","sticky":false,"template":"","format":"standard","meta":[],"categories":[3835,8,9],"tags":[1151,2153,4371,4352],"_links":{"self":[{"href":"https:\/\/bisbalpenedes.com\/web\/wp-json\/wp\/v2\/posts\/16751"}],"collection":[{"href":"https:\/\/bisbalpenedes.com\/web\/wp-json\/wp\/v2\/posts"}],"about":[{"href":"https:\/\/bisbalpenedes.com\/web\/wp-json\/wp\/v2\/types\/post"}],"author":[{"embeddable":true,"href":"https:\/\/bisbalpenedes.com\/web\/wp-json\/wp\/v2\/users\/4"}],"replies":[{"embeddable":true,"href":"https:\/\/bisbalpenedes.com\/web\/wp-json\/wp\/v2\/comments?post=16751"}],"version-history":[{"count":1,"href":"https:\/\/bisbalpenedes.com\/web\/wp-json\/wp\/v2\/posts\/16751\/revisions"}],"predecessor-version":[{"id":16753,"href":"https:\/\/bisbalpenedes.com\/web\/wp-json\/wp\/v2\/posts\/16751\/revisions\/16753"}],"wp:featuredmedia":[{"embeddable":true,"href":"https:\/\/bisbalpenedes.com\/web\/wp-json\/wp\/v2\/media\/16752"}],"wp:attachment":[{"href":"https:\/\/bisbalpenedes.com\/web\/wp-json\/wp\/v2\/media?parent=16751"}],"wp:term":[{"taxonomy":"category","embeddable":true,"href":"https:\/\/bisbalpenedes.com\/web\/wp-json\/wp\/v2\/categories?post=16751"},{"taxonomy":"post_tag","embeddable":true,"href":"https:\/\/bisbalpenedes.com\/web\/wp-json\/wp\/v2\/tags?post=16751"}],"curies":[{"name":"wp","href":"https:\/\/api.w.org\/{rel}","templated":true}]}}