{"id":16647,"date":"2021-02-25T11:36:10","date_gmt":"2021-02-25T09:36:10","guid":{"rendered":"https:\/\/bisbalpenedes.com\/web\/?p=16647"},"modified":"2021-02-25T11:38:55","modified_gmt":"2021-02-25T09:38:55","slug":"sobre-el-termini-de-licitacio-de-les-obres-de-reforma-i-ampliacio-del-local-social-de-can-gordei","status":"publish","type":"post","link":"https:\/\/bisbalpenedes.com\/web\/2021\/02\/25\/sobre-el-termini-de-licitacio-de-les-obres-de-reforma-i-ampliacio-del-local-social-de-can-gordei\/","title":{"rendered":"S\u2019obre el termini de licitaci\u00f3 de les obres de reforma i ampliaci\u00f3 del local social de Can Gordei"},"content":{"rendered":"\n<p>S\u2019obre el termini per presentar propostes a la licitaci\u00f3 de l\u2019ampliaci\u00f3 i reforma del local social de Can Gordei i rampa accessible per accedir a la pista esportiva situada a la part posterior de l\u2019edifici. El cost total \u00e9s de 67.084,75\u20ac i l\u2019Ajuntament de la Bisbal del Pened\u00e8s compta amb una subvenci\u00f3 del 79,25% (\u00e9s a dir, de 53.165,47\u20ac) del Pla d\u2019Acci\u00f3 Municipal (PAM) de la Diputaci\u00f3 de Tarragona. Les empreses interessades poden presentar propostes fins al dimecres 17 de mar\u00e7 de 2021 a les 15h.<\/p>\n\n\n\n<p>L\u2019import de la licitaci\u00f3 es divideix de la seg\u00fcent manera:<\/p>\n\n\n\n<p><strong>Ampliaci\u00f3 i reforma del local social de Can Gordei: cost de 38.187,61\u20ac<\/strong><\/p>\n\n\n\n<p>Es construiran dues sales polivalents que, en un moment determinat, podrien unir-se. Aquestes podran ser utilitzades per part de l\u2019Associaci\u00f3 de Ve\u00efns, per part del bar o per part de l\u2019Ajuntament.<\/p>\n\n\n\n<figure class=\"wp-block-table\"><table><tbody><tr><td>Espai<\/td><td>Superf\u00edcie actual<\/td><td>Superf\u00edcie despr\u00e9s de les obres<\/td><\/tr><tr><td>Bar<\/td><td>106,59m2<\/td><td>89,63m2<\/td><\/tr><tr><td>Porxo<\/td><td>66,25m2<\/td><td>43,22m2<\/td><\/tr><tr><td>Sala Polivalent 1<\/td><td>&#8211;<\/td><td>22,07m2<\/td><\/tr><tr><td>Sala Polivalent 2<\/td><td>&#8211;<\/td><td>17,20m2<\/td><\/tr><\/tbody><\/table><\/figure>\n\n\n\n<p>Els espais que es quedaran amb la superf\u00edcie actual s\u00f3n la botiga, el , els banys, correus i el despatx.<\/p>\n\n\n\n<p><strong>Rampa d\u2019acc\u00e9s a la pista esportiva situada a la part posterior de l\u2019edifici: cost de 28.897,14\u20ac<\/strong><\/p>\n\n\n\n<p>En l\u2019actualitat, el local social de Can Gordei no disposa d\u2019un pas accessible cap a la pista esportiva de la part posterior. Amb aquesta rampa es vol garantir l\u2019acc\u00e9s a la pista esportiva a tothom. Per construir la rampa, s\u2019ha d\u2019enderrocar l\u2019escala existent, fer els fonaments a la base dels murs, construir parets divis\u00f2ries entre els trams de la rampa i l\u2019escala, formar nous graons, arrebossar parets, col\u00b7locar el s\u00f2col i el paviment, fixar els passamans d\u2019acer inoxidable a les rampes, als replans i a l\u2019escala i pintar parets.<\/p>\n\n\n\n<p>Presentaci\u00f3 d\u2019ofertes: els licitadors hauran de preparar i presentar les seves ofertes de forma obligat\u00f2ria a trav\u00e9s de l\u2019eina de preparaci\u00f3 i presentaci\u00f3 d\u2019ofertes de la Plataforma de Contractaci\u00f3 de la Generalitat de Catalunya. Podeu accedir a tota la informaci\u00f3 en aquest enlla\u00e7: <a href=\"https:\/\/contractaciopublica.gencat.cat\/ecofin_pscp\/AppJava\/notice.pscp?reqCode=viewCn&amp;idDoc=77015282&amp;lawType=\" target=\"_blank\" rel=\"noreferrer noopener\">https:\/\/contractaciopublica.gencat.cat\/ecofin_pscp\/AppJava\/notice.pscp?reqCode=viewCn&amp;idDoc=77015282&amp;lawType=<\/a><\/p>\n\n\n\n<hr class=\"wp-block-separator is-style-default\"\/>\n\n\n\n<p><strong>CASTELLANO | <\/strong>Se abre el plazo para presentar propuestas a la licitaci\u00f3n de la ampliaci\u00f3n y reforma del local social de Can Gordei y rampa accesible para acceder a la pista deportiva situada en la parte posterior del edificio. El coste total es de 67.084,75\u20ac y el Ayuntamiento de la Bisbal del Pened\u00e8s cuenta con una subvenci\u00f3n del 79,25% (es decir, de 53.165,57\u20ac) del Plan de Acci\u00f3n Municipal (PAM) de la Diputaci\u00f3n de Tarragona. Las empresas interesadas pueden presentar propuestas hasta el mi\u00e9rcoles 17 de marzo de 2021 a las 15h.<\/p>\n\n\n\n<p>El importe de la licitaci\u00f3n se divide de la siguiente manera:<\/p>\n\n\n\n<p><strong>Ampliaci\u00f3n y reforma del local social de Can Gordei: coste de 38.187,61\u20ac<\/strong><\/p>\n\n\n\n<p>Se construir\u00e1n dos salas polivalentes que, en un momento determinado, podr\u00edan unirse. Estas podr\u00e1n ser utilizadas por parte de la Asociaci\u00f3n de Vecinos, por parte del bar o por parte del Ayuntamiento.<\/p>\n\n\n\n<figure class=\"wp-block-table\"><table><tbody><tr><td>Espacio<\/td><td>Superficie actual<\/td><td>Superficie despu\u00e9s de las obras<\/td><\/tr><tr><td>Bar<\/td><td>106,59m2<\/td><td>89,63m2<\/td><\/tr><tr><td>Porche<\/td><td>66,25m2<\/td><td>43,22m2<\/td><\/tr><tr><td>Sala Polivalente 1<\/td><td>&#8211;<\/td><td>22,07m2<\/td><\/tr><tr><td>Sala Polivalente 2<\/td><td>&#8211;<\/td><td>17,20m2<\/td><\/tr><\/tbody><\/table><\/figure>\n\n\n\n<p>Los espacios que se quedar\u00e1n con la superficie actual son la tienda, el almac\u00e9n, los ba\u00f1os, correos y el despacho.<\/p>\n\n\n\n<p><strong>Rampa de acceso a la pista deportiva situada en la parte posterior del edificio: coste de 28.897,14\u20ac<\/strong><\/p>\n\n\n\n<p>En la actualidad, el local social de Can Gordei no dispone de un paso accesible hacia la pista deportiva de la parte posterior. Con esta rampa se quiere garantizar el acceso a la pista deportiva a todo el mundo. Para construir la rampa, se tiene que derribar la escalera existente, hacer los cimientos en la base de los muros, construir paredes divisorias entre los tramos de la rampa y la escalera, formar nuevos escalones, rebozar paredes, colocar el z\u00f3calo y el pavimento, fijar los pasamanos de acero inoxidable en las rampas, los descansillos y en la escalera y pintar las paredes.<\/p>\n\n\n\n<p>Presentaci\u00f3n de ofertas: los licitadores tendr\u00e1n que preparar i presentar sus ofertas de forma obligatoria a trav\u00e9s de la herramienta de preparaci\u00f3n y presentaci\u00f3n de ofertas de la Plataforma de Contrataci\u00f3n de la Generalitat de Catalunya. Pod\u00e9is acceder a toda la informaci\u00f3n en este enlace: <a href=\"https:\/\/contractaciopublica.gencat.cat\/ecofin_pscp\/AppJava\/notice.pscp?reqCode=viewCn&amp;idDoc=77015282&amp;lawType=\" target=\"_blank\" rel=\"noreferrer noopener\">https:\/\/contractaciopublica.gencat.cat\/ecofin_pscp\/AppJava\/notice.pscp?reqCode=viewCn&amp;idDoc=77015282&amp;lawType=<\/a><\/p>\n","protected":false},"excerpt":{"rendered":"<p>S\u2019obre el termini per presentar propostes a la licitaci\u00f3 de l\u2019ampliaci\u00f3 i reforma del local social de Can Gordei i rampa accessible per accedir a la pista esportiva situada a &hellip; <a href=\"https:\/\/bisbalpenedes.com\/web\/2021\/02\/25\/sobre-el-termini-de-licitacio-de-les-obres-de-reforma-i-ampliacio-del-local-social-de-can-gordei\/\" class=\"more-link\">Read More<\/a><\/p>\n","protected":false},"author":4,"featured_media":13645,"comment_status":"closed","ping_status":"closed","sticky":false,"template":"","format":"standard","meta":[],"categories":[4287,8,15],"tags":[198,267,247,21,4364,1517,4363],"_links":{"self":[{"href":"https:\/\/bisbalpenedes.com\/web\/wp-json\/wp\/v2\/posts\/16647"}],"collection":[{"href":"https:\/\/bisbalpenedes.com\/web\/wp-json\/wp\/v2\/posts"}],"about":[{"href":"https:\/\/bisbalpenedes.com\/web\/wp-json\/wp\/v2\/types\/post"}],"author":[{"embeddable":true,"href":"https:\/\/bisbalpenedes.com\/web\/wp-json\/wp\/v2\/users\/4"}],"replies":[{"embeddable":true,"href":"https:\/\/bisbalpenedes.com\/web\/wp-json\/wp\/v2\/comments?post=16647"}],"version-history":[{"count":2,"href":"https:\/\/bisbalpenedes.com\/web\/wp-json\/wp\/v2\/posts\/16647\/revisions"}],"predecessor-version":[{"id":16649,"href":"https:\/\/bisbalpenedes.com\/web\/wp-json\/wp\/v2\/posts\/16647\/revisions\/16649"}],"wp:featuredmedia":[{"embeddable":true,"href":"https:\/\/bisbalpenedes.com\/web\/wp-json\/wp\/v2\/media\/13645"}],"wp:attachment":[{"href":"https:\/\/bisbalpenedes.com\/web\/wp-json\/wp\/v2\/media?parent=16647"}],"wp:term":[{"taxonomy":"category","embeddable":true,"href":"https:\/\/bisbalpenedes.com\/web\/wp-json\/wp\/v2\/categories?post=16647"},{"taxonomy":"post_tag","embeddable":true,"href":"https:\/\/bisbalpenedes.com\/web\/wp-json\/wp\/v2\/tags?post=16647"}],"curies":[{"name":"wp","href":"https:\/\/api.w.org\/{rel}","templated":true}]}}